{"id":64381,"date":"2025-02-25T10:46:20","date_gmt":"2025-02-25T09:46:20","guid":{"rendered":"https:\/\/www.andamur.com\/noticias\/gran-acogida-del-iii-foro-internacional-mujer-y-sector-transporte-en-malaga\/"},"modified":"2025-02-25T10:57:36","modified_gmt":"2025-02-25T09:57:36","slug":"grande-rececao-do-iii-forum-internacional-sobre-as-mulheres-e-o-setor-dos-transportes-em-malaga","status":"publish","type":"post","link":"https:\/\/www.andamur.com\/pt-pt\/novidades\/grande-rececao-do-iii-forum-internacional-sobre-as-mulheres-e-o-setor-dos-transportes-em-malaga\/","title":{"rendered":"Grande rece\u00e7\u00e3o do III F\u00f3rum Internacional sobre as Mulheres e o Setor dos Transportes em M\u00e1laga"},"content":{"rendered":"<p>O <strong>III F\u00f3rum Internacional sobre a Mulher e o Setor dos Transportes <\/strong>voltou a superar todas as expectativas, consolidando-se como um evento de refer\u00eancia no sector. O evento, que decorreu ontem, dia 20 de fevereiro, no Museu do Autom\u00f3vel de M\u00e1laga, reuniu figuras de destaque do sector do transporte rodovi\u00e1rio, <strong>dando visibilidade ao papel da mulher nesta ind\u00fastria e gerando um espa\u00e7o de debate enriquecedor <\/strong>sobre os <strong>desafios e oportunidades <\/strong>do futuro.<\/p>\n<p>Desde o in\u00edcio da sess\u00e3o, foi sublinhada a necessidade de realizar mais progressos em mat\u00e9ria de igualdade entre homens e mulheres e de reconhecer o contributo das mulheres no sector dos transportes.<\/p>\n<p><strong>Um evento com protagonistas de alto n\u00edvel<\/strong><\/p>\n<p>O dia come\u00e7ou \u00e0s 10:00 com um discurso de boas-vindas do nosso CEO <a href=\"https:\/\/www.linkedin.com\/in\/miguel-%C3%A1ngel-l%C3%B3pez-s%C3%A1nchez-a7759789\/\" target=\"_blank\" rel=\"noopener\"><strong>Miguel \u00c1ngel L\u00f3pez<\/strong><\/a>, que destacou a import\u00e2ncia de eventos como este para continuar a promover a diversidade e a inclus\u00e3o no sector. Cont\u00e1mos tamb\u00e9m com a interven\u00e7\u00e3o de <a href=\"https:\/\/www.linkedin.com\/in\/roser-obrer-marco-ab98802a\/\" target=\"_blank\" rel=\"noopener\"><strong>Roser Obrer<\/strong><\/a><strong>, Diretora-Geral dos Transportes Rodovi\u00e1rios e Ferrovi\u00e1rios do Minist\u00e9rio dos Transportes e da Mobilidade Sustent\u00e1vel<\/strong>, que sublinhou o papel fundamental das mulheres na evolu\u00e7\u00e3o dos transportes.<\/p>\n<div class=\"ecode_shortcode_video\" data-id-video=\"1aYvnAnkydM\" data-type-video=\"youtube\"><i><svg width=\"100px\" height=\"71px\" viewBox=\"0 0 100 71\" version=\"1.1\" xmlns=\"http:\/\/www.w3.org\/2000\/svg\" xmlns:xlink=\"http:\/\/www.w3.org\/1999\/xlink\"><g stroke=\"none\" stroke-width=\"1\" fill=\"none\" fill-rule=\"evenodd\"><g transform=\"translate(-366.000000, -261.000000)\" fill=\"#C4302B\" fill-rule=\"nonzero\"><g transform=\"translate(366.000000, 261.000000)\"><path d=\"M79.2312815,0 L20.7687185,0 C9.29846139,0 0,9.29846139 0,20.7687185 L0,49.9938178 C0,61.4640749 9.29846139,70.7625363 20.7687185,70.7625363 L79.2312815,70.7625363 C90.7015386,70.7625363 100,61.4640749 100,49.9938178 L100,20.7687185 C100,9.29846139 90.7015386,0 79.2312815,0 Z M65.1855419,36.803174 L37.8406988,49.8450112 C37.112067,50.1925159 36.2704202,49.6612806 36.2704202,48.854124 L36.2704202,21.9552669 C36.2704202,21.1366136 37.1341928,20.6060291 37.864343,20.9760933 L65.2091861,34.8331132 C66.0221995,35.2450429 66.0080998,36.4109839 65.1855419,36.803174 Z\"><\/path><\/g><\/g><\/g><\/svg><\/i><picture><source media=\"(min-width:1024px)\" srcset=\"https:\/\/img.youtube.com\/vi\/1aYvnAnkydM\/maxresdefault.jpg\"><img decoding=\"async\" loading=\"lazy\" src=\"https:\/\/img.youtube.com\/vi\/1aYvnAnkydM\/hqdefault.jpg\" alt=\"Video - Grande rece\u00e7\u00e3o do III F\u00f3rum Internacional sobre as Mulheres e o Setor dos Transportes em M\u00e1laga\"><\/picture><\/div>\n<p><strong>Reflex\u00f5es inspiradoras <\/strong><\/p>\n<p>A primeira apresenta\u00e7\u00e3o do dia foi feita por <a href=\"https:\/\/www.linkedin.com\/in\/isabelsanchezserrano\/\" target=\"_blank\" rel=\"noopener\"><strong>Isabel S\u00e1nchez Serrano<\/strong><\/a><strong>, CEO do <\/strong><a href=\"https:\/\/www.disfrimur.com\/\" target=\"_blank\" rel=\"noopener\"><strong>Grupo Disfrimur<\/strong><\/a><strong>, <\/strong>que partilhou a sua experi\u00eancia e reflectiu sobre os desafios e oportunidades que as mulheres enfrentam no sector. No seu discurso, fez uma viagem no tempo, recordando a evolu\u00e7\u00e3o do papel das mulheres no local de trabalho e na sociedade. Contou os prim\u00f3rdios da Disfrimur como uma mercearia e como, com tenacidade e esfor\u00e7o, cresceram at\u00e9 se tornarem naquilo que s\u00e3o hoje.<\/p>\n<p><img decoding=\"async\" loading=\"lazy\" src=\"https:\/\/www.andamur.com\/wp-content\/uploads\/2025\/02\/Ponencia-Isabel-Disfrimur.jpg\" alt=\"Ponencia isabel disfrimur\" width=\"951\" height=\"634\" class=\"aligncenter wp-image-64342 size-full\" srcset=\"https:\/\/www.andamur.com\/wp-content\/uploads\/2025\/02\/Ponencia-Isabel-Disfrimur.jpg 951w, https:\/\/www.andamur.com\/wp-content\/uploads\/2025\/02\/Ponencia-Isabel-Disfrimur-350x233.jpg 350w, https:\/\/www.andamur.com\/wp-content\/uploads\/2025\/02\/Ponencia-Isabel-Disfrimur-768x512.jpg 768w\" sizes=\"auto, (max-width: 951px) 100vw, 951px\" \/><\/p>\n<p>Por \u00faltimo, Isabel prestou homenagem \u00e0s mulheres camionistas com tr\u00eas v\u00eddeos comoventes, nos quais tr\u00eas profissionais da sua empresa, com nome e apelido, partilharam as suas experi\u00eancias e uma mensagem clara de entusiasmo e amor pela sua profiss\u00e3o.<\/p>\n<p>Seguiu-se <strong>a primeira mesa redonda<\/strong>, que se centrou no papel das mulheres empres\u00e1rias no sector dos transportes. Moderada por <a href=\"https:\/\/www.linkedin.com\/in\/amanda-aquino\/\" target=\"_blank\" rel=\"noopener\"><strong>Amanda Aquino<\/strong><\/a>, contou com a presen\u00e7a de l\u00edderes de relevo como <strong>Ema Leit\u00e3o <\/strong>(Estrat\u00e9gia e Gest\u00e3o de Contratos &#8211; Transportes Nogueira &#8211; Portugal), <strong>Joanna Wachowiak-Jurasz <\/strong>(Gestora &#8211; Guess Polska &#8211; Pol\u00f3nia), <a href=\"https:\/\/www.linkedin.com\/in\/marta-s%C3%A1nchez-l%C3%B3pez-lago-3364a319\/\" target=\"_blank\" rel=\"noopener\"><strong>Marta S\u00e1nchez L\u00f3pez-Lago<\/strong><\/a> (Propriet\u00e1ria &#8211; Transportes Narval &#8211; Espanha) e <a href=\"https:\/\/www.linkedin.com\/in\/maria-luz-cobos-rodr%C3%ADguez\/\" target=\"_blank\" rel=\"noopener\"><strong>Mari Luz Cobos<\/strong><\/a> (Diretora Geral &#8211; <a href=\"https:\/\/www.linkedin.com\/company\/transahersmartlogistics\/\" target=\"_blank\" rel=\"noopener\">Grupo Transaher<\/a> &#8211; Espanha). Neste debate, foram analisadas as estrat\u00e9gias de lideran\u00e7a e a import\u00e2ncia de promover a presen\u00e7a de mulheres em cargos de topo no sector.<\/p>\n<p>Os participantes partilharam as chaves para fazer face a um mercado em mudan\u00e7a, destacando a import\u00e2ncia da negocia\u00e7\u00e3o, do trabalho di\u00e1rio, do esfor\u00e7o e da capacidade. Sublinharam que o sector precisa de talento e paix\u00e3o e que a ativa\u00e7\u00e3o de um sistema de escuta ativa \u00e9 fundamental para compreender as necessidades do mercado e adaptar a empresa.<\/p>\n<p>Um dos temas recorrentes foi o da seguran\u00e7a, tanto nos parques de estacionamento como nas \u00e1reas de servi\u00e7o, salientando o problema da insufici\u00eancia da rede de parques de seguran\u00e7a. O equil\u00edbrio entre a vida profissional e pessoal foi tamb\u00e9m um grande desafio, n\u00e3o s\u00f3 para as mulheres, mas para todos os profissionais do sector. Al\u00e9m disso, foi apontada a relev\u00e2ncia da tecnologia e da intelig\u00eancia artificial na otimiza\u00e7\u00e3o dos processos e na moderniza\u00e7\u00e3o dos transportes.<\/p>\n<p><strong>Marta Sanchez<\/strong> afirmou: <em>&#8220;N\u00e3o \u00e9 dada visibilidade suficiente \u00e0s contribui\u00e7\u00f5es tecnol\u00f3gicas do sector. Joanna acrescentou: &#8220;Em rela\u00e7\u00e3o \u00e0 tecnologia, tentamos antecipar e concentrar-nos no futuro pr\u00f3ximo para estarmos o mais preparados poss\u00edvel. Mari Luz salientou que &#8220;a tecnologia \u00e9 importante para melhorar a sustentabilidade e, ao mesmo tempo, ser economicamente sustent\u00e1vel&#8221;.<\/em><\/p>\n<p><img decoding=\"async\" loading=\"lazy\" src=\"https:\/\/www.andamur.com\/wp-content\/uploads\/2025\/02\/Empresarias.jpg\" alt=\"Empresarias\" width=\"974\" height=\"649\" class=\"aligncenter wp-image-64347 size-full\" srcset=\"https:\/\/www.andamur.com\/wp-content\/uploads\/2025\/02\/Empresarias.jpg 974w, https:\/\/www.andamur.com\/wp-content\/uploads\/2025\/02\/Empresarias-350x233.jpg 350w, https:\/\/www.andamur.com\/wp-content\/uploads\/2025\/02\/Empresarias-768x512.jpg 768w\" sizes=\"auto, (max-width: 974px) 100vw, 974px\" \/><\/p>\n<p>Sobre como gerir o stress, <strong>Marta<\/strong> definiu-o como <em>&#8220;um sector moderno, divertido e din\u00e2mico, que permite evoluir e fazer parte das mudan\u00e7as, o que \u00e9 muito motivador para lidar com o stress que gera&#8221;<\/em>, ao que <strong>Joanna<\/strong> acrescentou que, de facto, <em>&#8220;o stress \u00e9 motivador, \u00e9 preciso tomar decis\u00f5es r\u00e1pidas para ter o m\u00e1ximo controlo sobre o que acontece&#8221;<\/em>. <strong>Mari Luz<\/strong> acrescentou: <em>&#8220;\u00c9 importante n\u00e3o procrastinar e rodear-se de uma equipa competente em quem se possa delegar e em quem se possa confiar.&#8221;<\/em><\/p>\n<p>Em termos de lideran\u00e7a, <strong>Marta<\/strong> sublinhou que <em>&#8220;o mais importante \u00e9 fazer crescer o seu ambiente, que a sua experi\u00eancia ajude os outros a crescer&#8221;<\/em>. <strong>Ema<\/strong> acrescentou: <em>&#8220;\u00c9 muito importante influenciar as novas gera\u00e7\u00f5es, promover e tornar o sector vis\u00edvel&#8221;.<\/em><\/p>\n<p>Ap\u00f3s a mesa redonda, os participantes puderam desfrutar de uma pausa para caf\u00e9, criando um espa\u00e7o para o estabelecimento de contactos e liga\u00e7\u00f5es entre eles.<\/p>\n<p>Seguiu-se uma interven\u00e7\u00e3o especial de <a href=\"https:\/\/www.linkedin.com\/in\/elisa-capote-puerto-a5a91a119\/\" target=\"_blank\" rel=\"noopener\"><strong>Elisa Capote<\/strong><\/a><strong>, Diretora-Geral da DAC Docencia<\/strong>, na qual afirmou que <em>&#8220;com a forma\u00e7\u00e3o podemos abrir novos caminhos, onde a colabora\u00e7\u00e3o da administra\u00e7\u00e3o \u00e9 importante para a incorpora\u00e7\u00e3o dos estudantes no mundo do trabalho, proporcionando-lhes facilidades e eliminando os obst\u00e1culos que enfrentam atualmente. \u00c9 importante motivar, tornar vis\u00edvel, formar e informar&#8221;.<\/em><\/p>\n<p><img decoding=\"async\" loading=\"lazy\" src=\"https:\/\/www.andamur.com\/wp-content\/uploads\/2025\/02\/Elisa-Capote.jpg\" alt=\"Elisa capote\" width=\"981\" height=\"654\" class=\"aligncenter wp-image-64352 size-full\" srcset=\"https:\/\/www.andamur.com\/wp-content\/uploads\/2025\/02\/Elisa-Capote.jpg 981w, https:\/\/www.andamur.com\/wp-content\/uploads\/2025\/02\/Elisa-Capote-350x233.jpg 350w, https:\/\/www.andamur.com\/wp-content\/uploads\/2025\/02\/Elisa-Capote-768x512.jpg 768w\" sizes=\"auto, (max-width: 981px) 100vw, 981px\" \/><\/p>\n<p><strong>Camionistas: experi\u00eancias na primeira pessoa<\/strong><\/p>\n<p>A pausa para o caf\u00e9 foi seguida de uma mesa redonda dedicada \u00e0s mulheres camionistas. Esta mesa redonda, moderada por <a href=\"https:\/\/www.linkedin.com\/in\/azucenamar%C3%ADn\/\" target=\"_blank\" rel=\"noopener\"><strong>Azucena Mar\u00edn<\/strong><\/a>, contou com os testemunhos de <a href=\"https:\/\/www.instagram.com\/oh_nataliii\/\" target=\"_blank\" rel=\"noopener\"><strong>Natalia S\u00f3wka<\/strong><\/a> (Pol\u00f3nia), <strong>Amal Rannane <\/strong>(Marrocos), <strong>Normania Pereira <\/strong>(Portugal) e <strong>Mar Gonz\u00e1lez <\/strong>(Espanha), que partilharam as suas experi\u00eancias na estrada, os desafios que enfrentam e as solu\u00e7\u00f5es para melhorar as condi\u00e7\u00f5es no sector.<\/p>\n<p>A seguran\u00e7a foi uma das principais preocupa\u00e7\u00f5es. Os oradores salientaram a necessidade de infra-estruturas adaptadas, de uma maior seguran\u00e7a nas \u00e1reas de descanso e de um melhor equil\u00edbrio entre a vida profissional e a vida familiar<\/p>\n<p>Os participantes partilharam algumas das dicas que aprenderam com a sua experi\u00eancia de condu\u00e7\u00e3o. <strong>Normania<\/strong> disse: <em>&#8220;\u00c9 essencial estabelecer mecanismos de auto-prote\u00e7\u00e3o&#8221;<\/em>. <strong>Natalia<\/strong> explicou que, para evitar situa\u00e7\u00f5es desagrad\u00e1veis, tem um gerador e um chuveiro no seu cami\u00e3o. <strong>Mar<\/strong> sublinhou que: <em>&#8220;\u00c9 necess\u00e1rio fazer paragens que nos permitam sentir em casa, que nos proporcionem servi\u00e7os para estarmos tranquilos e podermos fazer a higiene e o descanso de forma adequada&#8221;<\/em>. Todos concordaram que consideram a rede de \u00e1reas de servi\u00e7o e parques de estacionamento de seguran\u00e7a da Andamur como um espa\u00e7o agrad\u00e1vel, seguro e fi\u00e1vel para as suas pausas.<\/p>\n<p><img decoding=\"async\" loading=\"lazy\" src=\"https:\/\/www.andamur.com\/wp-content\/uploads\/2025\/02\/Camioneras.jpg\" alt=\"Camioneras\" width=\"970\" height=\"647\" class=\"aligncenter wp-image-64357 size-full\" srcset=\"https:\/\/www.andamur.com\/wp-content\/uploads\/2025\/02\/Camioneras.jpg 970w, https:\/\/www.andamur.com\/wp-content\/uploads\/2025\/02\/Camioneras-350x233.jpg 350w, https:\/\/www.andamur.com\/wp-content\/uploads\/2025\/02\/Camioneras-768x512.jpg 768w\" sizes=\"auto, (max-width: 970px) 100vw, 970px\" \/><\/p>\n<p>O cami\u00e3o, para muitos deles, \u00e9 um modo de vida. <em>&#8220;\u00c9 um modo de vida que nos permite desenvolver e pensar em muitas coisas, d\u00e1-nos a possibilidade de ver o horizonte e decidir para onde queremos ir&#8221;<\/em>, comentou <strong>Normania. Amal<\/strong> acrescentou a <em>&#8220;capacidade de ser independente, de ser capaz de decidir&#8221;<\/em>. <strong>Natalia<\/strong> salientou que<em> &#8220;o cami\u00e3o oferece-nos momentos agrad\u00e1veis, depois do trabalho podemos desfrutar de uma paragem em diferentes pontos do mapa, admirar paisagens e conhecer lugares diferentes&#8221;<\/em>. Um ponto comum a todos eles \u00e9 o facto de, apesar das dificuldades, a paix\u00e3o pela sua profiss\u00e3o ser a for\u00e7a motriz que os faz continuar.<\/p>\n<p><strong>Pr\u00e9mios WOW: reconhecimento do talento e do empenho<\/strong><\/p>\n<p>Um dos momentos mais esperados do dia foi a entrega dos <strong>Pr\u00e9mios WOW<\/strong>, criados pela Andamur para reconhecer o esfor\u00e7o, a dedica\u00e7\u00e3o e a trajet\u00f3ria de mulheres e entidades que est\u00e3o a contribuir para a mudan\u00e7a no sector dos transportes. A apresenta\u00e7\u00e3o esteve a cargo de <strong>\u00c1ngeles Ruiz<\/strong>, Diretora de Marketing &amp; Costumer Service, que destacou a import\u00e2ncia destes pr\u00e9mios para dar visibilidade ao talento feminino no sector e premiar o esfor\u00e7o para ser um motor de mudan\u00e7a.<\/p>\n<p>Nesta edi\u00e7\u00e3o, um j\u00fari composto por especialistas do sector, tanto internos como externos \u00e0 Andamur, avaliou com rigor e objetividade a multiplicidade de candidaturas apresentadas. No final, foram selecionados tr\u00eas profissionais para receber este reconhecimento, que visa destacar o seu talento e a sua contribui\u00e7\u00e3o para o sector.<\/p>\n<p><img decoding=\"async\" loading=\"lazy\" src=\"https:\/\/www.andamur.com\/wp-content\/uploads\/2025\/02\/Premios-WOW-Andamur-108.jpg\" alt=\"Premios wow andamur 108\" width=\"925\" height=\"616\" class=\"aligncenter wp-image-64362 size-full\" srcset=\"https:\/\/www.andamur.com\/wp-content\/uploads\/2025\/02\/Premios-WOW-Andamur-108.jpg 925w, https:\/\/www.andamur.com\/wp-content\/uploads\/2025\/02\/Premios-WOW-Andamur-108-350x233.jpg 350w, https:\/\/www.andamur.com\/wp-content\/uploads\/2025\/02\/Premios-WOW-Andamur-108-768x511.jpg 768w\" sizes=\"auto, (max-width: 925px) 100vw, 925px\" \/><\/p>\n<p>Estes pr\u00e9mios est\u00e3o divididos em v\u00e1rias categorias:<\/p>\n<ul>\n<li><strong>Pr\u00e9mio Vida sobre Rodas<\/strong>, atribu\u00eddo a <strong>Mar\u00eda Dolores Rodr\u00edguez<\/strong>, em reconhecimento da sua coragem e determina\u00e7\u00e3o para se tornar uma camionista independente ap\u00f3s anos de esfor\u00e7o e dedica\u00e7\u00e3o. O pr\u00e9mio foi entregue por <a href=\"https:\/\/www.linkedin.com\/in\/michela-avataneo-5b441a32\/\" target=\"_blank\" rel=\"noopener\"><strong>Michela Avataneo<\/strong><\/a>, Diretora de Desenvolvimento Empresarial da Andamur, e <a href=\"https:\/\/www.linkedin.com\/in\/natalia-blanco-diaz-b93681138\/\" target=\"_blank\" rel=\"noopener\"><strong>Natalia Blanco<\/strong><\/a>, Gerente da Apetamcor.<\/li>\n<li><strong>Pr\u00e9mio Gest\u00e3o Inovadora<\/strong>, atribu\u00eddo a <strong>Yolanda \u00c1guila<\/strong>, pela sua contribui\u00e7\u00e3o para a digitaliza\u00e7\u00e3o, forma\u00e7\u00e3o e moderniza\u00e7\u00e3o do sector, bem como pelo seu papel na cria\u00e7\u00e3o da primeira Associa\u00e7\u00e3o de Transporte Rodovi\u00e1rio de Mercadorias em Almeria. O pr\u00e9mio foi entregue por <a href=\"https:\/\/www.linkedin.com\/in\/almudenagarciaescudero\/\" target=\"_blank\" rel=\"noopener\"><strong>Almudena Garc\u00eda Escudero<\/strong><\/a>, Diretora de Inova\u00e7\u00e3o da Andamur, e <a href=\"https:\/\/www.linkedin.com\/in\/mercedescliment\/\" target=\"_blank\" rel=\"noopener\"><strong>Mercedes Climent<\/strong><\/a>, Diretora de Compras da CCT Safor.<\/li>\n<li><strong>Pr\u00e9mio Carreira Empresarial<\/strong>, atribu\u00eddo a <strong>Marta S\u00e1nchez<\/strong>, pela sua lideran\u00e7a na gest\u00e3o e crescimento da sua empresa familiar, consolidando-a como uma refer\u00eancia no sector com uma extensa rede de distribui\u00e7\u00e3o em Espanha e Portugal. O pr\u00e9mio foi entregue por <a href=\"https:\/\/www.linkedin.com\/in\/adela-romera-69275a150\/\" target=\"_blank\" rel=\"noopener\"><strong>Adela Romera<\/strong><\/a>, Coordenadora Comercial da Andamur, e <a href=\"https:\/\/www.linkedin.com\/in\/lorenaballester\/\" target=\"_blank\" rel=\"noopener\"><strong>Lorena Ballester<\/strong><\/a>, CEO do Grupo Chema Ballester.<\/li>\n<li><strong>Pr\u00e9mio de Honra<\/strong>, entregue por Miguel \u00c1ngel L\u00f3pez, CEO da Andamur, em reconhecimento de uma contribui\u00e7\u00e3o excecional para o sector. Este pr\u00e9mio foi recebido por <strong>Mar\u00eda Dolores S\u00e1nchez<\/strong>, sua m\u00e3e, numa cerim\u00f3nia de encerramento emocionante.<\/li>\n<\/ul>\n<p>Com esta iniciativa, a Andamur reafirma o seu compromisso com a igualdade de oportunidades e continua a promover o reconhecimento das mulheres no sector dos transportes, tornando vis\u00edvel o seu contributo essencial e promovendo um futuro mais equitativo para todos.<\/p>\n<p><img decoding=\"async\" loading=\"lazy\" src=\"https:\/\/www.andamur.com\/wp-content\/uploads\/2025\/02\/Publico.jpg\" alt=\"Publico\" width=\"873\" height=\"582\" class=\"aligncenter wp-image-64367 size-full\" srcset=\"https:\/\/www.andamur.com\/wp-content\/uploads\/2025\/02\/Publico.jpg 873w, https:\/\/www.andamur.com\/wp-content\/uploads\/2025\/02\/Publico-350x233.jpg 350w, https:\/\/www.andamur.com\/wp-content\/uploads\/2025\/02\/Publico-768x512.jpg 768w\" sizes=\"auto, (max-width: 873px) 100vw, 873px\" \/><\/p>\n<p><strong>Um passo em dire\u00e7\u00e3o a um futuro mais inclusivo<\/strong><\/p>\n<p>O III F\u00f3rum Internacional Mulheres e Setor dos Transportes foi um <strong>encontro inspirador <\/strong>que nos incentiva a continuar a trabalhar por um sector mais igualit\u00e1rio e diversificado. Da Andamur<strong>, reafirmamos o nosso compromisso com a igualdade de g\u00e9nero<\/strong>, convencidos de que a colabora\u00e7\u00e3o e a diversidade s\u00e3o fundamentais para o crescimento do sector dos transportes.<\/p>\n<p>Se quiser ver todo o evento, pode assistir ao v\u00eddeo <a href=\"https:\/\/www.youtube.com\/live\/xWHnJXYmrCk\" target=\"_blank\" rel=\"noopener\">aqui.<\/a><\/p>\n","protected":false},"excerpt":{"rendered":"<p>O III F\u00f3rum Internacional sobre a Mulher e o Setor dos Transportes voltou a superar todas as expectativas, consolidando-se como um evento de refer\u00eancia no sector. O evento, que decorreu ontem, dia 20 de fevereiro, no Museu do Autom\u00f3vel de M\u00e1laga, reuniu figuras de destaque do sector do transporte rodovi\u00e1rio, dando visibilidade ao papel da [&hellip;]<\/p>\n","protected":false},"author":1,"featured_media":64376,"comment_status":"closed","ping_status":"open","sticky":false,"template":"","format":"standard","meta":{"_acf_changed":false,"footnotes":""},"categories":[68],"tags":[],"class_list":["post-64381","post","type-post","status-publish","format-standard","has-post-thumbnail","hentry","category-novidades"],"acf":[],"yoast_head":"<!-- This site is optimized with the Yoast SEO plugin v25.4 - https:\/\/yoast.com\/wordpress\/plugins\/seo\/ -->\n<title>Grande rece\u00e7\u00e3o do III F\u00f3rum Internacional sobre as Mulheres e o Setor dos Transportes em M\u00e1laga - Andamur<\/title>\n<meta name=\"robots\" content=\"index, follow, max-snippet:-1, max-image-preview:large, max-video-preview:-1\" \/>\n<link rel=\"canonical\" href=\"https:\/\/www.andamur.com\/pt-pt\/andamur-pt-pt\/grande-rececao-do-iii-forum-internacional-sobre-as-mulheres-e-o-setor-dos-transportes-em-malaga\/\" \/>\n<meta property=\"og:locale\" content=\"pt_PT\" \/>\n<meta property=\"og:type\" content=\"article\" \/>\n<meta property=\"og:title\" content=\"Grande rece\u00e7\u00e3o do III F\u00f3rum Internacional sobre as Mulheres e o Setor dos Transportes em M\u00e1laga - Andamur\" \/>\n<meta property=\"og:description\" content=\"O III F\u00f3rum Internacional sobre a Mulher e o Setor dos Transportes voltou a superar todas as expectativas, consolidando-se como um evento de refer\u00eancia no sector. O evento, que decorreu ontem, dia 20 de fevereiro, no Museu do Autom\u00f3vel de M\u00e1laga, reuniu figuras de destaque do sector do transporte rodovi\u00e1rio, dando visibilidade ao papel da [&hellip;]\" \/>\n<meta property=\"og:url\" content=\"https:\/\/www.andamur.com\/pt-pt\/andamur-pt-pt\/grande-rececao-do-iii-forum-internacional-sobre-as-mulheres-e-o-setor-dos-transportes-em-malaga\/\" \/>\n<meta property=\"og:site_name\" content=\"Andamur\" \/>\n<meta property=\"article:publisher\" content=\"https:\/\/www.facebook.com\/AndamurEurope\/\" \/>\n<meta property=\"article:published_time\" content=\"2025-02-25T09:46:20+00:00\" \/>\n<meta property=\"article:modified_time\" content=\"2025-02-25T09:57:36+00:00\" \/>\n<meta property=\"og:image\" content=\"https:\/\/www.andamur.com\/wp-content\/uploads\/2025\/02\/Principal-Portada.jpg\" \/>\n\t<meta property=\"og:image:width\" content=\"981\" \/>\n\t<meta property=\"og:image:height\" content=\"654\" \/>\n\t<meta property=\"og:image:type\" content=\"image\/jpeg\" \/>\n<meta name=\"author\" content=\"andamur\" \/>\n<meta name=\"twitter:card\" content=\"summary_large_image\" \/>\n<meta name=\"twitter:creator\" content=\"@andamur_es\" \/>\n<meta name=\"twitter:site\" content=\"@andamur_es\" \/>\n<meta name=\"twitter:label1\" content=\"Written by\" \/>\n\t<meta name=\"twitter:data1\" content=\"andamur\" \/>\n\t<meta name=\"twitter:label2\" content=\"Est. reading time\" \/>\n\t<meta name=\"twitter:data2\" content=\"9 minutes\" \/>\n<script type=\"application\/ld+json\" class=\"yoast-schema-graph\">{\"@context\":\"https:\/\/schema.org\",\"@graph\":[{\"@type\":\"Article\",\"@id\":\"https:\/\/www.andamur.com\/pt-pt\/andamur-pt-pt\/grande-rececao-do-iii-forum-internacional-sobre-as-mulheres-e-o-setor-dos-transportes-em-malaga\/#article\",\"isPartOf\":{\"@id\":\"https:\/\/www.andamur.com\/pt-pt\/andamur-pt-pt\/grande-rececao-do-iii-forum-internacional-sobre-as-mulheres-e-o-setor-dos-transportes-em-malaga\/\"},\"author\":{\"name\":\"andamur\",\"@id\":\"https:\/\/www.andamur.com\/#\/schema\/person\/131577731140377fe26cac4f07cccb72\"},\"headline\":\"Grande rece\u00e7\u00e3o do III F\u00f3rum Internacional sobre as Mulheres e o Setor dos Transportes em M\u00e1laga\",\"datePublished\":\"2025-02-25T09:46:20+00:00\",\"dateModified\":\"2025-02-25T09:57:36+00:00\",\"mainEntityOfPage\":{\"@id\":\"https:\/\/www.andamur.com\/pt-pt\/andamur-pt-pt\/grande-rececao-do-iii-forum-internacional-sobre-as-mulheres-e-o-setor-dos-transportes-em-malaga\/\"},\"wordCount\":1722,\"publisher\":{\"@id\":\"https:\/\/www.andamur.com\/#organization\"},\"image\":{\"@id\":\"https:\/\/www.andamur.com\/pt-pt\/andamur-pt-pt\/grande-rececao-do-iii-forum-internacional-sobre-as-mulheres-e-o-setor-dos-transportes-em-malaga\/#primaryimage\"},\"thumbnailUrl\":\"https:\/\/www.andamur.com\/wp-content\/uploads\/2025\/02\/Principal-Portada.jpg\",\"articleSection\":[\"Novidades\"],\"inLanguage\":\"pt-PT\"},{\"@type\":\"WebPage\",\"@id\":\"https:\/\/www.andamur.com\/pt-pt\/andamur-pt-pt\/grande-rececao-do-iii-forum-internacional-sobre-as-mulheres-e-o-setor-dos-transportes-em-malaga\/\",\"url\":\"https:\/\/www.andamur.com\/pt-pt\/andamur-pt-pt\/grande-rececao-do-iii-forum-internacional-sobre-as-mulheres-e-o-setor-dos-transportes-em-malaga\/\",\"name\":\"Grande rece\u00e7\u00e3o do III F\u00f3rum Internacional sobre as Mulheres e o Setor dos Transportes em M\u00e1laga - Andamur\",\"isPartOf\":{\"@id\":\"https:\/\/www.andamur.com\/#website\"},\"primaryImageOfPage\":{\"@id\":\"https:\/\/www.andamur.com\/pt-pt\/andamur-pt-pt\/grande-rececao-do-iii-forum-internacional-sobre-as-mulheres-e-o-setor-dos-transportes-em-malaga\/#primaryimage\"},\"image\":{\"@id\":\"https:\/\/www.andamur.com\/pt-pt\/andamur-pt-pt\/grande-rececao-do-iii-forum-internacional-sobre-as-mulheres-e-o-setor-dos-transportes-em-malaga\/#primaryimage\"},\"thumbnailUrl\":\"https:\/\/www.andamur.com\/wp-content\/uploads\/2025\/02\/Principal-Portada.jpg\",\"datePublished\":\"2025-02-25T09:46:20+00:00\",\"dateModified\":\"2025-02-25T09:57:36+00:00\",\"breadcrumb\":{\"@id\":\"https:\/\/www.andamur.com\/pt-pt\/andamur-pt-pt\/grande-rececao-do-iii-forum-internacional-sobre-as-mulheres-e-o-setor-dos-transportes-em-malaga\/#breadcrumb\"},\"inLanguage\":\"pt-PT\",\"potentialAction\":[{\"@type\":\"ReadAction\",\"target\":[\"https:\/\/www.andamur.com\/pt-pt\/andamur-pt-pt\/grande-rececao-do-iii-forum-internacional-sobre-as-mulheres-e-o-setor-dos-transportes-em-malaga\/\"]}]},{\"@type\":\"ImageObject\",\"inLanguage\":\"pt-PT\",\"@id\":\"https:\/\/www.andamur.com\/pt-pt\/andamur-pt-pt\/grande-rececao-do-iii-forum-internacional-sobre-as-mulheres-e-o-setor-dos-transportes-em-malaga\/#primaryimage\",\"url\":\"https:\/\/www.andamur.com\/wp-content\/uploads\/2025\/02\/Principal-Portada.jpg\",\"contentUrl\":\"https:\/\/www.andamur.com\/wp-content\/uploads\/2025\/02\/Principal-Portada.jpg\",\"width\":981,\"height\":654},{\"@type\":\"BreadcrumbList\",\"@id\":\"https:\/\/www.andamur.com\/pt-pt\/andamur-pt-pt\/grande-rececao-do-iii-forum-internacional-sobre-as-mulheres-e-o-setor-dos-transportes-em-malaga\/#breadcrumb\",\"itemListElement\":[{\"@type\":\"ListItem\",\"position\":1,\"name\":\"Portada\",\"item\":\"https:\/\/www.andamur.com\/pt-pt\/\"},{\"@type\":\"ListItem\",\"position\":2,\"name\":\"Novidades\",\"item\":\"https:\/\/www.andamur.com\/pt-pt\/novidades\/\"},{\"@type\":\"ListItem\",\"position\":3,\"name\":\"Grande rece\u00e7\u00e3o do III F\u00f3rum Internacional sobre as Mulheres e o Setor dos Transportes em M\u00e1laga\"}]},{\"@type\":\"WebSite\",\"@id\":\"https:\/\/www.andamur.com\/#website\",\"url\":\"https:\/\/www.andamur.com\/\",\"name\":\"Andamur\",\"description\":\"Cada viaje importa\",\"publisher\":{\"@id\":\"https:\/\/www.andamur.com\/#organization\"},\"inLanguage\":\"pt-PT\"},{\"@type\":\"Organization\",\"@id\":\"https:\/\/www.andamur.com\/#organization\",\"name\":\"Andamur\",\"url\":\"https:\/\/www.andamur.com\/\",\"logo\":{\"@type\":\"ImageObject\",\"inLanguage\":\"pt-PT\",\"@id\":\"https:\/\/www.andamur.com\/#\/schema\/logo\/image\/\",\"url\":\"https:\/\/www.andamur.com\/wp-content\/uploads\/2024\/02\/andamurogpic.jpg\",\"contentUrl\":\"https:\/\/www.andamur.com\/wp-content\/uploads\/2024\/02\/andamurogpic.jpg\",\"width\":1200,\"height\":630,\"caption\":\"Andamur\"},\"image\":{\"@id\":\"https:\/\/www.andamur.com\/#\/schema\/logo\/image\/\"},\"sameAs\":[\"https:\/\/www.facebook.com\/AndamurEurope\/\",\"https:\/\/x.com\/andamur_es\",\"https:\/\/www.instagram.com\/andamureurope\/\",\"https:\/\/www.youtube.com\/channel\/UCWP1SBl8J8SjUCcWBo_Uu1w\"]},{\"@type\":\"Person\",\"@id\":\"https:\/\/www.andamur.com\/#\/schema\/person\/131577731140377fe26cac4f07cccb72\",\"name\":\"andamur\",\"image\":{\"@type\":\"ImageObject\",\"inLanguage\":\"pt-PT\",\"@id\":\"https:\/\/www.andamur.com\/#\/schema\/person\/image\/\",\"url\":\"https:\/\/secure.gravatar.com\/avatar\/133ec8c8c0f653b06a023777fdc35962d922f161df68890737f028e35189a08f?s=96&d=mm&r=g\",\"contentUrl\":\"https:\/\/secure.gravatar.com\/avatar\/133ec8c8c0f653b06a023777fdc35962d922f161df68890737f028e35189a08f?s=96&d=mm&r=g\",\"caption\":\"andamur\"}}]}<\/script>\n<!-- \/ Yoast SEO plugin. -->","yoast_head_json":{"title":"Grande rece\u00e7\u00e3o do III F\u00f3rum Internacional sobre as Mulheres e o Setor dos Transportes em M\u00e1laga - Andamur","robots":{"index":"index","follow":"follow","max-snippet":"max-snippet:-1","max-image-preview":"max-image-preview:large","max-video-preview":"max-video-preview:-1"},"canonical":"https:\/\/www.andamur.com\/pt-pt\/andamur-pt-pt\/grande-rececao-do-iii-forum-internacional-sobre-as-mulheres-e-o-setor-dos-transportes-em-malaga\/","og_locale":"pt_PT","og_type":"article","og_title":"Grande rece\u00e7\u00e3o do III F\u00f3rum Internacional sobre as Mulheres e o Setor dos Transportes em M\u00e1laga - Andamur","og_description":"O III F\u00f3rum Internacional sobre a Mulher e o Setor dos Transportes voltou a superar todas as expectativas, consolidando-se como um evento de refer\u00eancia no sector. O evento, que decorreu ontem, dia 20 de fevereiro, no Museu do Autom\u00f3vel de M\u00e1laga, reuniu figuras de destaque do sector do transporte rodovi\u00e1rio, dando visibilidade ao papel da [&hellip;]","og_url":"https:\/\/www.andamur.com\/pt-pt\/andamur-pt-pt\/grande-rececao-do-iii-forum-internacional-sobre-as-mulheres-e-o-setor-dos-transportes-em-malaga\/","og_site_name":"Andamur","article_publisher":"https:\/\/www.facebook.com\/AndamurEurope\/","article_published_time":"2025-02-25T09:46:20+00:00","article_modified_time":"2025-02-25T09:57:36+00:00","og_image":[{"width":981,"height":654,"url":"https:\/\/www.andamur.com\/wp-content\/uploads\/2025\/02\/Principal-Portada.jpg","type":"image\/jpeg"}],"author":"andamur","twitter_card":"summary_large_image","twitter_creator":"@andamur_es","twitter_site":"@andamur_es","twitter_misc":{"Written by":"andamur","Est. reading time":"9 minutes"},"schema":{"@context":"https:\/\/schema.org","@graph":[{"@type":"Article","@id":"https:\/\/www.andamur.com\/pt-pt\/andamur-pt-pt\/grande-rececao-do-iii-forum-internacional-sobre-as-mulheres-e-o-setor-dos-transportes-em-malaga\/#article","isPartOf":{"@id":"https:\/\/www.andamur.com\/pt-pt\/andamur-pt-pt\/grande-rececao-do-iii-forum-internacional-sobre-as-mulheres-e-o-setor-dos-transportes-em-malaga\/"},"author":{"name":"andamur","@id":"https:\/\/www.andamur.com\/#\/schema\/person\/131577731140377fe26cac4f07cccb72"},"headline":"Grande rece\u00e7\u00e3o do III F\u00f3rum Internacional sobre as Mulheres e o Setor dos Transportes em M\u00e1laga","datePublished":"2025-02-25T09:46:20+00:00","dateModified":"2025-02-25T09:57:36+00:00","mainEntityOfPage":{"@id":"https:\/\/www.andamur.com\/pt-pt\/andamur-pt-pt\/grande-rececao-do-iii-forum-internacional-sobre-as-mulheres-e-o-setor-dos-transportes-em-malaga\/"},"wordCount":1722,"publisher":{"@id":"https:\/\/www.andamur.com\/#organization"},"image":{"@id":"https:\/\/www.andamur.com\/pt-pt\/andamur-pt-pt\/grande-rececao-do-iii-forum-internacional-sobre-as-mulheres-e-o-setor-dos-transportes-em-malaga\/#primaryimage"},"thumbnailUrl":"https:\/\/www.andamur.com\/wp-content\/uploads\/2025\/02\/Principal-Portada.jpg","articleSection":["Novidades"],"inLanguage":"pt-PT"},{"@type":"WebPage","@id":"https:\/\/www.andamur.com\/pt-pt\/andamur-pt-pt\/grande-rececao-do-iii-forum-internacional-sobre-as-mulheres-e-o-setor-dos-transportes-em-malaga\/","url":"https:\/\/www.andamur.com\/pt-pt\/andamur-pt-pt\/grande-rececao-do-iii-forum-internacional-sobre-as-mulheres-e-o-setor-dos-transportes-em-malaga\/","name":"Grande rece\u00e7\u00e3o do III F\u00f3rum Internacional sobre as Mulheres e o Setor dos Transportes em M\u00e1laga - Andamur","isPartOf":{"@id":"https:\/\/www.andamur.com\/#website"},"primaryImageOfPage":{"@id":"https:\/\/www.andamur.com\/pt-pt\/andamur-pt-pt\/grande-rececao-do-iii-forum-internacional-sobre-as-mulheres-e-o-setor-dos-transportes-em-malaga\/#primaryimage"},"image":{"@id":"https:\/\/www.andamur.com\/pt-pt\/andamur-pt-pt\/grande-rececao-do-iii-forum-internacional-sobre-as-mulheres-e-o-setor-dos-transportes-em-malaga\/#primaryimage"},"thumbnailUrl":"https:\/\/www.andamur.com\/wp-content\/uploads\/2025\/02\/Principal-Portada.jpg","datePublished":"2025-02-25T09:46:20+00:00","dateModified":"2025-02-25T09:57:36+00:00","breadcrumb":{"@id":"https:\/\/www.andamur.com\/pt-pt\/andamur-pt-pt\/grande-rececao-do-iii-forum-internacional-sobre-as-mulheres-e-o-setor-dos-transportes-em-malaga\/#breadcrumb"},"inLanguage":"pt-PT","potentialAction":[{"@type":"ReadAction","target":["https:\/\/www.andamur.com\/pt-pt\/andamur-pt-pt\/grande-rececao-do-iii-forum-internacional-sobre-as-mulheres-e-o-setor-dos-transportes-em-malaga\/"]}]},{"@type":"ImageObject","inLanguage":"pt-PT","@id":"https:\/\/www.andamur.com\/pt-pt\/andamur-pt-pt\/grande-rececao-do-iii-forum-internacional-sobre-as-mulheres-e-o-setor-dos-transportes-em-malaga\/#primaryimage","url":"https:\/\/www.andamur.com\/wp-content\/uploads\/2025\/02\/Principal-Portada.jpg","contentUrl":"https:\/\/www.andamur.com\/wp-content\/uploads\/2025\/02\/Principal-Portada.jpg","width":981,"height":654},{"@type":"BreadcrumbList","@id":"https:\/\/www.andamur.com\/pt-pt\/andamur-pt-pt\/grande-rececao-do-iii-forum-internacional-sobre-as-mulheres-e-o-setor-dos-transportes-em-malaga\/#breadcrumb","itemListElement":[{"@type":"ListItem","position":1,"name":"Portada","item":"https:\/\/www.andamur.com\/pt-pt\/"},{"@type":"ListItem","position":2,"name":"Novidades","item":"https:\/\/www.andamur.com\/pt-pt\/novidades\/"},{"@type":"ListItem","position":3,"name":"Grande rece\u00e7\u00e3o do III F\u00f3rum Internacional sobre as Mulheres e o Setor dos Transportes em M\u00e1laga"}]},{"@type":"WebSite","@id":"https:\/\/www.andamur.com\/#website","url":"https:\/\/www.andamur.com\/","name":"Andamur","description":"Cada viaje importa","publisher":{"@id":"https:\/\/www.andamur.com\/#organization"},"inLanguage":"pt-PT"},{"@type":"Organization","@id":"https:\/\/www.andamur.com\/#organization","name":"Andamur","url":"https:\/\/www.andamur.com\/","logo":{"@type":"ImageObject","inLanguage":"pt-PT","@id":"https:\/\/www.andamur.com\/#\/schema\/logo\/image\/","url":"https:\/\/www.andamur.com\/wp-content\/uploads\/2024\/02\/andamurogpic.jpg","contentUrl":"https:\/\/www.andamur.com\/wp-content\/uploads\/2024\/02\/andamurogpic.jpg","width":1200,"height":630,"caption":"Andamur"},"image":{"@id":"https:\/\/www.andamur.com\/#\/schema\/logo\/image\/"},"sameAs":["https:\/\/www.facebook.com\/AndamurEurope\/","https:\/\/x.com\/andamur_es","https:\/\/www.instagram.com\/andamureurope\/","https:\/\/www.youtube.com\/channel\/UCWP1SBl8J8SjUCcWBo_Uu1w"]},{"@type":"Person","@id":"https:\/\/www.andamur.com\/#\/schema\/person\/131577731140377fe26cac4f07cccb72","name":"andamur","image":{"@type":"ImageObject","inLanguage":"pt-PT","@id":"https:\/\/www.andamur.com\/#\/schema\/person\/image\/","url":"https:\/\/secure.gravatar.com\/avatar\/133ec8c8c0f653b06a023777fdc35962d922f161df68890737f028e35189a08f?s=96&d=mm&r=g","contentUrl":"https:\/\/secure.gravatar.com\/avatar\/133ec8c8c0f653b06a023777fdc35962d922f161df68890737f028e35189a08f?s=96&d=mm&r=g","caption":"andamur"}}]}},"_links":{"self":[{"href":"https:\/\/www.andamur.com\/pt-pt\/wp-json\/wp\/v2\/posts\/64381","targetHints":{"allow":["GET"]}}],"collection":[{"href":"https:\/\/www.andamur.com\/pt-pt\/wp-json\/wp\/v2\/posts"}],"about":[{"href":"https:\/\/www.andamur.com\/pt-pt\/wp-json\/wp\/v2\/types\/post"}],"author":[{"embeddable":true,"href":"https:\/\/www.andamur.com\/pt-pt\/wp-json\/wp\/v2\/users\/1"}],"replies":[{"embeddable":true,"href":"https:\/\/www.andamur.com\/pt-pt\/wp-json\/wp\/v2\/comments?post=64381"}],"version-history":[{"count":0,"href":"https:\/\/www.andamur.com\/pt-pt\/wp-json\/wp\/v2\/posts\/64381\/revisions"}],"wp:featuredmedia":[{"embeddable":true,"href":"https:\/\/www.andamur.com\/pt-pt\/wp-json\/wp\/v2\/media\/64376"}],"wp:attachment":[{"href":"https:\/\/www.andamur.com\/pt-pt\/wp-json\/wp\/v2\/media?parent=64381"}],"wp:term":[{"taxonomy":"category","embeddable":true,"href":"https:\/\/www.andamur.com\/pt-pt\/wp-json\/wp\/v2\/categories?post=64381"},{"taxonomy":"post_tag","embeddable":true,"href":"https:\/\/www.andamur.com\/pt-pt\/wp-json\/wp\/v2\/tags?post=64381"}],"curies":[{"name":"wp","href":"https:\/\/api.w.org\/{rel}","templated":true}]}}