{"id":53407,"date":"2024-07-03T13:49:19","date_gmt":"2024-07-03T12:49:19","guid":{"rendered":"https:\/\/www.andamur.com\/?p=53407"},"modified":"2024-12-05T13:38:58","modified_gmt":"2024-12-05T12:38:58","slug":"andamur-no-salao-nacional-do-transporte-em-pombal-portugal","status":"publish","type":"post","link":"https:\/\/www.andamur.com\/pt-pt\/novidades\/andamur-no-salao-nacional-do-transporte-em-pombal-portugal\/","title":{"rendered":"Andamur no Sal\u00e3o Nacional do Transporte"},"content":{"rendered":"<p>Pelo segundo ano consecutivo, estivemos presentes na 7\u00aa edi\u00e7\u00e3o do <strong>Sal\u00e3o Nacional do Transporte<\/strong>, que decorreu nos dias <strong>5, 6 e 7 de julho<\/strong> no Pavilh\u00e3o da Expocentro em <strong>Pombal, Portugal<\/strong>.<\/p>\n<p>Este evento, promovido pela <strong>ANTRAM<\/strong> (Associa\u00e7\u00e3o Nacional de Transportadores P\u00fablicos Rodovi\u00e1rios de Mercadorias), \u00e9 exclusivamente dedicado ao <strong>transporte rodovi\u00e1rio de mercadorias<\/strong>, que o torna um evento essencial para todos os profissionais do sector, incluindo empres\u00e1rios, motoristas, fornecedores e clientes.<\/p>\n<p>Durante estes dias, tivemos a oportunidade de mostrar as <strong>nossas solu\u00e7\u00f5es mais rent\u00e1veis, inovadoras, f\u00e1ceis e seguras <\/strong>para o sector do transporte, e de partilhar experi\u00eancias com outros profissionais do sector. Foi poss\u00edvel tamb\u00e9m, passar <strong>tempo de qualidade<\/strong> com os nossos clientes e visitantes, com muitos brindes, petiscos, m\u00fasica ao vivo&#8230; E uma \u00f3tima paella para todos!<\/p>\n<p>Al\u00e9m disso, este evento foi o cen\u00e1rio perfeito para a apresenta\u00e7\u00e3o em Portugal da nossa nova iniciativa<strong>: <\/strong><a href=\"https:\/\/mujerwow.andamur.com\/pt\/lanzamos-la-iniciativa-wow-women-on-the-way-en-portugal\/\">WOW &#8211; Women On The Way<\/a>, que destaca o compromisso inabal\u00e1vel da Andamur com a <strong>igualdade de g\u00e9nero no sector dos transportes<\/strong>.<\/p>\n<p>Gra\u00e7as a grandes profissionais como <strong>Ana Souta<\/strong>, Directora Geral da ANTRAM, e <strong>Alexandrina Santos<\/strong>, camionista da empresa TransWhite, demos visibilidade ao trabalho das mulheres no sector, que foi muito bem recebido pelo p\u00fablico.<\/p>\n<p>Gostar\u00edamos de agradecer aos organizadores pela sua calorosa recep\u00e7\u00e3o e a todos os que se juntaram a n\u00f3s. Esperamos continuar a contribuir para o desenvolvimento e melhoria do transporte rodovi\u00e1rio de mercadorias.<\/p>\n<p><strong>Vemo-nos na pr\u00f3xima edi\u00e7\u00e3o!<\/strong><\/p>\n<div class=\"ecode_shortcode_video\" data-id-video=\"FXVgDHx4G7I\" data-type-video=\"youtube\"><i><svg width=\"100px\" height=\"71px\" viewBox=\"0 0 100 71\" version=\"1.1\" xmlns=\"http:\/\/www.w3.org\/2000\/svg\" xmlns:xlink=\"http:\/\/www.w3.org\/1999\/xlink\"><g stroke=\"none\" stroke-width=\"1\" fill=\"none\" fill-rule=\"evenodd\"><g transform=\"translate(-366.000000, -261.000000)\" fill=\"#C4302B\" fill-rule=\"nonzero\"><g transform=\"translate(366.000000, 261.000000)\"><path d=\"M79.2312815,0 L20.7687185,0 C9.29846139,0 0,9.29846139 0,20.7687185 L0,49.9938178 C0,61.4640749 9.29846139,70.7625363 20.7687185,70.7625363 L79.2312815,70.7625363 C90.7015386,70.7625363 100,61.4640749 100,49.9938178 L100,20.7687185 C100,9.29846139 90.7015386,0 79.2312815,0 Z M65.1855419,36.803174 L37.8406988,49.8450112 C37.112067,50.1925159 36.2704202,49.6612806 36.2704202,48.854124 L36.2704202,21.9552669 C36.2704202,21.1366136 37.1341928,20.6060291 37.864343,20.9760933 L65.2091861,34.8331132 C66.0221995,35.2450429 66.0080998,36.4109839 65.1855419,36.803174 Z\"><\/path><\/g><\/g><\/g><\/svg><\/i><picture><source media=\"(min-width:1024px)\" srcset=\"https:\/\/img.youtube.com\/vi\/FXVgDHx4G7I\/maxresdefault.jpg\"><img decoding=\"async\" loading=\"lazy\" src=\"https:\/\/img.youtube.com\/vi\/FXVgDHx4G7I\/hqdefault.jpg\" alt=\"Video - Andamur no Sal\u00e3o Nacional do Transporte\"><\/picture><\/div>\n<section class=\"ecoded_shortcode_gallery\"><article data-src=\"https:\/\/www.andamur.com\/wp-content\/uploads\/2024\/07\/andamur-en-salao-14.jpg\" data-sub-html=\"\" data-lg-id=\"1e51c6e9-909a-4c94-ba7a-e28c93630c83\"><figure><img decoding=\"async\" loading=\"lazy\" src=\"https:\/\/www.andamur.com\/wp-content\/uploads\/2024\/07\/andamur-en-salao-14-300x200.jpg\" alt=\"\"><\/figure><\/article><article data-src=\"https:\/\/www.andamur.com\/wp-content\/uploads\/2024\/07\/andamur-en-salao-13.jpg\" data-sub-html=\"\" data-lg-id=\"65d22672-6f1a-4e3a-8f19-9e59bf146215\"><figure><img decoding=\"async\" loading=\"lazy\" src=\"https:\/\/www.andamur.com\/wp-content\/uploads\/2024\/07\/andamur-en-salao-13-300x200.jpg\" alt=\"\"><\/figure><\/article><article data-src=\"https:\/\/www.andamur.com\/wp-content\/uploads\/2024\/07\/andamur-en-salao-12.jpg\" data-sub-html=\"\" data-lg-id=\"8da13229-91a6-478e-9b0c-5a0b154031ab\"><figure><img decoding=\"async\" loading=\"lazy\" src=\"https:\/\/www.andamur.com\/wp-content\/uploads\/2024\/07\/andamur-en-salao-12-300x200.jpg\" alt=\"\"><\/figure><\/article><article data-src=\"https:\/\/www.andamur.com\/wp-content\/uploads\/2024\/07\/andamur-en-salao-11.jpg\" data-sub-html=\"\" data-lg-id=\"aa70e06e-7bbc-494c-89b6-7172dc6612d5\"><figure><img decoding=\"async\" loading=\"lazy\" src=\"https:\/\/www.andamur.com\/wp-content\/uploads\/2024\/07\/andamur-en-salao-11-300x200.jpg\" alt=\"\"><\/figure><\/article><article data-src=\"https:\/\/www.andamur.com\/wp-content\/uploads\/2024\/07\/andamur-en-salao-10.jpg\" data-sub-html=\"\" data-lg-id=\"98165828-478a-4fe6-952e-c7cb279eefd1\"><figure><img decoding=\"async\" loading=\"lazy\" src=\"https:\/\/www.andamur.com\/wp-content\/uploads\/2024\/07\/andamur-en-salao-10-300x200.jpg\" alt=\"\"><\/figure><\/article><article data-src=\"https:\/\/www.andamur.com\/wp-content\/uploads\/2024\/07\/andamur-en-salao-9.jpg\" data-sub-html=\"\" data-lg-id=\"7c349e24-c8df-47d3-a535-90bb60139556\"><figure><img decoding=\"async\" loading=\"lazy\" src=\"https:\/\/www.andamur.com\/wp-content\/uploads\/2024\/07\/andamur-en-salao-9-300x200.jpg\" alt=\"\"><\/figure><\/article><article data-src=\"https:\/\/www.andamur.com\/wp-content\/uploads\/2024\/07\/andamur-en-salao-8.jpg\" data-sub-html=\"\" data-lg-id=\"c4dbcf1a-195d-4cac-a61f-53af36f76d0f\"><figure><img decoding=\"async\" loading=\"lazy\" src=\"https:\/\/www.andamur.com\/wp-content\/uploads\/2024\/07\/andamur-en-salao-8-300x200.jpg\" alt=\"\"><\/figure><\/article><article data-src=\"https:\/\/www.andamur.com\/wp-content\/uploads\/2024\/07\/andamur-en-salao-7.jpg\" data-sub-html=\"\" data-lg-id=\"ffb89ad5-50ed-457c-afc7-f8fcc8331a96\"><figure><img decoding=\"async\" loading=\"lazy\" src=\"https:\/\/www.andamur.com\/wp-content\/uploads\/2024\/07\/andamur-en-salao-7-300x200.jpg\" alt=\"\"><\/figure><\/article><article data-src=\"https:\/\/www.andamur.com\/wp-content\/uploads\/2024\/07\/andamur-en-salao-6.jpg\" data-sub-html=\"\" data-lg-id=\"d7864a41-ff39-46c2-96e6-54efc764e8d9\"><figure><img decoding=\"async\" loading=\"lazy\" src=\"https:\/\/www.andamur.com\/wp-content\/uploads\/2024\/07\/andamur-en-salao-6-300x200.jpg\" alt=\"\"><\/figure><\/article><article data-src=\"https:\/\/www.andamur.com\/wp-content\/uploads\/2024\/07\/andamur-en-salao-5.jpg\" data-sub-html=\"\" data-lg-id=\"9b07a488-57d6-4733-87ce-4bb9f7668258\"><figure><img decoding=\"async\" loading=\"lazy\" src=\"https:\/\/www.andamur.com\/wp-content\/uploads\/2024\/07\/andamur-en-salao-5-300x200.jpg\" alt=\"\"><\/figure><\/article><article data-src=\"https:\/\/www.andamur.com\/wp-content\/uploads\/2024\/07\/andamur-en-salao-4.jpg\" data-sub-html=\"\" data-lg-id=\"1464597b-98d6-45a1-a238-5be97a433b59\"><figure><img decoding=\"async\" loading=\"lazy\" src=\"https:\/\/www.andamur.com\/wp-content\/uploads\/2024\/07\/andamur-en-salao-4-300x200.jpg\" alt=\"\"><\/figure><\/article><article data-src=\"https:\/\/www.andamur.com\/wp-content\/uploads\/2024\/07\/andamur-en-salao-3.jpg\" data-sub-html=\"\" data-lg-id=\"cfc0b1c9-4d7e-4543-ae88-cc0966f53b81\"><figure><img decoding=\"async\" loading=\"lazy\" src=\"https:\/\/www.andamur.com\/wp-content\/uploads\/2024\/07\/andamur-en-salao-3-300x200.jpg\" alt=\"\"><\/figure><\/article><article data-src=\"https:\/\/www.andamur.com\/wp-content\/uploads\/2024\/07\/andamur-en-salao-2.jpg\" data-sub-html=\"\" data-lg-id=\"bb39938e-9eac-443d-986a-09cf092090a2\"><figure><img decoding=\"async\" loading=\"lazy\" src=\"https:\/\/www.andamur.com\/wp-content\/uploads\/2024\/07\/andamur-en-salao-2-300x200.jpg\" alt=\"\"><\/figure><\/article><article data-src=\"https:\/\/www.andamur.com\/wp-content\/uploads\/2024\/07\/andamur-en-salao-1.jpg\" data-sub-html=\"\" data-lg-id=\"af0b7100-cba4-4efb-a9ae-3c93a92a339d\"><figure><img decoding=\"async\" loading=\"lazy\" src=\"https:\/\/www.andamur.com\/wp-content\/uploads\/2024\/07\/andamur-en-salao-1-300x200.jpg\" alt=\"\"><\/figure><\/article><article data-src=\"https:\/\/www.andamur.com\/wp-content\/uploads\/2024\/07\/andamur-en-salao-22.jpg\" data-sub-html=\"\" data-lg-id=\"051cd55f-057c-4b4b-9b0b-246e2365c569\"><figure><img decoding=\"async\" loading=\"lazy\" src=\"https:\/\/www.andamur.com\/wp-content\/uploads\/2024\/07\/andamur-en-salao-22-300x169.jpg\" alt=\"\"><\/figure><\/article><\/section><script type=\"text\/javascript\">\n\n        window.addEventListener( \"ecode_load\", function ( event ) {\n\n            if ( document.getElementsByClassName( \"ecoded_shortcode_gallery\" ).length != 0 ) {\n\n                ecode_initialize_shortcode_gallery();\n\n            }\n\n        }, false );\n\n        function ecode_initialize_shortcode_gallery() {\n\n            array_shortcode_gallery = document.getElementsByClassName( \"ecoded_shortcode_gallery\" );\n\n            for ( var i = 0; i < array_shortcode_gallery.length; i++ ) {\n\n                const shortcode_gallery = lightGallery( array_shortcode_gallery[i], {\n                    loop: true,\n                    download: false,\n                    closeOnTap: true,\n                    controls: false,\n                    licenseKey: \"1\",\n                });\n\n            }\n\n        }\n\n\t<\/script>\n<h2>VOC\u00ca PODE GOSTAR\u2026<\/h2>\n","protected":false},"excerpt":{"rendered":"<p>Pelo segundo ano consecutivo, estivemos presentes na 7\u00aa edi\u00e7\u00e3o do Sal\u00e3o Nacional do Transporte, que decorreu nos dias 5, 6 e 7 de julho no Pavilh\u00e3o da Expocentro em Pombal, Portugal. Este evento, promovido pela ANTRAM (Associa\u00e7\u00e3o Nacional de Transportadores P\u00fablicos Rodovi\u00e1rios de Mercadorias), \u00e9 exclusivamente dedicado ao transporte rodovi\u00e1rio de mercadorias, que o torna [&hellip;]<\/p>\n","protected":false},"author":1,"featured_media":53639,"comment_status":"closed","ping_status":"open","sticky":false,"template":"","format":"standard","meta":{"_acf_changed":false,"footnotes":""},"categories":[68],"tags":[],"class_list":["post-53407","post","type-post","status-publish","format-standard","has-post-thumbnail","hentry","category-novidades"],"acf":[],"yoast_head":"<!-- This site is optimized with the Yoast SEO plugin v25.4 - https:\/\/yoast.com\/wordpress\/plugins\/seo\/ -->\n<title>Andamur no Sal\u00e3o Nacional do Transporte - Andamur<\/title>\n<meta name=\"robots\" content=\"index, follow, max-snippet:-1, max-image-preview:large, max-video-preview:-1\" \/>\n<link rel=\"canonical\" href=\"https:\/\/www.andamur.com\/pt-pt\/novidades\/andamur-no-salao-nacional-do-transporte-em-pombal-portugal\/\" \/>\n<meta property=\"og:locale\" content=\"pt_PT\" \/>\n<meta property=\"og:type\" content=\"article\" \/>\n<meta property=\"og:title\" content=\"Andamur no Sal\u00e3o Nacional do Transporte - Andamur\" \/>\n<meta property=\"og:description\" content=\"Pelo segundo ano consecutivo, estivemos presentes na 7\u00aa edi\u00e7\u00e3o do Sal\u00e3o Nacional do Transporte, que decorreu nos dias 5, 6 e 7 de julho no Pavilh\u00e3o da Expocentro em Pombal, Portugal. Este evento, promovido pela ANTRAM (Associa\u00e7\u00e3o Nacional de Transportadores P\u00fablicos Rodovi\u00e1rios de Mercadorias), \u00e9 exclusivamente dedicado ao transporte rodovi\u00e1rio de mercadorias, que o torna [&hellip;]\" \/>\n<meta property=\"og:url\" content=\"https:\/\/www.andamur.com\/pt-pt\/novidades\/andamur-no-salao-nacional-do-transporte-em-pombal-portugal\/\" \/>\n<meta property=\"og:site_name\" content=\"Andamur\" \/>\n<meta property=\"article:publisher\" content=\"https:\/\/www.facebook.com\/AndamurEurope\/\" \/>\n<meta property=\"article:published_time\" content=\"2024-07-03T12:49:19+00:00\" \/>\n<meta property=\"article:modified_time\" content=\"2024-12-05T12:38:58+00:00\" \/>\n<meta property=\"og:image\" content=\"https:\/\/www.andamur.com\/wp-content\/uploads\/2024\/07\/andamur-en-salao-portada.jpg\" \/>\n\t<meta property=\"og:image:width\" content=\"1080\" \/>\n\t<meta property=\"og:image:height\" content=\"1080\" \/>\n\t<meta property=\"og:image:type\" content=\"image\/jpeg\" \/>\n<meta name=\"author\" content=\"andamur\" \/>\n<meta name=\"twitter:card\" content=\"summary_large_image\" \/>\n<meta name=\"twitter:creator\" content=\"@andamur_es\" \/>\n<meta name=\"twitter:site\" content=\"@andamur_es\" \/>\n<meta name=\"twitter:label1\" content=\"Written by\" \/>\n\t<meta name=\"twitter:data1\" content=\"andamur\" \/>\n\t<meta name=\"twitter:label2\" content=\"Est. reading time\" \/>\n\t<meta name=\"twitter:data2\" content=\"5 minutes\" \/>\n<script type=\"application\/ld+json\" class=\"yoast-schema-graph\">{\"@context\":\"https:\/\/schema.org\",\"@graph\":[{\"@type\":\"Article\",\"@id\":\"https:\/\/www.andamur.com\/pt-pt\/novidades\/andamur-no-salao-nacional-do-transporte-em-pombal-portugal\/#article\",\"isPartOf\":{\"@id\":\"https:\/\/www.andamur.com\/pt-pt\/novidades\/andamur-no-salao-nacional-do-transporte-em-pombal-portugal\/\"},\"author\":{\"name\":\"andamur\",\"@id\":\"https:\/\/www.andamur.com\/#\/schema\/person\/131577731140377fe26cac4f07cccb72\"},\"headline\":\"Andamur no Sal\u00e3o Nacional do Transporte\",\"datePublished\":\"2024-07-03T12:49:19+00:00\",\"dateModified\":\"2024-12-05T12:38:58+00:00\",\"mainEntityOfPage\":{\"@id\":\"https:\/\/www.andamur.com\/pt-pt\/novidades\/andamur-no-salao-nacional-do-transporte-em-pombal-portugal\/\"},\"wordCount\":281,\"publisher\":{\"@id\":\"https:\/\/www.andamur.com\/#organization\"},\"image\":{\"@id\":\"https:\/\/www.andamur.com\/pt-pt\/novidades\/andamur-no-salao-nacional-do-transporte-em-pombal-portugal\/#primaryimage\"},\"thumbnailUrl\":\"https:\/\/www.andamur.com\/wp-content\/uploads\/2024\/07\/andamur-en-salao-portada.jpg\",\"articleSection\":[\"Novidades\"],\"inLanguage\":\"pt-PT\"},{\"@type\":\"WebPage\",\"@id\":\"https:\/\/www.andamur.com\/pt-pt\/novidades\/andamur-no-salao-nacional-do-transporte-em-pombal-portugal\/\",\"url\":\"https:\/\/www.andamur.com\/pt-pt\/novidades\/andamur-no-salao-nacional-do-transporte-em-pombal-portugal\/\",\"name\":\"Andamur no Sal\u00e3o Nacional do Transporte - Andamur\",\"isPartOf\":{\"@id\":\"https:\/\/www.andamur.com\/#website\"},\"primaryImageOfPage\":{\"@id\":\"https:\/\/www.andamur.com\/pt-pt\/novidades\/andamur-no-salao-nacional-do-transporte-em-pombal-portugal\/#primaryimage\"},\"image\":{\"@id\":\"https:\/\/www.andamur.com\/pt-pt\/novidades\/andamur-no-salao-nacional-do-transporte-em-pombal-portugal\/#primaryimage\"},\"thumbnailUrl\":\"https:\/\/www.andamur.com\/wp-content\/uploads\/2024\/07\/andamur-en-salao-portada.jpg\",\"datePublished\":\"2024-07-03T12:49:19+00:00\",\"dateModified\":\"2024-12-05T12:38:58+00:00\",\"breadcrumb\":{\"@id\":\"https:\/\/www.andamur.com\/pt-pt\/novidades\/andamur-no-salao-nacional-do-transporte-em-pombal-portugal\/#breadcrumb\"},\"inLanguage\":\"pt-PT\",\"potentialAction\":[{\"@type\":\"ReadAction\",\"target\":[\"https:\/\/www.andamur.com\/pt-pt\/novidades\/andamur-no-salao-nacional-do-transporte-em-pombal-portugal\/\"]}]},{\"@type\":\"ImageObject\",\"inLanguage\":\"pt-PT\",\"@id\":\"https:\/\/www.andamur.com\/pt-pt\/novidades\/andamur-no-salao-nacional-do-transporte-em-pombal-portugal\/#primaryimage\",\"url\":\"https:\/\/www.andamur.com\/wp-content\/uploads\/2024\/07\/andamur-en-salao-portada.jpg\",\"contentUrl\":\"https:\/\/www.andamur.com\/wp-content\/uploads\/2024\/07\/andamur-en-salao-portada.jpg\",\"width\":1080,\"height\":1080},{\"@type\":\"BreadcrumbList\",\"@id\":\"https:\/\/www.andamur.com\/pt-pt\/novidades\/andamur-no-salao-nacional-do-transporte-em-pombal-portugal\/#breadcrumb\",\"itemListElement\":[{\"@type\":\"ListItem\",\"position\":1,\"name\":\"Portada\",\"item\":\"https:\/\/www.andamur.com\/pt-pt\/\"},{\"@type\":\"ListItem\",\"position\":2,\"name\":\"Noticias\",\"item\":\"https:\/\/www.andamur.com\/noticias\/\"},{\"@type\":\"ListItem\",\"position\":3,\"name\":\"Andamur no Sal\u00e3o Nacional do Transporte\"}]},{\"@type\":\"WebSite\",\"@id\":\"https:\/\/www.andamur.com\/#website\",\"url\":\"https:\/\/www.andamur.com\/\",\"name\":\"Andamur\",\"description\":\"Cada viaje importa\",\"publisher\":{\"@id\":\"https:\/\/www.andamur.com\/#organization\"},\"inLanguage\":\"pt-PT\"},{\"@type\":\"Organization\",\"@id\":\"https:\/\/www.andamur.com\/#organization\",\"name\":\"Andamur\",\"url\":\"https:\/\/www.andamur.com\/\",\"logo\":{\"@type\":\"ImageObject\",\"inLanguage\":\"pt-PT\",\"@id\":\"https:\/\/www.andamur.com\/#\/schema\/logo\/image\/\",\"url\":\"https:\/\/www.andamur.com\/wp-content\/uploads\/2024\/02\/andamurogpic.jpg\",\"contentUrl\":\"https:\/\/www.andamur.com\/wp-content\/uploads\/2024\/02\/andamurogpic.jpg\",\"width\":1200,\"height\":630,\"caption\":\"Andamur\"},\"image\":{\"@id\":\"https:\/\/www.andamur.com\/#\/schema\/logo\/image\/\"},\"sameAs\":[\"https:\/\/www.facebook.com\/AndamurEurope\/\",\"https:\/\/x.com\/andamur_es\",\"https:\/\/www.instagram.com\/andamureurope\/\",\"https:\/\/www.youtube.com\/channel\/UCWP1SBl8J8SjUCcWBo_Uu1w\"]},{\"@type\":\"Person\",\"@id\":\"https:\/\/www.andamur.com\/#\/schema\/person\/131577731140377fe26cac4f07cccb72\",\"name\":\"andamur\",\"image\":{\"@type\":\"ImageObject\",\"inLanguage\":\"pt-PT\",\"@id\":\"https:\/\/www.andamur.com\/#\/schema\/person\/image\/\",\"url\":\"https:\/\/secure.gravatar.com\/avatar\/133ec8c8c0f653b06a023777fdc35962d922f161df68890737f028e35189a08f?s=96&d=mm&r=g\",\"contentUrl\":\"https:\/\/secure.gravatar.com\/avatar\/133ec8c8c0f653b06a023777fdc35962d922f161df68890737f028e35189a08f?s=96&d=mm&r=g\",\"caption\":\"andamur\"}}]}<\/script>\n<!-- \/ Yoast SEO plugin. -->","yoast_head_json":{"title":"Andamur no Sal\u00e3o Nacional do Transporte - Andamur","robots":{"index":"index","follow":"follow","max-snippet":"max-snippet:-1","max-image-preview":"max-image-preview:large","max-video-preview":"max-video-preview:-1"},"canonical":"https:\/\/www.andamur.com\/pt-pt\/novidades\/andamur-no-salao-nacional-do-transporte-em-pombal-portugal\/","og_locale":"pt_PT","og_type":"article","og_title":"Andamur no Sal\u00e3o Nacional do Transporte - Andamur","og_description":"Pelo segundo ano consecutivo, estivemos presentes na 7\u00aa edi\u00e7\u00e3o do Sal\u00e3o Nacional do Transporte, que decorreu nos dias 5, 6 e 7 de julho no Pavilh\u00e3o da Expocentro em Pombal, Portugal. Este evento, promovido pela ANTRAM (Associa\u00e7\u00e3o Nacional de Transportadores P\u00fablicos Rodovi\u00e1rios de Mercadorias), \u00e9 exclusivamente dedicado ao transporte rodovi\u00e1rio de mercadorias, que o torna [&hellip;]","og_url":"https:\/\/www.andamur.com\/pt-pt\/novidades\/andamur-no-salao-nacional-do-transporte-em-pombal-portugal\/","og_site_name":"Andamur","article_publisher":"https:\/\/www.facebook.com\/AndamurEurope\/","article_published_time":"2024-07-03T12:49:19+00:00","article_modified_time":"2024-12-05T12:38:58+00:00","og_image":[{"width":1080,"height":1080,"url":"https:\/\/www.andamur.com\/wp-content\/uploads\/2024\/07\/andamur-en-salao-portada.jpg","type":"image\/jpeg"}],"author":"andamur","twitter_card":"summary_large_image","twitter_creator":"@andamur_es","twitter_site":"@andamur_es","twitter_misc":{"Written by":"andamur","Est. reading time":"5 minutes"},"schema":{"@context":"https:\/\/schema.org","@graph":[{"@type":"Article","@id":"https:\/\/www.andamur.com\/pt-pt\/novidades\/andamur-no-salao-nacional-do-transporte-em-pombal-portugal\/#article","isPartOf":{"@id":"https:\/\/www.andamur.com\/pt-pt\/novidades\/andamur-no-salao-nacional-do-transporte-em-pombal-portugal\/"},"author":{"name":"andamur","@id":"https:\/\/www.andamur.com\/#\/schema\/person\/131577731140377fe26cac4f07cccb72"},"headline":"Andamur no Sal\u00e3o Nacional do Transporte","datePublished":"2024-07-03T12:49:19+00:00","dateModified":"2024-12-05T12:38:58+00:00","mainEntityOfPage":{"@id":"https:\/\/www.andamur.com\/pt-pt\/novidades\/andamur-no-salao-nacional-do-transporte-em-pombal-portugal\/"},"wordCount":281,"publisher":{"@id":"https:\/\/www.andamur.com\/#organization"},"image":{"@id":"https:\/\/www.andamur.com\/pt-pt\/novidades\/andamur-no-salao-nacional-do-transporte-em-pombal-portugal\/#primaryimage"},"thumbnailUrl":"https:\/\/www.andamur.com\/wp-content\/uploads\/2024\/07\/andamur-en-salao-portada.jpg","articleSection":["Novidades"],"inLanguage":"pt-PT"},{"@type":"WebPage","@id":"https:\/\/www.andamur.com\/pt-pt\/novidades\/andamur-no-salao-nacional-do-transporte-em-pombal-portugal\/","url":"https:\/\/www.andamur.com\/pt-pt\/novidades\/andamur-no-salao-nacional-do-transporte-em-pombal-portugal\/","name":"Andamur no Sal\u00e3o Nacional do Transporte - Andamur","isPartOf":{"@id":"https:\/\/www.andamur.com\/#website"},"primaryImageOfPage":{"@id":"https:\/\/www.andamur.com\/pt-pt\/novidades\/andamur-no-salao-nacional-do-transporte-em-pombal-portugal\/#primaryimage"},"image":{"@id":"https:\/\/www.andamur.com\/pt-pt\/novidades\/andamur-no-salao-nacional-do-transporte-em-pombal-portugal\/#primaryimage"},"thumbnailUrl":"https:\/\/www.andamur.com\/wp-content\/uploads\/2024\/07\/andamur-en-salao-portada.jpg","datePublished":"2024-07-03T12:49:19+00:00","dateModified":"2024-12-05T12:38:58+00:00","breadcrumb":{"@id":"https:\/\/www.andamur.com\/pt-pt\/novidades\/andamur-no-salao-nacional-do-transporte-em-pombal-portugal\/#breadcrumb"},"inLanguage":"pt-PT","potentialAction":[{"@type":"ReadAction","target":["https:\/\/www.andamur.com\/pt-pt\/novidades\/andamur-no-salao-nacional-do-transporte-em-pombal-portugal\/"]}]},{"@type":"ImageObject","inLanguage":"pt-PT","@id":"https:\/\/www.andamur.com\/pt-pt\/novidades\/andamur-no-salao-nacional-do-transporte-em-pombal-portugal\/#primaryimage","url":"https:\/\/www.andamur.com\/wp-content\/uploads\/2024\/07\/andamur-en-salao-portada.jpg","contentUrl":"https:\/\/www.andamur.com\/wp-content\/uploads\/2024\/07\/andamur-en-salao-portada.jpg","width":1080,"height":1080},{"@type":"BreadcrumbList","@id":"https:\/\/www.andamur.com\/pt-pt\/novidades\/andamur-no-salao-nacional-do-transporte-em-pombal-portugal\/#breadcrumb","itemListElement":[{"@type":"ListItem","position":1,"name":"Portada","item":"https:\/\/www.andamur.com\/pt-pt\/"},{"@type":"ListItem","position":2,"name":"Noticias","item":"https:\/\/www.andamur.com\/noticias\/"},{"@type":"ListItem","position":3,"name":"Andamur no Sal\u00e3o Nacional do Transporte"}]},{"@type":"WebSite","@id":"https:\/\/www.andamur.com\/#website","url":"https:\/\/www.andamur.com\/","name":"Andamur","description":"Cada viaje importa","publisher":{"@id":"https:\/\/www.andamur.com\/#organization"},"inLanguage":"pt-PT"},{"@type":"Organization","@id":"https:\/\/www.andamur.com\/#organization","name":"Andamur","url":"https:\/\/www.andamur.com\/","logo":{"@type":"ImageObject","inLanguage":"pt-PT","@id":"https:\/\/www.andamur.com\/#\/schema\/logo\/image\/","url":"https:\/\/www.andamur.com\/wp-content\/uploads\/2024\/02\/andamurogpic.jpg","contentUrl":"https:\/\/www.andamur.com\/wp-content\/uploads\/2024\/02\/andamurogpic.jpg","width":1200,"height":630,"caption":"Andamur"},"image":{"@id":"https:\/\/www.andamur.com\/#\/schema\/logo\/image\/"},"sameAs":["https:\/\/www.facebook.com\/AndamurEurope\/","https:\/\/x.com\/andamur_es","https:\/\/www.instagram.com\/andamureurope\/","https:\/\/www.youtube.com\/channel\/UCWP1SBl8J8SjUCcWBo_Uu1w"]},{"@type":"Person","@id":"https:\/\/www.andamur.com\/#\/schema\/person\/131577731140377fe26cac4f07cccb72","name":"andamur","image":{"@type":"ImageObject","inLanguage":"pt-PT","@id":"https:\/\/www.andamur.com\/#\/schema\/person\/image\/","url":"https:\/\/secure.gravatar.com\/avatar\/133ec8c8c0f653b06a023777fdc35962d922f161df68890737f028e35189a08f?s=96&d=mm&r=g","contentUrl":"https:\/\/secure.gravatar.com\/avatar\/133ec8c8c0f653b06a023777fdc35962d922f161df68890737f028e35189a08f?s=96&d=mm&r=g","caption":"andamur"}}]}},"_links":{"self":[{"href":"https:\/\/www.andamur.com\/pt-pt\/wp-json\/wp\/v2\/posts\/53407","targetHints":{"allow":["GET"]}}],"collection":[{"href":"https:\/\/www.andamur.com\/pt-pt\/wp-json\/wp\/v2\/posts"}],"about":[{"href":"https:\/\/www.andamur.com\/pt-pt\/wp-json\/wp\/v2\/types\/post"}],"author":[{"embeddable":true,"href":"https:\/\/www.andamur.com\/pt-pt\/wp-json\/wp\/v2\/users\/1"}],"replies":[{"embeddable":true,"href":"https:\/\/www.andamur.com\/pt-pt\/wp-json\/wp\/v2\/comments?post=53407"}],"version-history":[{"count":0,"href":"https:\/\/www.andamur.com\/pt-pt\/wp-json\/wp\/v2\/posts\/53407\/revisions"}],"wp:featuredmedia":[{"embeddable":true,"href":"https:\/\/www.andamur.com\/pt-pt\/wp-json\/wp\/v2\/media\/53639"}],"wp:attachment":[{"href":"https:\/\/www.andamur.com\/pt-pt\/wp-json\/wp\/v2\/media?parent=53407"}],"wp:term":[{"taxonomy":"category","embeddable":true,"href":"https:\/\/www.andamur.com\/pt-pt\/wp-json\/wp\/v2\/categories?post=53407"},{"taxonomy":"post_tag","embeddable":true,"href":"https:\/\/www.andamur.com\/pt-pt\/wp-json\/wp\/v2\/tags?post=53407"}],"curies":[{"name":"wp","href":"https:\/\/api.w.org\/{rel}","templated":true}]}}