{"id":36279,"date":"2022-10-20T16:38:11","date_gmt":"2022-10-20T15:38:11","guid":{"rendered":"https:\/\/www.andamur.com\/?p=36279"},"modified":"2024-12-05T13:39:35","modified_gmt":"2024-12-05T12:39:35","slug":"receitas-em-marcha-uma-nova-acao-da-andamur-centrada-na-promocao-de-uma-alimentacao-saudavel-entre-os-profissionais-do-setor-dos-transportes","status":"publish","type":"post","link":"https:\/\/www.andamur.com\/pt-pt\/novidades\/receitas-em-marcha-uma-nova-acao-da-andamur-centrada-na-promocao-de-uma-alimentacao-saudavel-entre-os-profissionais-do-setor-dos-transportes\/","title":{"rendered":"Receitas em Marcha, uma nova a\u00e7\u00e3o da Andamur centrada na promo\u00e7\u00e3o de uma alimenta\u00e7\u00e3o saud\u00e1vel entre os profissionais do setor dos transportes"},"content":{"rendered":"<p>O acesso a menus saud\u00e1veis nem sempre \u00e9 uma op\u00e7\u00e3o f\u00e1cil para os camionistas. Na Andamur estamos conscientes disso e \u00e9 por isso que, como parte da nossa campanha #CuideDaSuaDietaNaEstrada, implementamos &#8220;<b>Receitas em Marcha<\/b>\u201d.<\/p>\n<p>Um livro de receitas com propostas gastron\u00f3micas de diferentes pa\u00edses em que condutores de diferentes nacionalidades foram consultados; de que tipo de alimentos sentiam falta nas suas viagens, o que era mais pr\u00e1tico para cozinharem nas suas paragens e que utens\u00edlios t\u00eam dispon\u00edveis no seu cami\u00e3o para cozinhar, entre outros aspetos.<\/p>\n<p>Com todas estas contribui\u00e7\u00f5es, a pessoa respons\u00e1vel pela cria\u00e7\u00e3o do livro de receitas foi o famoso chef <b>C\u00e1ndido Morales<\/b>, finalista de Pr\u00e9mios de Alta Cozinha no Le Cordon Bleu e colaborador no Celler de Can Roca (3 estrelas Michelin), El Boh\u00edo (1 estrela Michelin) e no restaurante de Andreu Genestra (1 estrela Michelin). Trata-se de uma s\u00e9rie de receitas saud\u00e1veis e equilibradas que podem ser facilmente cozinhadas durante as paragens.<\/p>\n<p>Na nossa p\u00e1gina Web <a href=\"https:\/\/www.andamur.com\/cuidatudietaenruta\">www.andamur.com\/cuidedasuadietanaestrada<\/a> poder\u00e1 encontrar todas as <b>receitas em formato video e ficha descarreg\u00e1vel<\/b>. Cada um destes v\u00eddeos \u00e9 protagonizado pelo nosso chef, C\u00e1ndido Morales, e v\u00e1rios convidados especiais, comen\u00e7ando por <b>Rafael Mart\u00ednez<\/b>, camionista de profiss\u00e3o e grande f\u00e3 da cozinha, como mostra na sua conta do instagram @cocinaconrafael.<\/p>\n<p>Esta a\u00e7\u00e3o faz parte do nosso plano de RSC <i>#CuidamosDoQueImporta<\/i>, no contexto Cuidados para o condutor e a empresa de transportes, com os quais nos comprometemos a melhorar o dia a dia dos condutores profissionais e das empresas do setor.<\/p>\n<p>&nbsp;<\/p>\n","protected":false},"excerpt":{"rendered":"<p>O acesso a menus saud\u00e1veis nem sempre \u00e9 uma op\u00e7\u00e3o f\u00e1cil para os camionistas. Na Andamur estamos conscientes disso e \u00e9 por isso que, como parte da nossa campanha #CuideDaSuaDietaNaEstrada, implementamos &#8220;Receitas em Marcha\u201d. Um livro de receitas com propostas gastron\u00f3micas de diferentes pa\u00edses em que condutores de diferentes nacionalidades foram consultados; de que tipo [&hellip;]<\/p>\n","protected":false},"author":1,"featured_media":36307,"comment_status":"closed","ping_status":"open","sticky":false,"template":"","format":"standard","meta":{"_acf_changed":false,"footnotes":""},"categories":[68],"tags":[],"class_list":["post-36279","post","type-post","status-publish","format-standard","has-post-thumbnail","hentry","category-novidades"],"acf":[],"yoast_head":"<!-- This site is optimized with the Yoast SEO plugin v25.4 - https:\/\/yoast.com\/wordpress\/plugins\/seo\/ -->\n<title>Receitas em Marcha, uma nova a\u00e7\u00e3o da Andamur centrada na promo\u00e7\u00e3o de uma alimenta\u00e7\u00e3o saud\u00e1vel entre os profissionais do setor dos transportes - Andamur<\/title>\n<meta name=\"robots\" content=\"index, follow, max-snippet:-1, max-image-preview:large, max-video-preview:-1\" \/>\n<link rel=\"canonical\" href=\"https:\/\/www.andamur.com\/pt-pt\/novidades\/receitas-em-marcha-uma-nova-acao-da-andamur-centrada-na-promocao-de-uma-alimentacao-saudavel-entre-os-profissionais-do-setor-dos-transportes\/\" \/>\n<meta property=\"og:locale\" content=\"pt_PT\" \/>\n<meta property=\"og:type\" content=\"article\" \/>\n<meta property=\"og:title\" content=\"Receitas em Marcha, uma nova a\u00e7\u00e3o da Andamur centrada na promo\u00e7\u00e3o de uma alimenta\u00e7\u00e3o saud\u00e1vel entre os profissionais do setor dos transportes - Andamur\" \/>\n<meta property=\"og:description\" content=\"O acesso a menus saud\u00e1veis nem sempre \u00e9 uma op\u00e7\u00e3o f\u00e1cil para os camionistas. Na Andamur estamos conscientes disso e \u00e9 por isso que, como parte da nossa campanha #CuideDaSuaDietaNaEstrada, implementamos &#8220;Receitas em Marcha\u201d. Um livro de receitas com propostas gastron\u00f3micas de diferentes pa\u00edses em que condutores de diferentes nacionalidades foram consultados; de que tipo [&hellip;]\" \/>\n<meta property=\"og:url\" content=\"https:\/\/www.andamur.com\/pt-pt\/novidades\/receitas-em-marcha-uma-nova-acao-da-andamur-centrada-na-promocao-de-uma-alimentacao-saudavel-entre-os-profissionais-do-setor-dos-transportes\/\" \/>\n<meta property=\"og:site_name\" content=\"Andamur\" \/>\n<meta property=\"article:publisher\" content=\"https:\/\/www.facebook.com\/AndamurEurope\/\" \/>\n<meta property=\"article:published_time\" content=\"2022-10-20T15:38:11+00:00\" \/>\n<meta property=\"article:modified_time\" content=\"2024-12-05T12:39:35+00:00\" \/>\n<meta property=\"og:image\" content=\"https:\/\/www.andamur.com\/wp-content\/uploads\/2022\/10\/andamur_candido-17C-copia.jpg\" \/>\n\t<meta property=\"og:image:width\" content=\"1920\" \/>\n\t<meta property=\"og:image:height\" content=\"1921\" \/>\n\t<meta property=\"og:image:type\" content=\"image\/jpeg\" \/>\n<meta name=\"author\" content=\"andamur\" \/>\n<meta name=\"twitter:card\" content=\"summary_large_image\" \/>\n<meta name=\"twitter:creator\" content=\"@andamur_es\" \/>\n<meta name=\"twitter:site\" content=\"@andamur_es\" \/>\n<meta name=\"twitter:label1\" content=\"Written by\" \/>\n\t<meta name=\"twitter:data1\" content=\"andamur\" \/>\n\t<meta name=\"twitter:label2\" content=\"Est. reading time\" \/>\n\t<meta name=\"twitter:data2\" content=\"1 minute\" \/>\n<script type=\"application\/ld+json\" class=\"yoast-schema-graph\">{\"@context\":\"https:\/\/schema.org\",\"@graph\":[{\"@type\":\"Article\",\"@id\":\"https:\/\/www.andamur.com\/pt-pt\/novidades\/receitas-em-marcha-uma-nova-acao-da-andamur-centrada-na-promocao-de-uma-alimentacao-saudavel-entre-os-profissionais-do-setor-dos-transportes\/#article\",\"isPartOf\":{\"@id\":\"https:\/\/www.andamur.com\/pt-pt\/novidades\/receitas-em-marcha-uma-nova-acao-da-andamur-centrada-na-promocao-de-uma-alimentacao-saudavel-entre-os-profissionais-do-setor-dos-transportes\/\"},\"author\":{\"name\":\"andamur\",\"@id\":\"https:\/\/www.andamur.com\/#\/schema\/person\/131577731140377fe26cac4f07cccb72\"},\"headline\":\"Receitas em Marcha, uma nova a\u00e7\u00e3o da Andamur centrada na promo\u00e7\u00e3o de uma alimenta\u00e7\u00e3o saud\u00e1vel entre os profissionais do setor dos transportes\",\"datePublished\":\"2022-10-20T15:38:11+00:00\",\"dateModified\":\"2024-12-05T12:39:35+00:00\",\"mainEntityOfPage\":{\"@id\":\"https:\/\/www.andamur.com\/pt-pt\/novidades\/receitas-em-marcha-uma-nova-acao-da-andamur-centrada-na-promocao-de-uma-alimentacao-saudavel-entre-os-profissionais-do-setor-dos-transportes\/\"},\"wordCount\":297,\"publisher\":{\"@id\":\"https:\/\/www.andamur.com\/#organization\"},\"image\":{\"@id\":\"https:\/\/www.andamur.com\/pt-pt\/novidades\/receitas-em-marcha-uma-nova-acao-da-andamur-centrada-na-promocao-de-uma-alimentacao-saudavel-entre-os-profissionais-do-setor-dos-transportes\/#primaryimage\"},\"thumbnailUrl\":\"https:\/\/www.andamur.com\/wp-content\/uploads\/2022\/10\/andamur_candido-17C-copia.jpg\",\"articleSection\":[\"Novidades\"],\"inLanguage\":\"pt-PT\"},{\"@type\":\"WebPage\",\"@id\":\"https:\/\/www.andamur.com\/pt-pt\/novidades\/receitas-em-marcha-uma-nova-acao-da-andamur-centrada-na-promocao-de-uma-alimentacao-saudavel-entre-os-profissionais-do-setor-dos-transportes\/\",\"url\":\"https:\/\/www.andamur.com\/pt-pt\/novidades\/receitas-em-marcha-uma-nova-acao-da-andamur-centrada-na-promocao-de-uma-alimentacao-saudavel-entre-os-profissionais-do-setor-dos-transportes\/\",\"name\":\"Receitas em Marcha, uma nova a\u00e7\u00e3o da Andamur centrada na promo\u00e7\u00e3o de uma alimenta\u00e7\u00e3o saud\u00e1vel entre os profissionais do setor dos transportes - Andamur\",\"isPartOf\":{\"@id\":\"https:\/\/www.andamur.com\/#website\"},\"primaryImageOfPage\":{\"@id\":\"https:\/\/www.andamur.com\/pt-pt\/novidades\/receitas-em-marcha-uma-nova-acao-da-andamur-centrada-na-promocao-de-uma-alimentacao-saudavel-entre-os-profissionais-do-setor-dos-transportes\/#primaryimage\"},\"image\":{\"@id\":\"https:\/\/www.andamur.com\/pt-pt\/novidades\/receitas-em-marcha-uma-nova-acao-da-andamur-centrada-na-promocao-de-uma-alimentacao-saudavel-entre-os-profissionais-do-setor-dos-transportes\/#primaryimage\"},\"thumbnailUrl\":\"https:\/\/www.andamur.com\/wp-content\/uploads\/2022\/10\/andamur_candido-17C-copia.jpg\",\"datePublished\":\"2022-10-20T15:38:11+00:00\",\"dateModified\":\"2024-12-05T12:39:35+00:00\",\"breadcrumb\":{\"@id\":\"https:\/\/www.andamur.com\/pt-pt\/novidades\/receitas-em-marcha-uma-nova-acao-da-andamur-centrada-na-promocao-de-uma-alimentacao-saudavel-entre-os-profissionais-do-setor-dos-transportes\/#breadcrumb\"},\"inLanguage\":\"pt-PT\",\"potentialAction\":[{\"@type\":\"ReadAction\",\"target\":[\"https:\/\/www.andamur.com\/pt-pt\/novidades\/receitas-em-marcha-uma-nova-acao-da-andamur-centrada-na-promocao-de-uma-alimentacao-saudavel-entre-os-profissionais-do-setor-dos-transportes\/\"]}]},{\"@type\":\"ImageObject\",\"inLanguage\":\"pt-PT\",\"@id\":\"https:\/\/www.andamur.com\/pt-pt\/novidades\/receitas-em-marcha-uma-nova-acao-da-andamur-centrada-na-promocao-de-uma-alimentacao-saudavel-entre-os-profissionais-do-setor-dos-transportes\/#primaryimage\",\"url\":\"https:\/\/www.andamur.com\/wp-content\/uploads\/2022\/10\/andamur_candido-17C-copia.jpg\",\"contentUrl\":\"https:\/\/www.andamur.com\/wp-content\/uploads\/2022\/10\/andamur_candido-17C-copia.jpg\",\"width\":1920,\"height\":1921},{\"@type\":\"BreadcrumbList\",\"@id\":\"https:\/\/www.andamur.com\/pt-pt\/novidades\/receitas-em-marcha-uma-nova-acao-da-andamur-centrada-na-promocao-de-uma-alimentacao-saudavel-entre-os-profissionais-do-setor-dos-transportes\/#breadcrumb\",\"itemListElement\":[{\"@type\":\"ListItem\",\"position\":1,\"name\":\"Portada\",\"item\":\"https:\/\/www.andamur.com\/pt-pt\/\"},{\"@type\":\"ListItem\",\"position\":2,\"name\":\"Novidades\",\"item\":\"https:\/\/www.andamur.com\/pt-pt\/novidades\/\"},{\"@type\":\"ListItem\",\"position\":3,\"name\":\"Receitas em Marcha, uma nova a\u00e7\u00e3o da Andamur centrada na promo\u00e7\u00e3o de uma alimenta\u00e7\u00e3o saud\u00e1vel entre os profissionais do setor dos transportes\"}]},{\"@type\":\"WebSite\",\"@id\":\"https:\/\/www.andamur.com\/#website\",\"url\":\"https:\/\/www.andamur.com\/\",\"name\":\"Andamur\",\"description\":\"Cada viaje importa\",\"publisher\":{\"@id\":\"https:\/\/www.andamur.com\/#organization\"},\"inLanguage\":\"pt-PT\"},{\"@type\":\"Organization\",\"@id\":\"https:\/\/www.andamur.com\/#organization\",\"name\":\"Andamur\",\"url\":\"https:\/\/www.andamur.com\/\",\"logo\":{\"@type\":\"ImageObject\",\"inLanguage\":\"pt-PT\",\"@id\":\"https:\/\/www.andamur.com\/#\/schema\/logo\/image\/\",\"url\":\"https:\/\/www.andamur.com\/wp-content\/uploads\/2024\/02\/andamurogpic.jpg\",\"contentUrl\":\"https:\/\/www.andamur.com\/wp-content\/uploads\/2024\/02\/andamurogpic.jpg\",\"width\":1200,\"height\":630,\"caption\":\"Andamur\"},\"image\":{\"@id\":\"https:\/\/www.andamur.com\/#\/schema\/logo\/image\/\"},\"sameAs\":[\"https:\/\/www.facebook.com\/AndamurEurope\/\",\"https:\/\/x.com\/andamur_es\",\"https:\/\/www.instagram.com\/andamureurope\/\",\"https:\/\/www.youtube.com\/channel\/UCWP1SBl8J8SjUCcWBo_Uu1w\"]},{\"@type\":\"Person\",\"@id\":\"https:\/\/www.andamur.com\/#\/schema\/person\/131577731140377fe26cac4f07cccb72\",\"name\":\"andamur\",\"image\":{\"@type\":\"ImageObject\",\"inLanguage\":\"pt-PT\",\"@id\":\"https:\/\/www.andamur.com\/#\/schema\/person\/image\/\",\"url\":\"https:\/\/secure.gravatar.com\/avatar\/133ec8c8c0f653b06a023777fdc35962d922f161df68890737f028e35189a08f?s=96&d=mm&r=g\",\"contentUrl\":\"https:\/\/secure.gravatar.com\/avatar\/133ec8c8c0f653b06a023777fdc35962d922f161df68890737f028e35189a08f?s=96&d=mm&r=g\",\"caption\":\"andamur\"}}]}<\/script>\n<!-- \/ Yoast SEO plugin. -->","yoast_head_json":{"title":"Receitas em Marcha, uma nova a\u00e7\u00e3o da Andamur centrada na promo\u00e7\u00e3o de uma alimenta\u00e7\u00e3o saud\u00e1vel entre os profissionais do setor dos transportes - Andamur","robots":{"index":"index","follow":"follow","max-snippet":"max-snippet:-1","max-image-preview":"max-image-preview:large","max-video-preview":"max-video-preview:-1"},"canonical":"https:\/\/www.andamur.com\/pt-pt\/novidades\/receitas-em-marcha-uma-nova-acao-da-andamur-centrada-na-promocao-de-uma-alimentacao-saudavel-entre-os-profissionais-do-setor-dos-transportes\/","og_locale":"pt_PT","og_type":"article","og_title":"Receitas em Marcha, uma nova a\u00e7\u00e3o da Andamur centrada na promo\u00e7\u00e3o de uma alimenta\u00e7\u00e3o saud\u00e1vel entre os profissionais do setor dos transportes - Andamur","og_description":"O acesso a menus saud\u00e1veis nem sempre \u00e9 uma op\u00e7\u00e3o f\u00e1cil para os camionistas. Na Andamur estamos conscientes disso e \u00e9 por isso que, como parte da nossa campanha #CuideDaSuaDietaNaEstrada, implementamos &#8220;Receitas em Marcha\u201d. Um livro de receitas com propostas gastron\u00f3micas de diferentes pa\u00edses em que condutores de diferentes nacionalidades foram consultados; de que tipo [&hellip;]","og_url":"https:\/\/www.andamur.com\/pt-pt\/novidades\/receitas-em-marcha-uma-nova-acao-da-andamur-centrada-na-promocao-de-uma-alimentacao-saudavel-entre-os-profissionais-do-setor-dos-transportes\/","og_site_name":"Andamur","article_publisher":"https:\/\/www.facebook.com\/AndamurEurope\/","article_published_time":"2022-10-20T15:38:11+00:00","article_modified_time":"2024-12-05T12:39:35+00:00","og_image":[{"width":1920,"height":1921,"url":"https:\/\/www.andamur.com\/wp-content\/uploads\/2022\/10\/andamur_candido-17C-copia.jpg","type":"image\/jpeg"}],"author":"andamur","twitter_card":"summary_large_image","twitter_creator":"@andamur_es","twitter_site":"@andamur_es","twitter_misc":{"Written by":"andamur","Est. reading time":"1 minute"},"schema":{"@context":"https:\/\/schema.org","@graph":[{"@type":"Article","@id":"https:\/\/www.andamur.com\/pt-pt\/novidades\/receitas-em-marcha-uma-nova-acao-da-andamur-centrada-na-promocao-de-uma-alimentacao-saudavel-entre-os-profissionais-do-setor-dos-transportes\/#article","isPartOf":{"@id":"https:\/\/www.andamur.com\/pt-pt\/novidades\/receitas-em-marcha-uma-nova-acao-da-andamur-centrada-na-promocao-de-uma-alimentacao-saudavel-entre-os-profissionais-do-setor-dos-transportes\/"},"author":{"name":"andamur","@id":"https:\/\/www.andamur.com\/#\/schema\/person\/131577731140377fe26cac4f07cccb72"},"headline":"Receitas em Marcha, uma nova a\u00e7\u00e3o da Andamur centrada na promo\u00e7\u00e3o de uma alimenta\u00e7\u00e3o saud\u00e1vel entre os profissionais do setor dos transportes","datePublished":"2022-10-20T15:38:11+00:00","dateModified":"2024-12-05T12:39:35+00:00","mainEntityOfPage":{"@id":"https:\/\/www.andamur.com\/pt-pt\/novidades\/receitas-em-marcha-uma-nova-acao-da-andamur-centrada-na-promocao-de-uma-alimentacao-saudavel-entre-os-profissionais-do-setor-dos-transportes\/"},"wordCount":297,"publisher":{"@id":"https:\/\/www.andamur.com\/#organization"},"image":{"@id":"https:\/\/www.andamur.com\/pt-pt\/novidades\/receitas-em-marcha-uma-nova-acao-da-andamur-centrada-na-promocao-de-uma-alimentacao-saudavel-entre-os-profissionais-do-setor-dos-transportes\/#primaryimage"},"thumbnailUrl":"https:\/\/www.andamur.com\/wp-content\/uploads\/2022\/10\/andamur_candido-17C-copia.jpg","articleSection":["Novidades"],"inLanguage":"pt-PT"},{"@type":"WebPage","@id":"https:\/\/www.andamur.com\/pt-pt\/novidades\/receitas-em-marcha-uma-nova-acao-da-andamur-centrada-na-promocao-de-uma-alimentacao-saudavel-entre-os-profissionais-do-setor-dos-transportes\/","url":"https:\/\/www.andamur.com\/pt-pt\/novidades\/receitas-em-marcha-uma-nova-acao-da-andamur-centrada-na-promocao-de-uma-alimentacao-saudavel-entre-os-profissionais-do-setor-dos-transportes\/","name":"Receitas em Marcha, uma nova a\u00e7\u00e3o da Andamur centrada na promo\u00e7\u00e3o de uma alimenta\u00e7\u00e3o saud\u00e1vel entre os profissionais do setor dos transportes - Andamur","isPartOf":{"@id":"https:\/\/www.andamur.com\/#website"},"primaryImageOfPage":{"@id":"https:\/\/www.andamur.com\/pt-pt\/novidades\/receitas-em-marcha-uma-nova-acao-da-andamur-centrada-na-promocao-de-uma-alimentacao-saudavel-entre-os-profissionais-do-setor-dos-transportes\/#primaryimage"},"image":{"@id":"https:\/\/www.andamur.com\/pt-pt\/novidades\/receitas-em-marcha-uma-nova-acao-da-andamur-centrada-na-promocao-de-uma-alimentacao-saudavel-entre-os-profissionais-do-setor-dos-transportes\/#primaryimage"},"thumbnailUrl":"https:\/\/www.andamur.com\/wp-content\/uploads\/2022\/10\/andamur_candido-17C-copia.jpg","datePublished":"2022-10-20T15:38:11+00:00","dateModified":"2024-12-05T12:39:35+00:00","breadcrumb":{"@id":"https:\/\/www.andamur.com\/pt-pt\/novidades\/receitas-em-marcha-uma-nova-acao-da-andamur-centrada-na-promocao-de-uma-alimentacao-saudavel-entre-os-profissionais-do-setor-dos-transportes\/#breadcrumb"},"inLanguage":"pt-PT","potentialAction":[{"@type":"ReadAction","target":["https:\/\/www.andamur.com\/pt-pt\/novidades\/receitas-em-marcha-uma-nova-acao-da-andamur-centrada-na-promocao-de-uma-alimentacao-saudavel-entre-os-profissionais-do-setor-dos-transportes\/"]}]},{"@type":"ImageObject","inLanguage":"pt-PT","@id":"https:\/\/www.andamur.com\/pt-pt\/novidades\/receitas-em-marcha-uma-nova-acao-da-andamur-centrada-na-promocao-de-uma-alimentacao-saudavel-entre-os-profissionais-do-setor-dos-transportes\/#primaryimage","url":"https:\/\/www.andamur.com\/wp-content\/uploads\/2022\/10\/andamur_candido-17C-copia.jpg","contentUrl":"https:\/\/www.andamur.com\/wp-content\/uploads\/2022\/10\/andamur_candido-17C-copia.jpg","width":1920,"height":1921},{"@type":"BreadcrumbList","@id":"https:\/\/www.andamur.com\/pt-pt\/novidades\/receitas-em-marcha-uma-nova-acao-da-andamur-centrada-na-promocao-de-uma-alimentacao-saudavel-entre-os-profissionais-do-setor-dos-transportes\/#breadcrumb","itemListElement":[{"@type":"ListItem","position":1,"name":"Portada","item":"https:\/\/www.andamur.com\/pt-pt\/"},{"@type":"ListItem","position":2,"name":"Novidades","item":"https:\/\/www.andamur.com\/pt-pt\/novidades\/"},{"@type":"ListItem","position":3,"name":"Receitas em Marcha, uma nova a\u00e7\u00e3o da Andamur centrada na promo\u00e7\u00e3o de uma alimenta\u00e7\u00e3o saud\u00e1vel entre os profissionais do setor dos transportes"}]},{"@type":"WebSite","@id":"https:\/\/www.andamur.com\/#website","url":"https:\/\/www.andamur.com\/","name":"Andamur","description":"Cada viaje importa","publisher":{"@id":"https:\/\/www.andamur.com\/#organization"},"inLanguage":"pt-PT"},{"@type":"Organization","@id":"https:\/\/www.andamur.com\/#organization","name":"Andamur","url":"https:\/\/www.andamur.com\/","logo":{"@type":"ImageObject","inLanguage":"pt-PT","@id":"https:\/\/www.andamur.com\/#\/schema\/logo\/image\/","url":"https:\/\/www.andamur.com\/wp-content\/uploads\/2024\/02\/andamurogpic.jpg","contentUrl":"https:\/\/www.andamur.com\/wp-content\/uploads\/2024\/02\/andamurogpic.jpg","width":1200,"height":630,"caption":"Andamur"},"image":{"@id":"https:\/\/www.andamur.com\/#\/schema\/logo\/image\/"},"sameAs":["https:\/\/www.facebook.com\/AndamurEurope\/","https:\/\/x.com\/andamur_es","https:\/\/www.instagram.com\/andamureurope\/","https:\/\/www.youtube.com\/channel\/UCWP1SBl8J8SjUCcWBo_Uu1w"]},{"@type":"Person","@id":"https:\/\/www.andamur.com\/#\/schema\/person\/131577731140377fe26cac4f07cccb72","name":"andamur","image":{"@type":"ImageObject","inLanguage":"pt-PT","@id":"https:\/\/www.andamur.com\/#\/schema\/person\/image\/","url":"https:\/\/secure.gravatar.com\/avatar\/133ec8c8c0f653b06a023777fdc35962d922f161df68890737f028e35189a08f?s=96&d=mm&r=g","contentUrl":"https:\/\/secure.gravatar.com\/avatar\/133ec8c8c0f653b06a023777fdc35962d922f161df68890737f028e35189a08f?s=96&d=mm&r=g","caption":"andamur"}}]}},"_links":{"self":[{"href":"https:\/\/www.andamur.com\/pt-pt\/wp-json\/wp\/v2\/posts\/36279","targetHints":{"allow":["GET"]}}],"collection":[{"href":"https:\/\/www.andamur.com\/pt-pt\/wp-json\/wp\/v2\/posts"}],"about":[{"href":"https:\/\/www.andamur.com\/pt-pt\/wp-json\/wp\/v2\/types\/post"}],"author":[{"embeddable":true,"href":"https:\/\/www.andamur.com\/pt-pt\/wp-json\/wp\/v2\/users\/1"}],"replies":[{"embeddable":true,"href":"https:\/\/www.andamur.com\/pt-pt\/wp-json\/wp\/v2\/comments?post=36279"}],"version-history":[{"count":0,"href":"https:\/\/www.andamur.com\/pt-pt\/wp-json\/wp\/v2\/posts\/36279\/revisions"}],"wp:featuredmedia":[{"embeddable":true,"href":"https:\/\/www.andamur.com\/pt-pt\/wp-json\/wp\/v2\/media\/36307"}],"wp:attachment":[{"href":"https:\/\/www.andamur.com\/pt-pt\/wp-json\/wp\/v2\/media?parent=36279"}],"wp:term":[{"taxonomy":"category","embeddable":true,"href":"https:\/\/www.andamur.com\/pt-pt\/wp-json\/wp\/v2\/categories?post=36279"},{"taxonomy":"post_tag","embeddable":true,"href":"https:\/\/www.andamur.com\/pt-pt\/wp-json\/wp\/v2\/tags?post=36279"}],"curies":[{"name":"wp","href":"https:\/\/api.w.org\/{rel}","templated":true}]}}