{"id":32315,"date":"2022-06-24T09:30:46","date_gmt":"2022-06-24T08:30:46","guid":{"rendered":"https:\/\/www.andamur.com\/?p=32315"},"modified":"2024-12-05T13:39:40","modified_gmt":"2024-12-05T12:39:40","slug":"transporte-de-mercadorias-pela-austria-o-que-precisa-de-saber-para-gerir-a-sua-frota-em-terras-austriacas","status":"publish","type":"post","link":"https:\/\/www.andamur.com\/pt-pt\/novidades\/transporte-de-mercadorias-pela-austria-o-que-precisa-de-saber-para-gerir-a-sua-frota-em-terras-austriacas\/","title":{"rendered":"Transporte de mercadorias pela \u00c1ustria: o que precisa de saber para gerir a sua frota em terras austr\u00edacas"},"content":{"rendered":"<p>Nas rotas internacionais pela Europa, \u00e9 preciso ter em conta muitos aspetos para que a sua frota possa realizar a sua viagem em total seguran\u00e7a. As empresas de transporte desenvolvem um valioso trabalho de organiza\u00e7\u00e3o e gest\u00e3o para organizar a rota para os seus trabalhadores. Al\u00e9m disso, devem ter em conta muitos aspetos, tais como as esta\u00e7\u00f5es de servi\u00e7o no local para onde viajam, a recupera\u00e7\u00e3o do IVA, as portagens, os cart\u00f5es de combust\u00edvel&#8230;<\/p>\n<p>Um dos nossos compromissos \u00e9 acompanhar o transportador nas suas rotas pela Europa. Por este motivo, inici\u00e1mos h\u00e1 anos atr\u00e1s um processo de internacionaliza\u00e7\u00e3o atualmente em vigor.<\/p>\n<p>Quando inici\u00e1mos este processo, percebemos que muitos dos nossos clientes tinham a \u00c1ustria como destino, uma vez que este pa\u00eds alberga a sexta capital mais importante da Uni\u00e3o Europeia. \u00c9 tamb\u00e9m uma liga\u00e7\u00e3o e um ponto de paragem obrigat\u00f3rio nas rotas para pa\u00edses vizinhos a leste e a sul, pelo que inici\u00e1mos o nosso trabalho para associar \u00e0 nossa rede de \u00e1reas de servi\u00e7o as esta\u00e7\u00f5es austr\u00edacas mais bem localizadas.<\/p>\n<p><strong>Rede de Esta\u00e7\u00f5es de Servi\u00e7o na \u00c1ustria<\/strong><\/p>\n<p>Na \u00c1ustria temos mais de 15 esta\u00e7\u00f5es parceiras sob a bandeira de titulares de cart\u00f5es internacionais como IDS, Diesel24 ou Tankpool24. Al\u00e9m disso, encontram-se espalhados pelas principais vias do pa\u00eds para que a sua localiza\u00e7\u00e3o corresponda \u00e0 rota dos transportadores da melhor forma poss\u00edvel.<\/p>\n<p>Destas 15 esta\u00e7\u00f5es, todas menos uma oferecem servi\u00e7o 24 horas e uma delas (Sinabelkirchen Tankstelle HLD Untergro\u00f6au 180 &#8211; Untergro\u00dfau &#8211; Steiermark) conta com um parque de estacionamento.<\/p>\n<p><strong>Esta\u00e7\u00f5es fronteiri\u00e7as<\/strong><\/p>\n<p>Para al\u00e9m da nossa rede de esta\u00e7\u00f5es na \u00c1ustria, na Andamur dispomos de servi\u00e7o na fronteira de Espanha para os transportadores que est\u00e3o prestes a embarcar na sua rota para a \u00c1ustria.<\/p>\n<ul>\n<li><a href=\"https:\/\/www.andamur.com\/area-servicio\/san-roman\/\"><strong>\u00c1rea de Servi\u00e7o Andamur San Rom\u00e1n<\/strong><\/a><\/li>\n<\/ul>\n<ul>\n<li><a href=\"https:\/\/www.andamur.com\/area-servicio\/la-junquera\/\"><strong>\u00c1rea de Servi\u00e7o Andamur La Junquera<\/strong><\/a><\/li>\n<\/ul>\n<ul>\n<li><a href=\"https:\/\/www.andamur.com\/area-servicio\/andamur-llers\/\"><strong>\u00c1rea de Servi\u00e7o Andamur La Junquera<\/strong> \u2013 <strong>Llers<\/strong><\/a><\/li>\n<\/ul>\n<ul>\n<li><a href=\"https:\/\/www.andamur.com\/area-servicio\/navarra\/\"><strong>\u00c1rea de Servi\u00e7o Andamur Pamplona<\/strong><\/a><\/li>\n<\/ul>\n<p><strong>Portagens na \u00c1ustria<\/strong><\/p>\n<p>Na \u00c1ustria, todas as autoestradas e estradas com duas faixas de rodagem t\u00eam portagens. No entanto, nem todas t\u00eam postos de portagem com barreiras para efetuar o pagamento. Para que os transportadores profissionais possam circular nas estradas austr\u00edacas sem problemas, \u00e9 necess\u00e1rio um dispositivo de teleportagem para comprovar o pagamento.<\/p>\n<p>Os dispositivos de teleportagem s\u00e3o os aliados dos condutores profissionais e das empresas de transporte, uma vez que permitem \u00e0s frotas viajar de forma mais r\u00e1pida e c\u00f3moda.<\/p>\n<p>Na Andamur contamos com <a href=\"https:\/\/www.andamur.com\/servicios-andamur\/peajes\/\">dois dispositivos de portagens<\/a> dispon\u00edveis na \u00c1ustria para as viagens dos nossos clientes: ServiBOX e Interoperable EU.<\/p>\n<ul>\n<li><strong>ServiBOX <\/strong>trata-se de um dispositivo sat\u00e9lite f\u00e1cil e intuitivo dispon\u00edvel na \u00c1ustria e em outros 11 pa\u00edses europeus (Espanha, Portugal, Fran\u00e7a, T\u00fanel Belga, B\u00e9lgica, It\u00e1lia, Pol\u00f3nia, Dinamarca, Noruega, Su\u00e9cia, Su\u00ed\u00e7a e Alemanha). Os pa\u00edses podem ser ativados ou desativados sem custos adicionais e encontra-se dispon\u00edvel em 14 idiomas. A ServiBOX simplifica a gest\u00e3o de transportes internacionais e garante a m\u00e1xima seguran\u00e7a e controlo da sua frota, gra\u00e7as ao sistema de gest\u00e3o e controlo da frotas <a href=\"https:\/\/www.andamur.com\/wp-content\/uploads\/2020\/09\/ServiBOX-KMASTER.pdf\">KMASTER<\/a>.<\/li>\n<\/ul>\n<ul>\n<li><strong>Interoperable EU<\/strong> \u00e9 um dispositivo de radiofrequ\u00eancia f\u00e1cil de instalar dispon\u00edvel em 7 pa\u00edses da Europa (Espanha, Portugal, Fran\u00e7a, It\u00e1lia, Pol\u00f3nia, \u00c1ustria e o t\u00fanel belga).<\/li>\n<\/ul>\n<p><strong>Recupera\u00e7\u00e3o do IVA<\/strong><\/p>\n<p>Se \u00e9 uma empresa ou um trabalhador independente com consumos em pa\u00edses da Uni\u00e3o Europeia onde n\u00e3o est\u00e1 estabelecido em termos fiscais, a Andamur gere a recupera\u00e7\u00e3o do IVA pago sobre produtos e servi\u00e7os relacionados com a sua atividade, tais como combust\u00edvel, portagens, hot\u00e9is, t\u00e1xis, repara\u00e7\u00f5es, ferries, feiras\u2026<\/p>\n<p>O montante das devolu\u00e7\u00f5es varia em fun\u00e7\u00e3o do pa\u00eds e do tipo de consumo efetuado.<\/p>\n<p><strong>Andamur ProEurope<\/strong><\/p>\n<p>O cart\u00e3o <a href=\"https:\/\/www.andamur.com\/pt-pt\/servicios-andamur\/cartoes-de-combustivel\/\">Andamur ProEurope<\/a> permite reabastecer em mais de 700 esta\u00e7\u00f5es de servi\u00e7o em 9 pa\u00edses europeus com um \u00fanico cart\u00e3o. Permitir-lhe-\u00e1 utiliz\u00e1-lo em esta\u00e7\u00f5es de servi\u00e7o da \u00c1ustria.<\/p>\n<p>O cart\u00e3o \u00e9 gratuito e n\u00e3o tem quotas nem consumo m\u00ednimo. Al\u00e9m disso, oferece as seguintes vantagens \u00e0s empresas de transporte de mercadorias:<\/p>\n<ul>\n<li>Condi\u00e7\u00f5es flex\u00edveis gra\u00e7as aos dois m\u00e9todos de pagamento (pagamento a cr\u00e9dito por <strong>transfer\u00eancia banc\u00e1ria<\/strong> ou mediante <strong>recarregamentos online<\/strong> atrav\u00e9s da sua \u00c1rea Privada, <strong>Andamur Connect<\/strong>, da forma mais imediata, c\u00f3moda e segura)<\/li>\n<li>Limites de seguran\u00e7a estabelecidos por defeito e bloqueio imediato, se necess\u00e1rio, al\u00e9m de alertas antifraude ativados automaticamente a fim de assegurar os trajetos pela Europa.<\/li>\n<li>\u00danico sistema antifraude do mercado, <a href=\"https:\/\/www.andamur.com\/servicios-andamur\/aircode\/\"><strong>airCODE<\/strong><\/a>. Um sistema que assegura todos os pagamentos relacionados com o abastecimento de combust\u00edvel \u00e0 medida que encriptamos todas as transa\u00e7\u00f5es extremo-a-extremo durante o reabastecimento.<\/li>\n<\/ul>\n<p><a href=\"https:\/\/www.andamur.com\/seguridad\/\">Na Andamur estamos comprometidos com a seguran\u00e7a dos nossos clientes. <\/a>Por isso, trabalhamos todos os dias para que as frotas possam realizar as suas rotas com a m\u00e1xima seguran\u00e7a poss\u00edvel.<\/p>\n<p>&nbsp;<\/p>\n<p>Estamos conscientes da import\u00e2ncia de planear cada rota e conhecer o m\u00e1ximo sobre cada pa\u00eds antes de embarcar numa viagem. A partir da Andamur, trabalhamos todos os dias para facultar essas informa\u00e7\u00f5es sobre a Europa e oferecer \u00e0s empresas de transporte servi\u00e7os para simplificar estes processos. Na Andamur <em>#CadaViagemImporta<\/em><\/p>\n<p>&nbsp;<\/p>\n","protected":false},"excerpt":{"rendered":"<p>Nas rotas internacionais pela Europa, \u00e9 preciso ter em conta muitos aspetos para que a sua frota possa realizar a sua viagem em total seguran\u00e7a. As empresas de transporte desenvolvem um valioso trabalho de organiza\u00e7\u00e3o e gest\u00e3o para organizar a rota para os seus trabalhadores. Al\u00e9m disso, devem ter em conta muitos aspetos, tais como [&hellip;]<\/p>\n","protected":false},"author":1,"featured_media":32316,"comment_status":"closed","ping_status":"open","sticky":false,"template":"","format":"standard","meta":{"_acf_changed":false,"footnotes":""},"categories":[68],"tags":[],"class_list":["post-32315","post","type-post","status-publish","format-standard","has-post-thumbnail","hentry","category-novidades"],"acf":[],"yoast_head":"<!-- This site is optimized with the Yoast SEO plugin v25.4 - https:\/\/yoast.com\/wordpress\/plugins\/seo\/ -->\n<title>Transporte de mercadorias pela \u00c1ustria: o que precisa de saber para gerir a sua frota em terras austr\u00edacas - Andamur<\/title>\n<meta name=\"robots\" content=\"index, follow, max-snippet:-1, max-image-preview:large, max-video-preview:-1\" \/>\n<link rel=\"canonical\" href=\"https:\/\/www.andamur.com\/pt-pt\/novidades\/transporte-de-mercadorias-pela-austria-o-que-precisa-de-saber-para-gerir-a-sua-frota-em-terras-austriacas\/\" \/>\n<meta property=\"og:locale\" content=\"pt_PT\" \/>\n<meta property=\"og:type\" content=\"article\" \/>\n<meta property=\"og:title\" content=\"Transporte de mercadorias pela \u00c1ustria: o que precisa de saber para gerir a sua frota em terras austr\u00edacas - Andamur\" \/>\n<meta property=\"og:description\" content=\"Nas rotas internacionais pela Europa, \u00e9 preciso ter em conta muitos aspetos para que a sua frota possa realizar a sua viagem em total seguran\u00e7a. As empresas de transporte desenvolvem um valioso trabalho de organiza\u00e7\u00e3o e gest\u00e3o para organizar a rota para os seus trabalhadores. Al\u00e9m disso, devem ter em conta muitos aspetos, tais como [&hellip;]\" \/>\n<meta property=\"og:url\" content=\"https:\/\/www.andamur.com\/pt-pt\/novidades\/transporte-de-mercadorias-pela-austria-o-que-precisa-de-saber-para-gerir-a-sua-frota-em-terras-austriacas\/\" \/>\n<meta property=\"og:site_name\" content=\"Andamur\" \/>\n<meta property=\"article:publisher\" content=\"https:\/\/www.facebook.com\/AndamurEurope\/\" \/>\n<meta property=\"article:published_time\" content=\"2022-06-24T08:30:46+00:00\" \/>\n<meta property=\"article:modified_time\" content=\"2024-12-05T12:39:40+00:00\" \/>\n<meta property=\"og:image\" content=\"https:\/\/www.andamur.com\/wp-content\/uploads\/2022\/06\/aritculo-austria-PT.jpg\" \/>\n\t<meta property=\"og:image:width\" content=\"1080\" \/>\n\t<meta property=\"og:image:height\" content=\"1080\" \/>\n\t<meta property=\"og:image:type\" content=\"image\/jpeg\" \/>\n<meta name=\"author\" content=\"andamur\" \/>\n<meta name=\"twitter:card\" content=\"summary_large_image\" \/>\n<meta name=\"twitter:creator\" content=\"@andamur_es\" \/>\n<meta name=\"twitter:site\" content=\"@andamur_es\" \/>\n<meta name=\"twitter:label1\" content=\"Written by\" \/>\n\t<meta name=\"twitter:data1\" content=\"andamur\" \/>\n\t<meta name=\"twitter:label2\" content=\"Est. reading time\" \/>\n\t<meta name=\"twitter:data2\" content=\"5 minutes\" \/>\n<script type=\"application\/ld+json\" class=\"yoast-schema-graph\">{\"@context\":\"https:\/\/schema.org\",\"@graph\":[{\"@type\":\"Article\",\"@id\":\"https:\/\/www.andamur.com\/pt-pt\/novidades\/transporte-de-mercadorias-pela-austria-o-que-precisa-de-saber-para-gerir-a-sua-frota-em-terras-austriacas\/#article\",\"isPartOf\":{\"@id\":\"https:\/\/www.andamur.com\/pt-pt\/novidades\/transporte-de-mercadorias-pela-austria-o-que-precisa-de-saber-para-gerir-a-sua-frota-em-terras-austriacas\/\"},\"author\":{\"name\":\"andamur\",\"@id\":\"https:\/\/www.andamur.com\/#\/schema\/person\/131577731140377fe26cac4f07cccb72\"},\"headline\":\"Transporte de mercadorias pela \u00c1ustria: o que precisa de saber para gerir a sua frota em terras austr\u00edacas\",\"datePublished\":\"2022-06-24T08:30:46+00:00\",\"dateModified\":\"2024-12-05T12:39:40+00:00\",\"mainEntityOfPage\":{\"@id\":\"https:\/\/www.andamur.com\/pt-pt\/novidades\/transporte-de-mercadorias-pela-austria-o-que-precisa-de-saber-para-gerir-a-sua-frota-em-terras-austriacas\/\"},\"wordCount\":928,\"publisher\":{\"@id\":\"https:\/\/www.andamur.com\/#organization\"},\"image\":{\"@id\":\"https:\/\/www.andamur.com\/pt-pt\/novidades\/transporte-de-mercadorias-pela-austria-o-que-precisa-de-saber-para-gerir-a-sua-frota-em-terras-austriacas\/#primaryimage\"},\"thumbnailUrl\":\"https:\/\/www.andamur.com\/wp-content\/uploads\/2022\/06\/aritculo-austria-PT.jpg\",\"articleSection\":[\"Novidades\"],\"inLanguage\":\"pt-PT\"},{\"@type\":\"WebPage\",\"@id\":\"https:\/\/www.andamur.com\/pt-pt\/novidades\/transporte-de-mercadorias-pela-austria-o-que-precisa-de-saber-para-gerir-a-sua-frota-em-terras-austriacas\/\",\"url\":\"https:\/\/www.andamur.com\/pt-pt\/novidades\/transporte-de-mercadorias-pela-austria-o-que-precisa-de-saber-para-gerir-a-sua-frota-em-terras-austriacas\/\",\"name\":\"Transporte de mercadorias pela \u00c1ustria: o que precisa de saber para gerir a sua frota em terras austr\u00edacas - Andamur\",\"isPartOf\":{\"@id\":\"https:\/\/www.andamur.com\/#website\"},\"primaryImageOfPage\":{\"@id\":\"https:\/\/www.andamur.com\/pt-pt\/novidades\/transporte-de-mercadorias-pela-austria-o-que-precisa-de-saber-para-gerir-a-sua-frota-em-terras-austriacas\/#primaryimage\"},\"image\":{\"@id\":\"https:\/\/www.andamur.com\/pt-pt\/novidades\/transporte-de-mercadorias-pela-austria-o-que-precisa-de-saber-para-gerir-a-sua-frota-em-terras-austriacas\/#primaryimage\"},\"thumbnailUrl\":\"https:\/\/www.andamur.com\/wp-content\/uploads\/2022\/06\/aritculo-austria-PT.jpg\",\"datePublished\":\"2022-06-24T08:30:46+00:00\",\"dateModified\":\"2024-12-05T12:39:40+00:00\",\"breadcrumb\":{\"@id\":\"https:\/\/www.andamur.com\/pt-pt\/novidades\/transporte-de-mercadorias-pela-austria-o-que-precisa-de-saber-para-gerir-a-sua-frota-em-terras-austriacas\/#breadcrumb\"},\"inLanguage\":\"pt-PT\",\"potentialAction\":[{\"@type\":\"ReadAction\",\"target\":[\"https:\/\/www.andamur.com\/pt-pt\/novidades\/transporte-de-mercadorias-pela-austria-o-que-precisa-de-saber-para-gerir-a-sua-frota-em-terras-austriacas\/\"]}]},{\"@type\":\"ImageObject\",\"inLanguage\":\"pt-PT\",\"@id\":\"https:\/\/www.andamur.com\/pt-pt\/novidades\/transporte-de-mercadorias-pela-austria-o-que-precisa-de-saber-para-gerir-a-sua-frota-em-terras-austriacas\/#primaryimage\",\"url\":\"https:\/\/www.andamur.com\/wp-content\/uploads\/2022\/06\/aritculo-austria-PT.jpg\",\"contentUrl\":\"https:\/\/www.andamur.com\/wp-content\/uploads\/2022\/06\/aritculo-austria-PT.jpg\",\"width\":1080,\"height\":1080},{\"@type\":\"BreadcrumbList\",\"@id\":\"https:\/\/www.andamur.com\/pt-pt\/novidades\/transporte-de-mercadorias-pela-austria-o-que-precisa-de-saber-para-gerir-a-sua-frota-em-terras-austriacas\/#breadcrumb\",\"itemListElement\":[{\"@type\":\"ListItem\",\"position\":1,\"name\":\"Portada\",\"item\":\"https:\/\/www.andamur.com\/pt-pt\/\"},{\"@type\":\"ListItem\",\"position\":2,\"name\":\"Novidades\",\"item\":\"https:\/\/www.andamur.com\/pt-pt\/novidades\/\"},{\"@type\":\"ListItem\",\"position\":3,\"name\":\"Transporte de mercadorias pela \u00c1ustria: o que precisa de saber para gerir a sua frota em terras austr\u00edacas\"}]},{\"@type\":\"WebSite\",\"@id\":\"https:\/\/www.andamur.com\/#website\",\"url\":\"https:\/\/www.andamur.com\/\",\"name\":\"Andamur\",\"description\":\"Cada viaje importa\",\"publisher\":{\"@id\":\"https:\/\/www.andamur.com\/#organization\"},\"inLanguage\":\"pt-PT\"},{\"@type\":\"Organization\",\"@id\":\"https:\/\/www.andamur.com\/#organization\",\"name\":\"Andamur\",\"url\":\"https:\/\/www.andamur.com\/\",\"logo\":{\"@type\":\"ImageObject\",\"inLanguage\":\"pt-PT\",\"@id\":\"https:\/\/www.andamur.com\/#\/schema\/logo\/image\/\",\"url\":\"https:\/\/www.andamur.com\/wp-content\/uploads\/2024\/02\/andamurogpic.jpg\",\"contentUrl\":\"https:\/\/www.andamur.com\/wp-content\/uploads\/2024\/02\/andamurogpic.jpg\",\"width\":1200,\"height\":630,\"caption\":\"Andamur\"},\"image\":{\"@id\":\"https:\/\/www.andamur.com\/#\/schema\/logo\/image\/\"},\"sameAs\":[\"https:\/\/www.facebook.com\/AndamurEurope\/\",\"https:\/\/x.com\/andamur_es\",\"https:\/\/www.instagram.com\/andamureurope\/\",\"https:\/\/www.youtube.com\/channel\/UCWP1SBl8J8SjUCcWBo_Uu1w\"]},{\"@type\":\"Person\",\"@id\":\"https:\/\/www.andamur.com\/#\/schema\/person\/131577731140377fe26cac4f07cccb72\",\"name\":\"andamur\",\"image\":{\"@type\":\"ImageObject\",\"inLanguage\":\"pt-PT\",\"@id\":\"https:\/\/www.andamur.com\/#\/schema\/person\/image\/\",\"url\":\"https:\/\/secure.gravatar.com\/avatar\/133ec8c8c0f653b06a023777fdc35962d922f161df68890737f028e35189a08f?s=96&d=mm&r=g\",\"contentUrl\":\"https:\/\/secure.gravatar.com\/avatar\/133ec8c8c0f653b06a023777fdc35962d922f161df68890737f028e35189a08f?s=96&d=mm&r=g\",\"caption\":\"andamur\"}}]}<\/script>\n<!-- \/ Yoast SEO plugin. -->","yoast_head_json":{"title":"Transporte de mercadorias pela \u00c1ustria: o que precisa de saber para gerir a sua frota em terras austr\u00edacas - Andamur","robots":{"index":"index","follow":"follow","max-snippet":"max-snippet:-1","max-image-preview":"max-image-preview:large","max-video-preview":"max-video-preview:-1"},"canonical":"https:\/\/www.andamur.com\/pt-pt\/novidades\/transporte-de-mercadorias-pela-austria-o-que-precisa-de-saber-para-gerir-a-sua-frota-em-terras-austriacas\/","og_locale":"pt_PT","og_type":"article","og_title":"Transporte de mercadorias pela \u00c1ustria: o que precisa de saber para gerir a sua frota em terras austr\u00edacas - Andamur","og_description":"Nas rotas internacionais pela Europa, \u00e9 preciso ter em conta muitos aspetos para que a sua frota possa realizar a sua viagem em total seguran\u00e7a. As empresas de transporte desenvolvem um valioso trabalho de organiza\u00e7\u00e3o e gest\u00e3o para organizar a rota para os seus trabalhadores. Al\u00e9m disso, devem ter em conta muitos aspetos, tais como [&hellip;]","og_url":"https:\/\/www.andamur.com\/pt-pt\/novidades\/transporte-de-mercadorias-pela-austria-o-que-precisa-de-saber-para-gerir-a-sua-frota-em-terras-austriacas\/","og_site_name":"Andamur","article_publisher":"https:\/\/www.facebook.com\/AndamurEurope\/","article_published_time":"2022-06-24T08:30:46+00:00","article_modified_time":"2024-12-05T12:39:40+00:00","og_image":[{"width":1080,"height":1080,"url":"https:\/\/www.andamur.com\/wp-content\/uploads\/2022\/06\/aritculo-austria-PT.jpg","type":"image\/jpeg"}],"author":"andamur","twitter_card":"summary_large_image","twitter_creator":"@andamur_es","twitter_site":"@andamur_es","twitter_misc":{"Written by":"andamur","Est. reading time":"5 minutes"},"schema":{"@context":"https:\/\/schema.org","@graph":[{"@type":"Article","@id":"https:\/\/www.andamur.com\/pt-pt\/novidades\/transporte-de-mercadorias-pela-austria-o-que-precisa-de-saber-para-gerir-a-sua-frota-em-terras-austriacas\/#article","isPartOf":{"@id":"https:\/\/www.andamur.com\/pt-pt\/novidades\/transporte-de-mercadorias-pela-austria-o-que-precisa-de-saber-para-gerir-a-sua-frota-em-terras-austriacas\/"},"author":{"name":"andamur","@id":"https:\/\/www.andamur.com\/#\/schema\/person\/131577731140377fe26cac4f07cccb72"},"headline":"Transporte de mercadorias pela \u00c1ustria: o que precisa de saber para gerir a sua frota em terras austr\u00edacas","datePublished":"2022-06-24T08:30:46+00:00","dateModified":"2024-12-05T12:39:40+00:00","mainEntityOfPage":{"@id":"https:\/\/www.andamur.com\/pt-pt\/novidades\/transporte-de-mercadorias-pela-austria-o-que-precisa-de-saber-para-gerir-a-sua-frota-em-terras-austriacas\/"},"wordCount":928,"publisher":{"@id":"https:\/\/www.andamur.com\/#organization"},"image":{"@id":"https:\/\/www.andamur.com\/pt-pt\/novidades\/transporte-de-mercadorias-pela-austria-o-que-precisa-de-saber-para-gerir-a-sua-frota-em-terras-austriacas\/#primaryimage"},"thumbnailUrl":"https:\/\/www.andamur.com\/wp-content\/uploads\/2022\/06\/aritculo-austria-PT.jpg","articleSection":["Novidades"],"inLanguage":"pt-PT"},{"@type":"WebPage","@id":"https:\/\/www.andamur.com\/pt-pt\/novidades\/transporte-de-mercadorias-pela-austria-o-que-precisa-de-saber-para-gerir-a-sua-frota-em-terras-austriacas\/","url":"https:\/\/www.andamur.com\/pt-pt\/novidades\/transporte-de-mercadorias-pela-austria-o-que-precisa-de-saber-para-gerir-a-sua-frota-em-terras-austriacas\/","name":"Transporte de mercadorias pela \u00c1ustria: o que precisa de saber para gerir a sua frota em terras austr\u00edacas - Andamur","isPartOf":{"@id":"https:\/\/www.andamur.com\/#website"},"primaryImageOfPage":{"@id":"https:\/\/www.andamur.com\/pt-pt\/novidades\/transporte-de-mercadorias-pela-austria-o-que-precisa-de-saber-para-gerir-a-sua-frota-em-terras-austriacas\/#primaryimage"},"image":{"@id":"https:\/\/www.andamur.com\/pt-pt\/novidades\/transporte-de-mercadorias-pela-austria-o-que-precisa-de-saber-para-gerir-a-sua-frota-em-terras-austriacas\/#primaryimage"},"thumbnailUrl":"https:\/\/www.andamur.com\/wp-content\/uploads\/2022\/06\/aritculo-austria-PT.jpg","datePublished":"2022-06-24T08:30:46+00:00","dateModified":"2024-12-05T12:39:40+00:00","breadcrumb":{"@id":"https:\/\/www.andamur.com\/pt-pt\/novidades\/transporte-de-mercadorias-pela-austria-o-que-precisa-de-saber-para-gerir-a-sua-frota-em-terras-austriacas\/#breadcrumb"},"inLanguage":"pt-PT","potentialAction":[{"@type":"ReadAction","target":["https:\/\/www.andamur.com\/pt-pt\/novidades\/transporte-de-mercadorias-pela-austria-o-que-precisa-de-saber-para-gerir-a-sua-frota-em-terras-austriacas\/"]}]},{"@type":"ImageObject","inLanguage":"pt-PT","@id":"https:\/\/www.andamur.com\/pt-pt\/novidades\/transporte-de-mercadorias-pela-austria-o-que-precisa-de-saber-para-gerir-a-sua-frota-em-terras-austriacas\/#primaryimage","url":"https:\/\/www.andamur.com\/wp-content\/uploads\/2022\/06\/aritculo-austria-PT.jpg","contentUrl":"https:\/\/www.andamur.com\/wp-content\/uploads\/2022\/06\/aritculo-austria-PT.jpg","width":1080,"height":1080},{"@type":"BreadcrumbList","@id":"https:\/\/www.andamur.com\/pt-pt\/novidades\/transporte-de-mercadorias-pela-austria-o-que-precisa-de-saber-para-gerir-a-sua-frota-em-terras-austriacas\/#breadcrumb","itemListElement":[{"@type":"ListItem","position":1,"name":"Portada","item":"https:\/\/www.andamur.com\/pt-pt\/"},{"@type":"ListItem","position":2,"name":"Novidades","item":"https:\/\/www.andamur.com\/pt-pt\/novidades\/"},{"@type":"ListItem","position":3,"name":"Transporte de mercadorias pela \u00c1ustria: o que precisa de saber para gerir a sua frota em terras austr\u00edacas"}]},{"@type":"WebSite","@id":"https:\/\/www.andamur.com\/#website","url":"https:\/\/www.andamur.com\/","name":"Andamur","description":"Cada viaje importa","publisher":{"@id":"https:\/\/www.andamur.com\/#organization"},"inLanguage":"pt-PT"},{"@type":"Organization","@id":"https:\/\/www.andamur.com\/#organization","name":"Andamur","url":"https:\/\/www.andamur.com\/","logo":{"@type":"ImageObject","inLanguage":"pt-PT","@id":"https:\/\/www.andamur.com\/#\/schema\/logo\/image\/","url":"https:\/\/www.andamur.com\/wp-content\/uploads\/2024\/02\/andamurogpic.jpg","contentUrl":"https:\/\/www.andamur.com\/wp-content\/uploads\/2024\/02\/andamurogpic.jpg","width":1200,"height":630,"caption":"Andamur"},"image":{"@id":"https:\/\/www.andamur.com\/#\/schema\/logo\/image\/"},"sameAs":["https:\/\/www.facebook.com\/AndamurEurope\/","https:\/\/x.com\/andamur_es","https:\/\/www.instagram.com\/andamureurope\/","https:\/\/www.youtube.com\/channel\/UCWP1SBl8J8SjUCcWBo_Uu1w"]},{"@type":"Person","@id":"https:\/\/www.andamur.com\/#\/schema\/person\/131577731140377fe26cac4f07cccb72","name":"andamur","image":{"@type":"ImageObject","inLanguage":"pt-PT","@id":"https:\/\/www.andamur.com\/#\/schema\/person\/image\/","url":"https:\/\/secure.gravatar.com\/avatar\/133ec8c8c0f653b06a023777fdc35962d922f161df68890737f028e35189a08f?s=96&d=mm&r=g","contentUrl":"https:\/\/secure.gravatar.com\/avatar\/133ec8c8c0f653b06a023777fdc35962d922f161df68890737f028e35189a08f?s=96&d=mm&r=g","caption":"andamur"}}]}},"_links":{"self":[{"href":"https:\/\/www.andamur.com\/pt-pt\/wp-json\/wp\/v2\/posts\/32315","targetHints":{"allow":["GET"]}}],"collection":[{"href":"https:\/\/www.andamur.com\/pt-pt\/wp-json\/wp\/v2\/posts"}],"about":[{"href":"https:\/\/www.andamur.com\/pt-pt\/wp-json\/wp\/v2\/types\/post"}],"author":[{"embeddable":true,"href":"https:\/\/www.andamur.com\/pt-pt\/wp-json\/wp\/v2\/users\/1"}],"replies":[{"embeddable":true,"href":"https:\/\/www.andamur.com\/pt-pt\/wp-json\/wp\/v2\/comments?post=32315"}],"version-history":[{"count":0,"href":"https:\/\/www.andamur.com\/pt-pt\/wp-json\/wp\/v2\/posts\/32315\/revisions"}],"wp:featuredmedia":[{"embeddable":true,"href":"https:\/\/www.andamur.com\/pt-pt\/wp-json\/wp\/v2\/media\/32316"}],"wp:attachment":[{"href":"https:\/\/www.andamur.com\/pt-pt\/wp-json\/wp\/v2\/media?parent=32315"}],"wp:term":[{"taxonomy":"category","embeddable":true,"href":"https:\/\/www.andamur.com\/pt-pt\/wp-json\/wp\/v2\/categories?post=32315"},{"taxonomy":"post_tag","embeddable":true,"href":"https:\/\/www.andamur.com\/pt-pt\/wp-json\/wp\/v2\/tags?post=32315"}],"curies":[{"name":"wp","href":"https:\/\/api.w.org\/{rel}","templated":true}]}}