{"id":27033,"date":"2021-12-10T09:59:33","date_gmt":"2021-12-10T08:59:33","guid":{"rendered":"https:\/\/www.andamur.com\/?p=27033"},"modified":"2024-12-05T13:39:53","modified_gmt":"2024-12-05T12:39:53","slug":"a-andamur-voltou-aos-eventos-presenciais-em-2021","status":"publish","type":"post","link":"https:\/\/www.andamur.com\/pt-pt\/novidades\/a-andamur-voltou-aos-eventos-presenciais-em-2021\/","title":{"rendered":"A Andamur voltou aos eventos presenciais em 2021"},"content":{"rendered":"<p>Num ano diferente em que voltamos, aos poucos, a uma nova normalidade, voltamos aos eventos presenciais com grande entusiasmo e vontade..<\/p>\n<p>2021 foi um ano de mudan\u00e7as e adapta\u00e7\u00f5es, mas tamb\u00e9m nos deu a oportunidade de nos vermos pessoalmente e assim estarmos mais pr\u00f3ximos dos nossos clientes e fornecedores. Alguns dos eventos em que participamos ativamente e que devemos destacar s\u00e3o:<\/p>\n<ul>\n<li>VI Congresso Nacional e XLIV Assembleia Geral da ATFRIE, que se realizou no Huerto de Santa Mar\u00eda, em Puig, Val\u00eancia, nos dias 23 e 24 de setembro.<\/li>\n<\/ul>\n<p>Dois dias inteiros num local fant\u00e1stico onde hoje foram discutidos os principais problemas e desafios que o setor de transporte enfrenta. O evento, que decorreu sob o lema \u201cPela dignidade do setor, rumo a um futuro econ\u00f3mico e social sustent\u00e1vel\u201d, contou com a presen\u00e7a de especialistas na \u00e1rea. Al\u00e9m de m\u00faltiplas atividades para os participantes e acompanhantes, o evento contou com uma exposi\u00e7\u00e3o exterior na qual estivemos presentes com o nosso emblem\u00e1tico cami\u00e3o.<\/p>\n<ul>\n<li>Truck talk. No dia 30 de setembro, no Restaurante Andamur, da Cidade dos Transportes de Pamplona, \u200b\u200btivemos a oportunidade de organizar, em conjunto com a Michelin e a WTransnet, um interessante evento sobre sustentabilidade, efici\u00eancia e colabora\u00e7\u00e3o. Com um \u00fanico objetivo: a promo\u00e7\u00e3o de um transporte rodovi\u00e1rio de mercadorias mais eficiente e sustent\u00e1vel, o evento contou com a presen\u00e7a de importantes nomes tanto no setor dos transportes como no dom\u00ednio da sustentabilidade. A Trucck Talks queria fornecer um mostru\u00e1rio que, n\u00e3o querendo sobrecarregar os participantes com as regulamenta\u00e7\u00f5es e investimentos necess\u00e1rios, permitiria que ficassem entusiasmados com a ideia de fazer parte da mudan\u00e7a.<\/li>\n<li>VIII Congresso Nacional de Empres\u00e1rios de Transporte em Cami\u00f5es Cisterna, realizado nos dias 19 e 20 de outubro na Villa Laureana, em Madrid. O evento abordou dois aspetos importantes do setor dos transportes: \u201ca situa\u00e7\u00e3o econ\u00f3mica e as perspetivas futuras\u201d, onde, entre outras coisas, avaliaram quais as principais preocupa\u00e7\u00f5es dos empres\u00e1rios espanh\u00f3is dos transportes; e \u201co futuro da mobilidade\u201d, uma revis\u00e3o dos novos combust\u00edveis dispon\u00edveis e qual a posi\u00e7\u00e3o da Administra\u00e7\u00e3o para estimular a sua demanda. Durante esses dois dias, tivemos a oportunidade de estar um pouco mais pr\u00f3ximos dos nossos clientes, pois uma parte da nossa equipa comercial viajou para os receber no nosso stand.<\/li>\n<li>XX Congresso da ANTRAM. O Centro de Congressos do Algarve, no Hotel Salgados Palace em Albufeira, acolheu, nos dias 29 e 30 de outubro, o congresso nacional da Antram, Associa\u00e7\u00e3o Nacional dos Transportes P\u00fablicos Rodovi\u00e1rios de Portugal. A nossa equipa comercial em Portugal esteve presente num stand onde tiveram a oportunidade de estar um pouco mais perto dos clientes e poder mostrar as importantes novidades que a Andamur apresentou.<\/li>\n<li>WConnecta, um evento de networking de renome dirigido a profissionais do transporte rodovi\u00e1rio de mercadorias, que teve lugar a 12 de novembro de 2021 no hotel Barcel\u00f3 Sants em Barcelona. Uma fant\u00e1stica oportunidade de conhecer empresas do setor que a nossa equipa comercial conseguiu aproveitar quer atrav\u00e9s do stand onde estivemos presentes, quer atrav\u00e9s de entrevistas r\u00e1pidas ou speed networking que estiveram nas \u00e1reas capacitadas para o efeito.<\/li>\n<\/ul>\n<p>Al\u00e9m da nossa presen\u00e7a nestes eventos, temos participado em muitos outros, tanto a n\u00edvel regional, nacional e internacional, quer em mesas redondas, participa\u00e7\u00e3o em apresenta\u00e7\u00f5es, assiduidade em eventos, etc. Encerramos 2021 com um balan\u00e7o muito positivo e com entusiasmo e vontade para come\u00e7ar j\u00e1 a organizar o nosso calend\u00e1rio de 2022.<\/p>\n<p>&nbsp;<\/p>\n","protected":false},"excerpt":{"rendered":"<p>Num ano diferente em que voltamos, aos poucos, a uma nova normalidade, voltamos aos eventos presenciais com grande entusiasmo e vontade.. 2021 foi um ano de mudan\u00e7as e adapta\u00e7\u00f5es, mas tamb\u00e9m nos deu a oportunidade de nos vermos pessoalmente e assim estarmos mais pr\u00f3ximos dos nossos clientes e fornecedores. Alguns dos eventos em que participamos [&hellip;]<\/p>\n","protected":false},"author":1,"featured_media":27026,"comment_status":"closed","ping_status":"open","sticky":false,"template":"","format":"standard","meta":{"_acf_changed":false,"footnotes":""},"categories":[68],"tags":[],"class_list":["post-27033","post","type-post","status-publish","format-standard","has-post-thumbnail","hentry","category-novidades"],"acf":[],"yoast_head":"<!-- This site is optimized with the Yoast SEO plugin v25.4 - https:\/\/yoast.com\/wordpress\/plugins\/seo\/ -->\n<title>A Andamur voltou aos eventos presenciais em 2021 - Andamur<\/title>\n<meta name=\"robots\" content=\"index, follow, max-snippet:-1, max-image-preview:large, max-video-preview:-1\" \/>\n<link rel=\"canonical\" href=\"https:\/\/www.andamur.com\/pt-pt\/novidades\/a-andamur-voltou-aos-eventos-presenciais-em-2021\/\" \/>\n<meta property=\"og:locale\" content=\"pt_PT\" \/>\n<meta property=\"og:type\" content=\"article\" \/>\n<meta property=\"og:title\" content=\"A Andamur voltou aos eventos presenciais em 2021 - Andamur\" \/>\n<meta property=\"og:description\" content=\"Num ano diferente em que voltamos, aos poucos, a uma nova normalidade, voltamos aos eventos presenciais com grande entusiasmo e vontade.. 2021 foi um ano de mudan\u00e7as e adapta\u00e7\u00f5es, mas tamb\u00e9m nos deu a oportunidade de nos vermos pessoalmente e assim estarmos mais pr\u00f3ximos dos nossos clientes e fornecedores. Alguns dos eventos em que participamos [&hellip;]\" \/>\n<meta property=\"og:url\" content=\"https:\/\/www.andamur.com\/pt-pt\/novidades\/a-andamur-voltou-aos-eventos-presenciais-em-2021\/\" \/>\n<meta property=\"og:site_name\" content=\"Andamur\" \/>\n<meta property=\"article:publisher\" content=\"https:\/\/www.facebook.com\/AndamurEurope\/\" \/>\n<meta property=\"article:published_time\" content=\"2021-12-10T08:59:33+00:00\" \/>\n<meta property=\"article:modified_time\" content=\"2024-12-05T12:39:53+00:00\" \/>\n<meta property=\"og:image\" content=\"https:\/\/www.andamur.com\/wp-content\/uploads\/2021\/12\/WhatsApp-Image-2021-12-09-at-14.57.45.jpeg\" \/>\n\t<meta property=\"og:image:width\" content=\"1080\" \/>\n\t<meta property=\"og:image:height\" content=\"1080\" \/>\n\t<meta property=\"og:image:type\" content=\"image\/jpeg\" \/>\n<meta name=\"author\" content=\"andamur\" \/>\n<meta name=\"twitter:card\" content=\"summary_large_image\" \/>\n<meta name=\"twitter:creator\" content=\"@andamur_es\" \/>\n<meta name=\"twitter:site\" content=\"@andamur_es\" \/>\n<meta name=\"twitter:label1\" content=\"Written by\" \/>\n\t<meta name=\"twitter:data1\" content=\"andamur\" \/>\n\t<meta name=\"twitter:label2\" content=\"Est. reading time\" \/>\n\t<meta name=\"twitter:data2\" content=\"3 minutes\" \/>\n<script type=\"application\/ld+json\" class=\"yoast-schema-graph\">{\"@context\":\"https:\/\/schema.org\",\"@graph\":[{\"@type\":\"Article\",\"@id\":\"https:\/\/www.andamur.com\/pt-pt\/novidades\/a-andamur-voltou-aos-eventos-presenciais-em-2021\/#article\",\"isPartOf\":{\"@id\":\"https:\/\/www.andamur.com\/pt-pt\/novidades\/a-andamur-voltou-aos-eventos-presenciais-em-2021\/\"},\"author\":{\"name\":\"andamur\",\"@id\":\"https:\/\/www.andamur.com\/#\/schema\/person\/131577731140377fe26cac4f07cccb72\"},\"headline\":\"A Andamur voltou aos eventos presenciais em 2021\",\"datePublished\":\"2021-12-10T08:59:33+00:00\",\"dateModified\":\"2024-12-05T12:39:53+00:00\",\"mainEntityOfPage\":{\"@id\":\"https:\/\/www.andamur.com\/pt-pt\/novidades\/a-andamur-voltou-aos-eventos-presenciais-em-2021\/\"},\"wordCount\":611,\"publisher\":{\"@id\":\"https:\/\/www.andamur.com\/#organization\"},\"image\":{\"@id\":\"https:\/\/www.andamur.com\/pt-pt\/novidades\/a-andamur-voltou-aos-eventos-presenciais-em-2021\/#primaryimage\"},\"thumbnailUrl\":\"https:\/\/www.andamur.com\/wp-content\/uploads\/2021\/12\/WhatsApp-Image-2021-12-09-at-14.57.45.jpeg\",\"articleSection\":[\"Novidades\"],\"inLanguage\":\"pt-PT\"},{\"@type\":\"WebPage\",\"@id\":\"https:\/\/www.andamur.com\/pt-pt\/novidades\/a-andamur-voltou-aos-eventos-presenciais-em-2021\/\",\"url\":\"https:\/\/www.andamur.com\/pt-pt\/novidades\/a-andamur-voltou-aos-eventos-presenciais-em-2021\/\",\"name\":\"A Andamur voltou aos eventos presenciais em 2021 - Andamur\",\"isPartOf\":{\"@id\":\"https:\/\/www.andamur.com\/#website\"},\"primaryImageOfPage\":{\"@id\":\"https:\/\/www.andamur.com\/pt-pt\/novidades\/a-andamur-voltou-aos-eventos-presenciais-em-2021\/#primaryimage\"},\"image\":{\"@id\":\"https:\/\/www.andamur.com\/pt-pt\/novidades\/a-andamur-voltou-aos-eventos-presenciais-em-2021\/#primaryimage\"},\"thumbnailUrl\":\"https:\/\/www.andamur.com\/wp-content\/uploads\/2021\/12\/WhatsApp-Image-2021-12-09-at-14.57.45.jpeg\",\"datePublished\":\"2021-12-10T08:59:33+00:00\",\"dateModified\":\"2024-12-05T12:39:53+00:00\",\"breadcrumb\":{\"@id\":\"https:\/\/www.andamur.com\/pt-pt\/novidades\/a-andamur-voltou-aos-eventos-presenciais-em-2021\/#breadcrumb\"},\"inLanguage\":\"pt-PT\",\"potentialAction\":[{\"@type\":\"ReadAction\",\"target\":[\"https:\/\/www.andamur.com\/pt-pt\/novidades\/a-andamur-voltou-aos-eventos-presenciais-em-2021\/\"]}]},{\"@type\":\"ImageObject\",\"inLanguage\":\"pt-PT\",\"@id\":\"https:\/\/www.andamur.com\/pt-pt\/novidades\/a-andamur-voltou-aos-eventos-presenciais-em-2021\/#primaryimage\",\"url\":\"https:\/\/www.andamur.com\/wp-content\/uploads\/2021\/12\/WhatsApp-Image-2021-12-09-at-14.57.45.jpeg\",\"contentUrl\":\"https:\/\/www.andamur.com\/wp-content\/uploads\/2021\/12\/WhatsApp-Image-2021-12-09-at-14.57.45.jpeg\",\"width\":1080,\"height\":1080},{\"@type\":\"BreadcrumbList\",\"@id\":\"https:\/\/www.andamur.com\/pt-pt\/novidades\/a-andamur-voltou-aos-eventos-presenciais-em-2021\/#breadcrumb\",\"itemListElement\":[{\"@type\":\"ListItem\",\"position\":1,\"name\":\"Portada\",\"item\":\"https:\/\/www.andamur.com\/pt-pt\/\"},{\"@type\":\"ListItem\",\"position\":2,\"name\":\"Noticias\",\"item\":\"https:\/\/www.andamur.com\/noticias\/\"},{\"@type\":\"ListItem\",\"position\":3,\"name\":\"A Andamur voltou aos eventos presenciais em 2021\"}]},{\"@type\":\"WebSite\",\"@id\":\"https:\/\/www.andamur.com\/#website\",\"url\":\"https:\/\/www.andamur.com\/\",\"name\":\"Andamur\",\"description\":\"Cada viaje importa\",\"publisher\":{\"@id\":\"https:\/\/www.andamur.com\/#organization\"},\"inLanguage\":\"pt-PT\"},{\"@type\":\"Organization\",\"@id\":\"https:\/\/www.andamur.com\/#organization\",\"name\":\"Andamur\",\"url\":\"https:\/\/www.andamur.com\/\",\"logo\":{\"@type\":\"ImageObject\",\"inLanguage\":\"pt-PT\",\"@id\":\"https:\/\/www.andamur.com\/#\/schema\/logo\/image\/\",\"url\":\"https:\/\/www.andamur.com\/wp-content\/uploads\/2024\/02\/andamurogpic.jpg\",\"contentUrl\":\"https:\/\/www.andamur.com\/wp-content\/uploads\/2024\/02\/andamurogpic.jpg\",\"width\":1200,\"height\":630,\"caption\":\"Andamur\"},\"image\":{\"@id\":\"https:\/\/www.andamur.com\/#\/schema\/logo\/image\/\"},\"sameAs\":[\"https:\/\/www.facebook.com\/AndamurEurope\/\",\"https:\/\/x.com\/andamur_es\",\"https:\/\/www.instagram.com\/andamureurope\/\",\"https:\/\/www.youtube.com\/channel\/UCWP1SBl8J8SjUCcWBo_Uu1w\"]},{\"@type\":\"Person\",\"@id\":\"https:\/\/www.andamur.com\/#\/schema\/person\/131577731140377fe26cac4f07cccb72\",\"name\":\"andamur\",\"image\":{\"@type\":\"ImageObject\",\"inLanguage\":\"pt-PT\",\"@id\":\"https:\/\/www.andamur.com\/#\/schema\/person\/image\/\",\"url\":\"https:\/\/secure.gravatar.com\/avatar\/133ec8c8c0f653b06a023777fdc35962d922f161df68890737f028e35189a08f?s=96&d=mm&r=g\",\"contentUrl\":\"https:\/\/secure.gravatar.com\/avatar\/133ec8c8c0f653b06a023777fdc35962d922f161df68890737f028e35189a08f?s=96&d=mm&r=g\",\"caption\":\"andamur\"}}]}<\/script>\n<!-- \/ Yoast SEO plugin. -->","yoast_head_json":{"title":"A Andamur voltou aos eventos presenciais em 2021 - Andamur","robots":{"index":"index","follow":"follow","max-snippet":"max-snippet:-1","max-image-preview":"max-image-preview:large","max-video-preview":"max-video-preview:-1"},"canonical":"https:\/\/www.andamur.com\/pt-pt\/novidades\/a-andamur-voltou-aos-eventos-presenciais-em-2021\/","og_locale":"pt_PT","og_type":"article","og_title":"A Andamur voltou aos eventos presenciais em 2021 - Andamur","og_description":"Num ano diferente em que voltamos, aos poucos, a uma nova normalidade, voltamos aos eventos presenciais com grande entusiasmo e vontade.. 2021 foi um ano de mudan\u00e7as e adapta\u00e7\u00f5es, mas tamb\u00e9m nos deu a oportunidade de nos vermos pessoalmente e assim estarmos mais pr\u00f3ximos dos nossos clientes e fornecedores. Alguns dos eventos em que participamos [&hellip;]","og_url":"https:\/\/www.andamur.com\/pt-pt\/novidades\/a-andamur-voltou-aos-eventos-presenciais-em-2021\/","og_site_name":"Andamur","article_publisher":"https:\/\/www.facebook.com\/AndamurEurope\/","article_published_time":"2021-12-10T08:59:33+00:00","article_modified_time":"2024-12-05T12:39:53+00:00","og_image":[{"width":1080,"height":1080,"url":"https:\/\/www.andamur.com\/wp-content\/uploads\/2021\/12\/WhatsApp-Image-2021-12-09-at-14.57.45.jpeg","type":"image\/jpeg"}],"author":"andamur","twitter_card":"summary_large_image","twitter_creator":"@andamur_es","twitter_site":"@andamur_es","twitter_misc":{"Written by":"andamur","Est. reading time":"3 minutes"},"schema":{"@context":"https:\/\/schema.org","@graph":[{"@type":"Article","@id":"https:\/\/www.andamur.com\/pt-pt\/novidades\/a-andamur-voltou-aos-eventos-presenciais-em-2021\/#article","isPartOf":{"@id":"https:\/\/www.andamur.com\/pt-pt\/novidades\/a-andamur-voltou-aos-eventos-presenciais-em-2021\/"},"author":{"name":"andamur","@id":"https:\/\/www.andamur.com\/#\/schema\/person\/131577731140377fe26cac4f07cccb72"},"headline":"A Andamur voltou aos eventos presenciais em 2021","datePublished":"2021-12-10T08:59:33+00:00","dateModified":"2024-12-05T12:39:53+00:00","mainEntityOfPage":{"@id":"https:\/\/www.andamur.com\/pt-pt\/novidades\/a-andamur-voltou-aos-eventos-presenciais-em-2021\/"},"wordCount":611,"publisher":{"@id":"https:\/\/www.andamur.com\/#organization"},"image":{"@id":"https:\/\/www.andamur.com\/pt-pt\/novidades\/a-andamur-voltou-aos-eventos-presenciais-em-2021\/#primaryimage"},"thumbnailUrl":"https:\/\/www.andamur.com\/wp-content\/uploads\/2021\/12\/WhatsApp-Image-2021-12-09-at-14.57.45.jpeg","articleSection":["Novidades"],"inLanguage":"pt-PT"},{"@type":"WebPage","@id":"https:\/\/www.andamur.com\/pt-pt\/novidades\/a-andamur-voltou-aos-eventos-presenciais-em-2021\/","url":"https:\/\/www.andamur.com\/pt-pt\/novidades\/a-andamur-voltou-aos-eventos-presenciais-em-2021\/","name":"A Andamur voltou aos eventos presenciais em 2021 - Andamur","isPartOf":{"@id":"https:\/\/www.andamur.com\/#website"},"primaryImageOfPage":{"@id":"https:\/\/www.andamur.com\/pt-pt\/novidades\/a-andamur-voltou-aos-eventos-presenciais-em-2021\/#primaryimage"},"image":{"@id":"https:\/\/www.andamur.com\/pt-pt\/novidades\/a-andamur-voltou-aos-eventos-presenciais-em-2021\/#primaryimage"},"thumbnailUrl":"https:\/\/www.andamur.com\/wp-content\/uploads\/2021\/12\/WhatsApp-Image-2021-12-09-at-14.57.45.jpeg","datePublished":"2021-12-10T08:59:33+00:00","dateModified":"2024-12-05T12:39:53+00:00","breadcrumb":{"@id":"https:\/\/www.andamur.com\/pt-pt\/novidades\/a-andamur-voltou-aos-eventos-presenciais-em-2021\/#breadcrumb"},"inLanguage":"pt-PT","potentialAction":[{"@type":"ReadAction","target":["https:\/\/www.andamur.com\/pt-pt\/novidades\/a-andamur-voltou-aos-eventos-presenciais-em-2021\/"]}]},{"@type":"ImageObject","inLanguage":"pt-PT","@id":"https:\/\/www.andamur.com\/pt-pt\/novidades\/a-andamur-voltou-aos-eventos-presenciais-em-2021\/#primaryimage","url":"https:\/\/www.andamur.com\/wp-content\/uploads\/2021\/12\/WhatsApp-Image-2021-12-09-at-14.57.45.jpeg","contentUrl":"https:\/\/www.andamur.com\/wp-content\/uploads\/2021\/12\/WhatsApp-Image-2021-12-09-at-14.57.45.jpeg","width":1080,"height":1080},{"@type":"BreadcrumbList","@id":"https:\/\/www.andamur.com\/pt-pt\/novidades\/a-andamur-voltou-aos-eventos-presenciais-em-2021\/#breadcrumb","itemListElement":[{"@type":"ListItem","position":1,"name":"Portada","item":"https:\/\/www.andamur.com\/pt-pt\/"},{"@type":"ListItem","position":2,"name":"Noticias","item":"https:\/\/www.andamur.com\/noticias\/"},{"@type":"ListItem","position":3,"name":"A Andamur voltou aos eventos presenciais em 2021"}]},{"@type":"WebSite","@id":"https:\/\/www.andamur.com\/#website","url":"https:\/\/www.andamur.com\/","name":"Andamur","description":"Cada viaje importa","publisher":{"@id":"https:\/\/www.andamur.com\/#organization"},"inLanguage":"pt-PT"},{"@type":"Organization","@id":"https:\/\/www.andamur.com\/#organization","name":"Andamur","url":"https:\/\/www.andamur.com\/","logo":{"@type":"ImageObject","inLanguage":"pt-PT","@id":"https:\/\/www.andamur.com\/#\/schema\/logo\/image\/","url":"https:\/\/www.andamur.com\/wp-content\/uploads\/2024\/02\/andamurogpic.jpg","contentUrl":"https:\/\/www.andamur.com\/wp-content\/uploads\/2024\/02\/andamurogpic.jpg","width":1200,"height":630,"caption":"Andamur"},"image":{"@id":"https:\/\/www.andamur.com\/#\/schema\/logo\/image\/"},"sameAs":["https:\/\/www.facebook.com\/AndamurEurope\/","https:\/\/x.com\/andamur_es","https:\/\/www.instagram.com\/andamureurope\/","https:\/\/www.youtube.com\/channel\/UCWP1SBl8J8SjUCcWBo_Uu1w"]},{"@type":"Person","@id":"https:\/\/www.andamur.com\/#\/schema\/person\/131577731140377fe26cac4f07cccb72","name":"andamur","image":{"@type":"ImageObject","inLanguage":"pt-PT","@id":"https:\/\/www.andamur.com\/#\/schema\/person\/image\/","url":"https:\/\/secure.gravatar.com\/avatar\/133ec8c8c0f653b06a023777fdc35962d922f161df68890737f028e35189a08f?s=96&d=mm&r=g","contentUrl":"https:\/\/secure.gravatar.com\/avatar\/133ec8c8c0f653b06a023777fdc35962d922f161df68890737f028e35189a08f?s=96&d=mm&r=g","caption":"andamur"}}]}},"_links":{"self":[{"href":"https:\/\/www.andamur.com\/pt-pt\/wp-json\/wp\/v2\/posts\/27033","targetHints":{"allow":["GET"]}}],"collection":[{"href":"https:\/\/www.andamur.com\/pt-pt\/wp-json\/wp\/v2\/posts"}],"about":[{"href":"https:\/\/www.andamur.com\/pt-pt\/wp-json\/wp\/v2\/types\/post"}],"author":[{"embeddable":true,"href":"https:\/\/www.andamur.com\/pt-pt\/wp-json\/wp\/v2\/users\/1"}],"replies":[{"embeddable":true,"href":"https:\/\/www.andamur.com\/pt-pt\/wp-json\/wp\/v2\/comments?post=27033"}],"version-history":[{"count":0,"href":"https:\/\/www.andamur.com\/pt-pt\/wp-json\/wp\/v2\/posts\/27033\/revisions"}],"wp:featuredmedia":[{"embeddable":true,"href":"https:\/\/www.andamur.com\/pt-pt\/wp-json\/wp\/v2\/media\/27026"}],"wp:attachment":[{"href":"https:\/\/www.andamur.com\/pt-pt\/wp-json\/wp\/v2\/media?parent=27033"}],"wp:term":[{"taxonomy":"category","embeddable":true,"href":"https:\/\/www.andamur.com\/pt-pt\/wp-json\/wp\/v2\/categories?post=27033"},{"taxonomy":"post_tag","embeddable":true,"href":"https:\/\/www.andamur.com\/pt-pt\/wp-json\/wp\/v2\/tags?post=27033"}],"curies":[{"name":"wp","href":"https:\/\/api.w.org\/{rel}","templated":true}]}}