{"id":23431,"date":"2021-08-25T07:45:25","date_gmt":"2021-08-25T06:45:25","guid":{"rendered":"https:\/\/www.andamur.com\/?p=23431"},"modified":"2024-12-05T13:39:54","modified_gmt":"2024-12-05T12:39:54","slug":"estas-sao-as-alteracoes-nas-normas-para-os-veiculos-de-transporte-de-mercadorias-pereciveis","status":"publish","type":"post","link":"https:\/\/www.andamur.com\/pt-pt\/novidades\/estas-sao-as-alteracoes-nas-normas-para-os-veiculos-de-transporte-de-mercadorias-pereciveis\/","title":{"rendered":"Estas s\u00e3o as altera\u00e7\u00f5es nas normas para os ve\u00edculos de Transporte de Mercadorias Perec\u00edveis"},"content":{"rendered":"<p>A 1 de julho entrou em vigor a nova Ordem ICT\/370\/2021, que estabelece as especifica\u00e7\u00f5es t\u00e9cnicas que t\u00eam de cumprir todos os ve\u00edculos de transporte rodovi\u00e1rios de produtos alimentares a temperatura regulada (produtos perec\u00edveis).<\/p>\n<p>Esta Ordem introduz uma modifica\u00e7\u00e3o dos anexos do Real Decreto 237\/2000 que regulam aspectos como os procedimentos para cumprir o Acordo ATP (inspe\u00e7\u00f5es, conformidade da produ\u00e7\u00e3o em s\u00e9rie&#8230;).<\/p>\n<p>O Acordo ATP assegura que as mercadorias perec\u00edveis sejam transportadas de um pa\u00eds para outro sem que percam as suas caracter\u00edsticas organol\u00e9ticas e cheguem ao consumidor em \u00f3timas condi\u00e7\u00f5es. Por este motivo, \u00e9 que o meio de transporte utilizado deve ser capaz de manter a temperatura perfeita para que o produto chegue em \u00f3timas condi\u00e7\u00f5es.<\/p>\n<p><strong>Altera\u00e7\u00e3o na regula\u00e7\u00e3o <\/strong><\/p>\n<p>A Ordem ICT\/370\/2021 abrange as altera\u00e7\u00f5es na renova\u00e7\u00e3o de certificados para os ve\u00edculos de transporte de mercadorias perec\u00edveis.<\/p>\n<p>Os ve\u00edculos com uma antiguidade de 15 anos e ve\u00edculos com uma antiguidade entre 15 e 21 anos (a partir da data de fabrico dos recipientes isot\u00e9rmicos; isto \u00e9, caixa de semirreboque ou cisterna) ter\u00e3o de ser submetidos a testes para verificar o coeficiente de transmiss\u00e3o t\u00e9rmica numa esta\u00e7\u00e3o de ensaio designada.<\/p>\n<p>Se os ve\u00edculos passam o controlo, devem ser submetidos a outro teste quando alcancem 24 anos (e a partir desse momento, cada tr\u00eas anos).<\/p>\n<p><strong>Objetivos destas altera\u00e7\u00f5es<\/strong><\/p>\n<p>Estas altera\u00e7\u00f5es introduzem as normas relativas \u00e0 conformidade da produ\u00e7\u00e3o para torna-las mais claras e promover a concorr\u00eancia leal entre produtores. Ainda, s\u00e3o introduzidas novas disposi\u00e7\u00f5es em mat\u00e9ria de seguran\u00e7a e sa\u00fade no trabalho.<\/p>\n<p>Com estas altera\u00e7\u00f5es melhorar-se-\u00e1 a efici\u00eancia energ\u00e9tica dos ve\u00edculos de transporte de mercadorias e, ainda, ser\u00e1 garantida a seguran\u00e7a e prote\u00e7\u00e3o do meio ambiente.<\/p>\n","protected":false},"excerpt":{"rendered":"<p>A 1 de julho entrou em vigor a nova Ordem ICT\/370\/2021, que estabelece as especifica\u00e7\u00f5es t\u00e9cnicas que t\u00eam de cumprir todos os ve\u00edculos de transporte rodovi\u00e1rios de produtos alimentares a temperatura regulada (produtos perec\u00edveis). Esta Ordem introduz uma modifica\u00e7\u00e3o dos anexos do Real Decreto 237\/2000 que regulam aspectos como os procedimentos para cumprir o Acordo [&hellip;]<\/p>\n","protected":false},"author":1,"featured_media":23432,"comment_status":"closed","ping_status":"open","sticky":false,"template":"","format":"standard","meta":{"_acf_changed":false,"footnotes":""},"categories":[68],"tags":[],"class_list":["post-23431","post","type-post","status-publish","format-standard","has-post-thumbnail","hentry","category-novidades"],"acf":[],"yoast_head":"<!-- This site is optimized with the Yoast SEO plugin v25.4 - https:\/\/yoast.com\/wordpress\/plugins\/seo\/ -->\n<title>Estas s\u00e3o as altera\u00e7\u00f5es nas normas para os ve\u00edculos de Transporte de Mercadorias Perec\u00edveis - Andamur<\/title>\n<meta name=\"robots\" content=\"index, follow, max-snippet:-1, max-image-preview:large, max-video-preview:-1\" \/>\n<link rel=\"canonical\" href=\"https:\/\/www.andamur.com\/pt-pt\/novidades\/estas-sao-as-alteracoes-nas-normas-para-os-veiculos-de-transporte-de-mercadorias-pereciveis\/\" \/>\n<meta property=\"og:locale\" content=\"pt_PT\" \/>\n<meta property=\"og:type\" content=\"article\" \/>\n<meta property=\"og:title\" content=\"Estas s\u00e3o as altera\u00e7\u00f5es nas normas para os ve\u00edculos de Transporte de Mercadorias Perec\u00edveis - Andamur\" \/>\n<meta property=\"og:description\" content=\"A 1 de julho entrou em vigor a nova Ordem ICT\/370\/2021, que estabelece as especifica\u00e7\u00f5es t\u00e9cnicas que t\u00eam de cumprir todos os ve\u00edculos de transporte rodovi\u00e1rios de produtos alimentares a temperatura regulada (produtos perec\u00edveis). Esta Ordem introduz uma modifica\u00e7\u00e3o dos anexos do Real Decreto 237\/2000 que regulam aspectos como os procedimentos para cumprir o Acordo [&hellip;]\" \/>\n<meta property=\"og:url\" content=\"https:\/\/www.andamur.com\/pt-pt\/novidades\/estas-sao-as-alteracoes-nas-normas-para-os-veiculos-de-transporte-de-mercadorias-pereciveis\/\" \/>\n<meta property=\"og:site_name\" content=\"Andamur\" \/>\n<meta property=\"article:publisher\" content=\"https:\/\/www.facebook.com\/AndamurEurope\/\" \/>\n<meta property=\"article:published_time\" content=\"2021-08-25T06:45:25+00:00\" \/>\n<meta property=\"article:modified_time\" content=\"2024-12-05T12:39:54+00:00\" \/>\n<meta property=\"og:image\" content=\"https:\/\/www.andamur.com\/wp-content\/uploads\/2021\/08\/CAMBIOS-LEGISLACION-TEST-02-PT.jpg\" \/>\n\t<meta property=\"og:image:width\" content=\"1080\" \/>\n\t<meta property=\"og:image:height\" content=\"1080\" \/>\n\t<meta property=\"og:image:type\" content=\"image\/jpeg\" \/>\n<meta name=\"author\" content=\"andamur\" \/>\n<meta name=\"twitter:card\" content=\"summary_large_image\" \/>\n<meta name=\"twitter:creator\" content=\"@andamur_es\" \/>\n<meta name=\"twitter:site\" content=\"@andamur_es\" \/>\n<meta name=\"twitter:label1\" content=\"Written by\" \/>\n\t<meta name=\"twitter:data1\" content=\"andamur\" \/>\n\t<meta name=\"twitter:label2\" content=\"Est. reading time\" \/>\n\t<meta name=\"twitter:data2\" content=\"2 minutes\" \/>\n<script type=\"application\/ld+json\" class=\"yoast-schema-graph\">{\"@context\":\"https:\/\/schema.org\",\"@graph\":[{\"@type\":\"Article\",\"@id\":\"https:\/\/www.andamur.com\/pt-pt\/novidades\/estas-sao-as-alteracoes-nas-normas-para-os-veiculos-de-transporte-de-mercadorias-pereciveis\/#article\",\"isPartOf\":{\"@id\":\"https:\/\/www.andamur.com\/pt-pt\/novidades\/estas-sao-as-alteracoes-nas-normas-para-os-veiculos-de-transporte-de-mercadorias-pereciveis\/\"},\"author\":{\"name\":\"andamur\",\"@id\":\"https:\/\/www.andamur.com\/#\/schema\/person\/131577731140377fe26cac4f07cccb72\"},\"headline\":\"Estas s\u00e3o as altera\u00e7\u00f5es nas normas para os ve\u00edculos de Transporte de Mercadorias Perec\u00edveis\",\"datePublished\":\"2021-08-25T06:45:25+00:00\",\"dateModified\":\"2024-12-05T12:39:54+00:00\",\"mainEntityOfPage\":{\"@id\":\"https:\/\/www.andamur.com\/pt-pt\/novidades\/estas-sao-as-alteracoes-nas-normas-para-os-veiculos-de-transporte-de-mercadorias-pereciveis\/\"},\"wordCount\":330,\"publisher\":{\"@id\":\"https:\/\/www.andamur.com\/#organization\"},\"image\":{\"@id\":\"https:\/\/www.andamur.com\/pt-pt\/novidades\/estas-sao-as-alteracoes-nas-normas-para-os-veiculos-de-transporte-de-mercadorias-pereciveis\/#primaryimage\"},\"thumbnailUrl\":\"https:\/\/www.andamur.com\/wp-content\/uploads\/2021\/08\/CAMBIOS-LEGISLACION-TEST-02-PT.jpg\",\"articleSection\":[\"Novidades\"],\"inLanguage\":\"pt-PT\"},{\"@type\":\"WebPage\",\"@id\":\"https:\/\/www.andamur.com\/pt-pt\/novidades\/estas-sao-as-alteracoes-nas-normas-para-os-veiculos-de-transporte-de-mercadorias-pereciveis\/\",\"url\":\"https:\/\/www.andamur.com\/pt-pt\/novidades\/estas-sao-as-alteracoes-nas-normas-para-os-veiculos-de-transporte-de-mercadorias-pereciveis\/\",\"name\":\"Estas s\u00e3o as altera\u00e7\u00f5es nas normas para os ve\u00edculos de Transporte de Mercadorias Perec\u00edveis - Andamur\",\"isPartOf\":{\"@id\":\"https:\/\/www.andamur.com\/#website\"},\"primaryImageOfPage\":{\"@id\":\"https:\/\/www.andamur.com\/pt-pt\/novidades\/estas-sao-as-alteracoes-nas-normas-para-os-veiculos-de-transporte-de-mercadorias-pereciveis\/#primaryimage\"},\"image\":{\"@id\":\"https:\/\/www.andamur.com\/pt-pt\/novidades\/estas-sao-as-alteracoes-nas-normas-para-os-veiculos-de-transporte-de-mercadorias-pereciveis\/#primaryimage\"},\"thumbnailUrl\":\"https:\/\/www.andamur.com\/wp-content\/uploads\/2021\/08\/CAMBIOS-LEGISLACION-TEST-02-PT.jpg\",\"datePublished\":\"2021-08-25T06:45:25+00:00\",\"dateModified\":\"2024-12-05T12:39:54+00:00\",\"breadcrumb\":{\"@id\":\"https:\/\/www.andamur.com\/pt-pt\/novidades\/estas-sao-as-alteracoes-nas-normas-para-os-veiculos-de-transporte-de-mercadorias-pereciveis\/#breadcrumb\"},\"inLanguage\":\"pt-PT\",\"potentialAction\":[{\"@type\":\"ReadAction\",\"target\":[\"https:\/\/www.andamur.com\/pt-pt\/novidades\/estas-sao-as-alteracoes-nas-normas-para-os-veiculos-de-transporte-de-mercadorias-pereciveis\/\"]}]},{\"@type\":\"ImageObject\",\"inLanguage\":\"pt-PT\",\"@id\":\"https:\/\/www.andamur.com\/pt-pt\/novidades\/estas-sao-as-alteracoes-nas-normas-para-os-veiculos-de-transporte-de-mercadorias-pereciveis\/#primaryimage\",\"url\":\"https:\/\/www.andamur.com\/wp-content\/uploads\/2021\/08\/CAMBIOS-LEGISLACION-TEST-02-PT.jpg\",\"contentUrl\":\"https:\/\/www.andamur.com\/wp-content\/uploads\/2021\/08\/CAMBIOS-LEGISLACION-TEST-02-PT.jpg\",\"width\":1080,\"height\":1080},{\"@type\":\"BreadcrumbList\",\"@id\":\"https:\/\/www.andamur.com\/pt-pt\/novidades\/estas-sao-as-alteracoes-nas-normas-para-os-veiculos-de-transporte-de-mercadorias-pereciveis\/#breadcrumb\",\"itemListElement\":[{\"@type\":\"ListItem\",\"position\":1,\"name\":\"Portada\",\"item\":\"https:\/\/www.andamur.com\/pt-pt\/\"},{\"@type\":\"ListItem\",\"position\":2,\"name\":\"Noticias\",\"item\":\"https:\/\/www.andamur.com\/noticias\/\"},{\"@type\":\"ListItem\",\"position\":3,\"name\":\"Estas s\u00e3o as altera\u00e7\u00f5es nas normas para os ve\u00edculos de Transporte de Mercadorias Perec\u00edveis\"}]},{\"@type\":\"WebSite\",\"@id\":\"https:\/\/www.andamur.com\/#website\",\"url\":\"https:\/\/www.andamur.com\/\",\"name\":\"Andamur\",\"description\":\"Cada viaje importa\",\"publisher\":{\"@id\":\"https:\/\/www.andamur.com\/#organization\"},\"inLanguage\":\"pt-PT\"},{\"@type\":\"Organization\",\"@id\":\"https:\/\/www.andamur.com\/#organization\",\"name\":\"Andamur\",\"url\":\"https:\/\/www.andamur.com\/\",\"logo\":{\"@type\":\"ImageObject\",\"inLanguage\":\"pt-PT\",\"@id\":\"https:\/\/www.andamur.com\/#\/schema\/logo\/image\/\",\"url\":\"https:\/\/www.andamur.com\/wp-content\/uploads\/2024\/02\/andamurogpic.jpg\",\"contentUrl\":\"https:\/\/www.andamur.com\/wp-content\/uploads\/2024\/02\/andamurogpic.jpg\",\"width\":1200,\"height\":630,\"caption\":\"Andamur\"},\"image\":{\"@id\":\"https:\/\/www.andamur.com\/#\/schema\/logo\/image\/\"},\"sameAs\":[\"https:\/\/www.facebook.com\/AndamurEurope\/\",\"https:\/\/x.com\/andamur_es\",\"https:\/\/www.instagram.com\/andamureurope\/\",\"https:\/\/www.youtube.com\/channel\/UCWP1SBl8J8SjUCcWBo_Uu1w\"]},{\"@type\":\"Person\",\"@id\":\"https:\/\/www.andamur.com\/#\/schema\/person\/131577731140377fe26cac4f07cccb72\",\"name\":\"andamur\",\"image\":{\"@type\":\"ImageObject\",\"inLanguage\":\"pt-PT\",\"@id\":\"https:\/\/www.andamur.com\/#\/schema\/person\/image\/\",\"url\":\"https:\/\/secure.gravatar.com\/avatar\/133ec8c8c0f653b06a023777fdc35962d922f161df68890737f028e35189a08f?s=96&d=mm&r=g\",\"contentUrl\":\"https:\/\/secure.gravatar.com\/avatar\/133ec8c8c0f653b06a023777fdc35962d922f161df68890737f028e35189a08f?s=96&d=mm&r=g\",\"caption\":\"andamur\"}}]}<\/script>\n<!-- \/ Yoast SEO plugin. -->","yoast_head_json":{"title":"Estas s\u00e3o as altera\u00e7\u00f5es nas normas para os ve\u00edculos de Transporte de Mercadorias Perec\u00edveis - Andamur","robots":{"index":"index","follow":"follow","max-snippet":"max-snippet:-1","max-image-preview":"max-image-preview:large","max-video-preview":"max-video-preview:-1"},"canonical":"https:\/\/www.andamur.com\/pt-pt\/novidades\/estas-sao-as-alteracoes-nas-normas-para-os-veiculos-de-transporte-de-mercadorias-pereciveis\/","og_locale":"pt_PT","og_type":"article","og_title":"Estas s\u00e3o as altera\u00e7\u00f5es nas normas para os ve\u00edculos de Transporte de Mercadorias Perec\u00edveis - Andamur","og_description":"A 1 de julho entrou em vigor a nova Ordem ICT\/370\/2021, que estabelece as especifica\u00e7\u00f5es t\u00e9cnicas que t\u00eam de cumprir todos os ve\u00edculos de transporte rodovi\u00e1rios de produtos alimentares a temperatura regulada (produtos perec\u00edveis). Esta Ordem introduz uma modifica\u00e7\u00e3o dos anexos do Real Decreto 237\/2000 que regulam aspectos como os procedimentos para cumprir o Acordo [&hellip;]","og_url":"https:\/\/www.andamur.com\/pt-pt\/novidades\/estas-sao-as-alteracoes-nas-normas-para-os-veiculos-de-transporte-de-mercadorias-pereciveis\/","og_site_name":"Andamur","article_publisher":"https:\/\/www.facebook.com\/AndamurEurope\/","article_published_time":"2021-08-25T06:45:25+00:00","article_modified_time":"2024-12-05T12:39:54+00:00","og_image":[{"width":1080,"height":1080,"url":"https:\/\/www.andamur.com\/wp-content\/uploads\/2021\/08\/CAMBIOS-LEGISLACION-TEST-02-PT.jpg","type":"image\/jpeg"}],"author":"andamur","twitter_card":"summary_large_image","twitter_creator":"@andamur_es","twitter_site":"@andamur_es","twitter_misc":{"Written by":"andamur","Est. reading time":"2 minutes"},"schema":{"@context":"https:\/\/schema.org","@graph":[{"@type":"Article","@id":"https:\/\/www.andamur.com\/pt-pt\/novidades\/estas-sao-as-alteracoes-nas-normas-para-os-veiculos-de-transporte-de-mercadorias-pereciveis\/#article","isPartOf":{"@id":"https:\/\/www.andamur.com\/pt-pt\/novidades\/estas-sao-as-alteracoes-nas-normas-para-os-veiculos-de-transporte-de-mercadorias-pereciveis\/"},"author":{"name":"andamur","@id":"https:\/\/www.andamur.com\/#\/schema\/person\/131577731140377fe26cac4f07cccb72"},"headline":"Estas s\u00e3o as altera\u00e7\u00f5es nas normas para os ve\u00edculos de Transporte de Mercadorias Perec\u00edveis","datePublished":"2021-08-25T06:45:25+00:00","dateModified":"2024-12-05T12:39:54+00:00","mainEntityOfPage":{"@id":"https:\/\/www.andamur.com\/pt-pt\/novidades\/estas-sao-as-alteracoes-nas-normas-para-os-veiculos-de-transporte-de-mercadorias-pereciveis\/"},"wordCount":330,"publisher":{"@id":"https:\/\/www.andamur.com\/#organization"},"image":{"@id":"https:\/\/www.andamur.com\/pt-pt\/novidades\/estas-sao-as-alteracoes-nas-normas-para-os-veiculos-de-transporte-de-mercadorias-pereciveis\/#primaryimage"},"thumbnailUrl":"https:\/\/www.andamur.com\/wp-content\/uploads\/2021\/08\/CAMBIOS-LEGISLACION-TEST-02-PT.jpg","articleSection":["Novidades"],"inLanguage":"pt-PT"},{"@type":"WebPage","@id":"https:\/\/www.andamur.com\/pt-pt\/novidades\/estas-sao-as-alteracoes-nas-normas-para-os-veiculos-de-transporte-de-mercadorias-pereciveis\/","url":"https:\/\/www.andamur.com\/pt-pt\/novidades\/estas-sao-as-alteracoes-nas-normas-para-os-veiculos-de-transporte-de-mercadorias-pereciveis\/","name":"Estas s\u00e3o as altera\u00e7\u00f5es nas normas para os ve\u00edculos de Transporte de Mercadorias Perec\u00edveis - Andamur","isPartOf":{"@id":"https:\/\/www.andamur.com\/#website"},"primaryImageOfPage":{"@id":"https:\/\/www.andamur.com\/pt-pt\/novidades\/estas-sao-as-alteracoes-nas-normas-para-os-veiculos-de-transporte-de-mercadorias-pereciveis\/#primaryimage"},"image":{"@id":"https:\/\/www.andamur.com\/pt-pt\/novidades\/estas-sao-as-alteracoes-nas-normas-para-os-veiculos-de-transporte-de-mercadorias-pereciveis\/#primaryimage"},"thumbnailUrl":"https:\/\/www.andamur.com\/wp-content\/uploads\/2021\/08\/CAMBIOS-LEGISLACION-TEST-02-PT.jpg","datePublished":"2021-08-25T06:45:25+00:00","dateModified":"2024-12-05T12:39:54+00:00","breadcrumb":{"@id":"https:\/\/www.andamur.com\/pt-pt\/novidades\/estas-sao-as-alteracoes-nas-normas-para-os-veiculos-de-transporte-de-mercadorias-pereciveis\/#breadcrumb"},"inLanguage":"pt-PT","potentialAction":[{"@type":"ReadAction","target":["https:\/\/www.andamur.com\/pt-pt\/novidades\/estas-sao-as-alteracoes-nas-normas-para-os-veiculos-de-transporte-de-mercadorias-pereciveis\/"]}]},{"@type":"ImageObject","inLanguage":"pt-PT","@id":"https:\/\/www.andamur.com\/pt-pt\/novidades\/estas-sao-as-alteracoes-nas-normas-para-os-veiculos-de-transporte-de-mercadorias-pereciveis\/#primaryimage","url":"https:\/\/www.andamur.com\/wp-content\/uploads\/2021\/08\/CAMBIOS-LEGISLACION-TEST-02-PT.jpg","contentUrl":"https:\/\/www.andamur.com\/wp-content\/uploads\/2021\/08\/CAMBIOS-LEGISLACION-TEST-02-PT.jpg","width":1080,"height":1080},{"@type":"BreadcrumbList","@id":"https:\/\/www.andamur.com\/pt-pt\/novidades\/estas-sao-as-alteracoes-nas-normas-para-os-veiculos-de-transporte-de-mercadorias-pereciveis\/#breadcrumb","itemListElement":[{"@type":"ListItem","position":1,"name":"Portada","item":"https:\/\/www.andamur.com\/pt-pt\/"},{"@type":"ListItem","position":2,"name":"Noticias","item":"https:\/\/www.andamur.com\/noticias\/"},{"@type":"ListItem","position":3,"name":"Estas s\u00e3o as altera\u00e7\u00f5es nas normas para os ve\u00edculos de Transporte de Mercadorias Perec\u00edveis"}]},{"@type":"WebSite","@id":"https:\/\/www.andamur.com\/#website","url":"https:\/\/www.andamur.com\/","name":"Andamur","description":"Cada viaje importa","publisher":{"@id":"https:\/\/www.andamur.com\/#organization"},"inLanguage":"pt-PT"},{"@type":"Organization","@id":"https:\/\/www.andamur.com\/#organization","name":"Andamur","url":"https:\/\/www.andamur.com\/","logo":{"@type":"ImageObject","inLanguage":"pt-PT","@id":"https:\/\/www.andamur.com\/#\/schema\/logo\/image\/","url":"https:\/\/www.andamur.com\/wp-content\/uploads\/2024\/02\/andamurogpic.jpg","contentUrl":"https:\/\/www.andamur.com\/wp-content\/uploads\/2024\/02\/andamurogpic.jpg","width":1200,"height":630,"caption":"Andamur"},"image":{"@id":"https:\/\/www.andamur.com\/#\/schema\/logo\/image\/"},"sameAs":["https:\/\/www.facebook.com\/AndamurEurope\/","https:\/\/x.com\/andamur_es","https:\/\/www.instagram.com\/andamureurope\/","https:\/\/www.youtube.com\/channel\/UCWP1SBl8J8SjUCcWBo_Uu1w"]},{"@type":"Person","@id":"https:\/\/www.andamur.com\/#\/schema\/person\/131577731140377fe26cac4f07cccb72","name":"andamur","image":{"@type":"ImageObject","inLanguage":"pt-PT","@id":"https:\/\/www.andamur.com\/#\/schema\/person\/image\/","url":"https:\/\/secure.gravatar.com\/avatar\/133ec8c8c0f653b06a023777fdc35962d922f161df68890737f028e35189a08f?s=96&d=mm&r=g","contentUrl":"https:\/\/secure.gravatar.com\/avatar\/133ec8c8c0f653b06a023777fdc35962d922f161df68890737f028e35189a08f?s=96&d=mm&r=g","caption":"andamur"}}]}},"_links":{"self":[{"href":"https:\/\/www.andamur.com\/pt-pt\/wp-json\/wp\/v2\/posts\/23431","targetHints":{"allow":["GET"]}}],"collection":[{"href":"https:\/\/www.andamur.com\/pt-pt\/wp-json\/wp\/v2\/posts"}],"about":[{"href":"https:\/\/www.andamur.com\/pt-pt\/wp-json\/wp\/v2\/types\/post"}],"author":[{"embeddable":true,"href":"https:\/\/www.andamur.com\/pt-pt\/wp-json\/wp\/v2\/users\/1"}],"replies":[{"embeddable":true,"href":"https:\/\/www.andamur.com\/pt-pt\/wp-json\/wp\/v2\/comments?post=23431"}],"version-history":[{"count":0,"href":"https:\/\/www.andamur.com\/pt-pt\/wp-json\/wp\/v2\/posts\/23431\/revisions"}],"wp:featuredmedia":[{"embeddable":true,"href":"https:\/\/www.andamur.com\/pt-pt\/wp-json\/wp\/v2\/media\/23432"}],"wp:attachment":[{"href":"https:\/\/www.andamur.com\/pt-pt\/wp-json\/wp\/v2\/media?parent=23431"}],"wp:term":[{"taxonomy":"category","embeddable":true,"href":"https:\/\/www.andamur.com\/pt-pt\/wp-json\/wp\/v2\/categories?post=23431"},{"taxonomy":"post_tag","embeddable":true,"href":"https:\/\/www.andamur.com\/pt-pt\/wp-json\/wp\/v2\/tags?post=23431"}],"curies":[{"name":"wp","href":"https:\/\/api.w.org\/{rel}","templated":true}]}}