{"id":21719,"date":"2021-06-09T09:01:26","date_gmt":"2021-06-09T08:01:26","guid":{"rendered":"https:\/\/www.andamur.com\/?p=21719"},"modified":"2021-06-09T09:23:20","modified_gmt":"2021-06-09T08:23:20","slug":"a-nossa-rede-em-espanha-acrescenta-6-novas-associadas","status":"publish","type":"post","link":"https:\/\/www.andamur.com\/pt-pt\/novidades\/a-nossa-rede-em-espanha-acrescenta-6-novas-associadas\/","title":{"rendered":"A nossa Rede em Espanha acrescenta 6 novas Associadas"},"content":{"rendered":"<p><img decoding=\"async\" loading=\"lazy\" src=\"https:\/\/www.andamur.com\/wp-content\/uploads\/2021\/06\/LANZAMIENTO-DE-ESTACIONES-ASOCIADAS-MIX-TEST-04-PT-1-300x300.jpg\" alt=\"\" width=\"559\" height=\"559\" \/><\/p>\n<p>A Andamur j\u00e1 conta com 57 Esta\u00e7\u00f5es de Servi\u00e7o na sua Rede Nacional. Com 6 novas incorpora\u00e7\u00f5es neste m\u00eas de junho, aument\u00e1mos consideravelmente as localiza\u00e7\u00f5es que disponibilizamos aos nossos clientes.<\/p>\n<p>As nossas 6 novas Esta\u00e7\u00f5es s\u00e3o:<\/p>\n<ul>\n<li>Nanclares de Oca em \u00c1lava<\/li>\n<li>La Isla, em Dos Hermanas, Sevilla<\/li>\n<li>Hospitalet De L&#8217;Infant em Tarragona<\/li>\n<li>Duas novas esta\u00e7\u00f5es em Navarra: Tudela e Pamplona<\/li>\n<li>Logro\u00f1o em La Rioja<\/li>\n<\/ul>\n<p>Na Andamur sabemos que passa muito tempo na estrada e queremos acompanh\u00e1-lo nas suas rotas para lhe oferecer os melhores produtos e servi\u00e7os.<\/p>\n<p>Se quiser saber a sua localiza\u00e7\u00e3o exacta e todos os servi\u00e7os que oferecem, visite o nosso <a href=\"https:\/\/www.andamur.com\/pt-pt\/areas-de-servico\/red-europea-de-estaciones\/\">Mapa Web Interativo<\/a>.<\/p>\n","protected":false},"excerpt":{"rendered":"<p>A Andamur j\u00e1 conta com 57 Esta\u00e7\u00f5es de Servi\u00e7o na sua Rede Nacional. Com 6 novas incorpora\u00e7\u00f5es neste m\u00eas de junho, aument\u00e1mos consideravelmente as localiza\u00e7\u00f5es que disponibilizamos aos nossos clientes. As nossas 6 novas Esta\u00e7\u00f5es s\u00e3o: Nanclares de Oca em \u00c1lava La Isla, em Dos Hermanas, Sevilla Hospitalet De L&#8217;Infant em Tarragona Duas novas esta\u00e7\u00f5es [&hellip;]<\/p>\n","protected":false},"author":7,"featured_media":21697,"comment_status":"closed","ping_status":"open","sticky":false,"template":"","format":"standard","meta":{"_acf_changed":false,"footnotes":""},"categories":[68],"tags":[],"class_list":["post-21719","post","type-post","status-publish","format-standard","has-post-thumbnail","hentry","category-novidades"],"acf":[],"yoast_head":"<!-- This site is optimized with the Yoast SEO plugin v25.4 - https:\/\/yoast.com\/wordpress\/plugins\/seo\/ -->\n<title>A nossa Rede em Espanha acrescenta 6 novas Associadas - Andamur<\/title>\n<meta name=\"robots\" content=\"index, follow, max-snippet:-1, max-image-preview:large, max-video-preview:-1\" \/>\n<link rel=\"canonical\" href=\"https:\/\/www.andamur.com\/pt-pt\/novidades\/a-nossa-rede-em-espanha-acrescenta-6-novas-associadas\/\" \/>\n<meta property=\"og:locale\" content=\"pt_PT\" \/>\n<meta property=\"og:type\" content=\"article\" \/>\n<meta property=\"og:title\" content=\"A nossa Rede em Espanha acrescenta 6 novas Associadas - Andamur\" \/>\n<meta property=\"og:description\" content=\"A Andamur j\u00e1 conta com 57 Esta\u00e7\u00f5es de Servi\u00e7o na sua Rede Nacional. Com 6 novas incorpora\u00e7\u00f5es neste m\u00eas de junho, aument\u00e1mos consideravelmente as localiza\u00e7\u00f5es que disponibilizamos aos nossos clientes. As nossas 6 novas Esta\u00e7\u00f5es s\u00e3o: Nanclares de Oca em \u00c1lava La Isla, em Dos Hermanas, Sevilla Hospitalet De L&#8217;Infant em Tarragona Duas novas esta\u00e7\u00f5es [&hellip;]\" \/>\n<meta property=\"og:url\" content=\"https:\/\/www.andamur.com\/pt-pt\/novidades\/a-nossa-rede-em-espanha-acrescenta-6-novas-associadas\/\" \/>\n<meta property=\"og:site_name\" content=\"Andamur\" \/>\n<meta property=\"article:publisher\" content=\"https:\/\/www.facebook.com\/AndamurEurope\/\" \/>\n<meta property=\"article:published_time\" content=\"2021-06-09T08:01:26+00:00\" \/>\n<meta property=\"article:modified_time\" content=\"2021-06-09T08:23:20+00:00\" \/>\n<meta property=\"og:image\" content=\"https:\/\/www.andamur.com\/wp-content\/uploads\/2021\/06\/LANZAMIENTO-DE-ESTACIONES-ASOCIADAS-MIX-TEST-04-PT-1.jpg\" \/>\n\t<meta property=\"og:image:width\" content=\"1080\" \/>\n\t<meta property=\"og:image:height\" content=\"1080\" \/>\n\t<meta property=\"og:image:type\" content=\"image\/jpeg\" \/>\n<meta name=\"author\" content=\"Yanira Careaga\" \/>\n<meta name=\"twitter:card\" content=\"summary_large_image\" \/>\n<meta name=\"twitter:creator\" content=\"@andamur_es\" \/>\n<meta name=\"twitter:site\" content=\"@andamur_es\" \/>\n<meta name=\"twitter:label1\" content=\"Written by\" \/>\n\t<meta name=\"twitter:data1\" content=\"Yanira Careaga\" \/>\n\t<meta name=\"twitter:label2\" content=\"Est. reading time\" \/>\n\t<meta name=\"twitter:data2\" content=\"1 minute\" \/>\n<script type=\"application\/ld+json\" class=\"yoast-schema-graph\">{\"@context\":\"https:\/\/schema.org\",\"@graph\":[{\"@type\":\"Article\",\"@id\":\"https:\/\/www.andamur.com\/pt-pt\/novidades\/a-nossa-rede-em-espanha-acrescenta-6-novas-associadas\/#article\",\"isPartOf\":{\"@id\":\"https:\/\/www.andamur.com\/pt-pt\/novidades\/a-nossa-rede-em-espanha-acrescenta-6-novas-associadas\/\"},\"author\":{\"name\":\"Yanira Careaga\",\"@id\":\"https:\/\/www.andamur.com\/#\/schema\/person\/8cf8f44daed0ebc0fe0854e9df8dbefb\"},\"headline\":\"A nossa Rede em Espanha acrescenta 6 novas Associadas\",\"datePublished\":\"2021-06-09T08:01:26+00:00\",\"dateModified\":\"2021-06-09T08:23:20+00:00\",\"mainEntityOfPage\":{\"@id\":\"https:\/\/www.andamur.com\/pt-pt\/novidades\/a-nossa-rede-em-espanha-acrescenta-6-novas-associadas\/\"},\"wordCount\":126,\"publisher\":{\"@id\":\"https:\/\/www.andamur.com\/#organization\"},\"image\":{\"@id\":\"https:\/\/www.andamur.com\/pt-pt\/novidades\/a-nossa-rede-em-espanha-acrescenta-6-novas-associadas\/#primaryimage\"},\"thumbnailUrl\":\"https:\/\/www.andamur.com\/wp-content\/uploads\/2021\/06\/LANZAMIENTO-DE-ESTACIONES-ASOCIADAS-MIX-TEST-04-PT-1.jpg\",\"articleSection\":[\"Novidades\"],\"inLanguage\":\"pt-PT\"},{\"@type\":\"WebPage\",\"@id\":\"https:\/\/www.andamur.com\/pt-pt\/novidades\/a-nossa-rede-em-espanha-acrescenta-6-novas-associadas\/\",\"url\":\"https:\/\/www.andamur.com\/pt-pt\/novidades\/a-nossa-rede-em-espanha-acrescenta-6-novas-associadas\/\",\"name\":\"A nossa Rede em Espanha acrescenta 6 novas Associadas - Andamur\",\"isPartOf\":{\"@id\":\"https:\/\/www.andamur.com\/#website\"},\"primaryImageOfPage\":{\"@id\":\"https:\/\/www.andamur.com\/pt-pt\/novidades\/a-nossa-rede-em-espanha-acrescenta-6-novas-associadas\/#primaryimage\"},\"image\":{\"@id\":\"https:\/\/www.andamur.com\/pt-pt\/novidades\/a-nossa-rede-em-espanha-acrescenta-6-novas-associadas\/#primaryimage\"},\"thumbnailUrl\":\"https:\/\/www.andamur.com\/wp-content\/uploads\/2021\/06\/LANZAMIENTO-DE-ESTACIONES-ASOCIADAS-MIX-TEST-04-PT-1.jpg\",\"datePublished\":\"2021-06-09T08:01:26+00:00\",\"dateModified\":\"2021-06-09T08:23:20+00:00\",\"breadcrumb\":{\"@id\":\"https:\/\/www.andamur.com\/pt-pt\/novidades\/a-nossa-rede-em-espanha-acrescenta-6-novas-associadas\/#breadcrumb\"},\"inLanguage\":\"pt-PT\",\"potentialAction\":[{\"@type\":\"ReadAction\",\"target\":[\"https:\/\/www.andamur.com\/pt-pt\/novidades\/a-nossa-rede-em-espanha-acrescenta-6-novas-associadas\/\"]}]},{\"@type\":\"ImageObject\",\"inLanguage\":\"pt-PT\",\"@id\":\"https:\/\/www.andamur.com\/pt-pt\/novidades\/a-nossa-rede-em-espanha-acrescenta-6-novas-associadas\/#primaryimage\",\"url\":\"https:\/\/www.andamur.com\/wp-content\/uploads\/2021\/06\/LANZAMIENTO-DE-ESTACIONES-ASOCIADAS-MIX-TEST-04-PT-1.jpg\",\"contentUrl\":\"https:\/\/www.andamur.com\/wp-content\/uploads\/2021\/06\/LANZAMIENTO-DE-ESTACIONES-ASOCIADAS-MIX-TEST-04-PT-1.jpg\",\"width\":1080,\"height\":1080},{\"@type\":\"BreadcrumbList\",\"@id\":\"https:\/\/www.andamur.com\/pt-pt\/novidades\/a-nossa-rede-em-espanha-acrescenta-6-novas-associadas\/#breadcrumb\",\"itemListElement\":[{\"@type\":\"ListItem\",\"position\":1,\"name\":\"Portada\",\"item\":\"https:\/\/www.andamur.com\/pt-pt\/\"},{\"@type\":\"ListItem\",\"position\":2,\"name\":\"Noticias\",\"item\":\"https:\/\/www.andamur.com\/noticias\/\"},{\"@type\":\"ListItem\",\"position\":3,\"name\":\"A nossa Rede em Espanha acrescenta 6 novas Associadas\"}]},{\"@type\":\"WebSite\",\"@id\":\"https:\/\/www.andamur.com\/#website\",\"url\":\"https:\/\/www.andamur.com\/\",\"name\":\"Andamur\",\"description\":\"Cada viaje importa\",\"publisher\":{\"@id\":\"https:\/\/www.andamur.com\/#organization\"},\"inLanguage\":\"pt-PT\"},{\"@type\":\"Organization\",\"@id\":\"https:\/\/www.andamur.com\/#organization\",\"name\":\"Andamur\",\"url\":\"https:\/\/www.andamur.com\/\",\"logo\":{\"@type\":\"ImageObject\",\"inLanguage\":\"pt-PT\",\"@id\":\"https:\/\/www.andamur.com\/#\/schema\/logo\/image\/\",\"url\":\"https:\/\/www.andamur.com\/wp-content\/uploads\/2024\/02\/andamurogpic.jpg\",\"contentUrl\":\"https:\/\/www.andamur.com\/wp-content\/uploads\/2024\/02\/andamurogpic.jpg\",\"width\":1200,\"height\":630,\"caption\":\"Andamur\"},\"image\":{\"@id\":\"https:\/\/www.andamur.com\/#\/schema\/logo\/image\/\"},\"sameAs\":[\"https:\/\/www.facebook.com\/AndamurEurope\/\",\"https:\/\/x.com\/andamur_es\",\"https:\/\/www.instagram.com\/andamureurope\/\",\"https:\/\/www.youtube.com\/channel\/UCWP1SBl8J8SjUCcWBo_Uu1w\"]},{\"@type\":\"Person\",\"@id\":\"https:\/\/www.andamur.com\/#\/schema\/person\/8cf8f44daed0ebc0fe0854e9df8dbefb\",\"name\":\"Yanira Careaga\",\"image\":{\"@type\":\"ImageObject\",\"inLanguage\":\"pt-PT\",\"@id\":\"https:\/\/www.andamur.com\/#\/schema\/person\/image\/\",\"url\":\"https:\/\/secure.gravatar.com\/avatar\/8dadf913ca9cae21d74417e826fdb46a43146faad64722f23850c6e6e065f0d4?s=96&d=mm&r=g\",\"contentUrl\":\"https:\/\/secure.gravatar.com\/avatar\/8dadf913ca9cae21d74417e826fdb46a43146faad64722f23850c6e6e065f0d4?s=96&d=mm&r=g\",\"caption\":\"Yanira Careaga\"}}]}<\/script>\n<!-- \/ Yoast SEO plugin. -->","yoast_head_json":{"title":"A nossa Rede em Espanha acrescenta 6 novas Associadas - Andamur","robots":{"index":"index","follow":"follow","max-snippet":"max-snippet:-1","max-image-preview":"max-image-preview:large","max-video-preview":"max-video-preview:-1"},"canonical":"https:\/\/www.andamur.com\/pt-pt\/novidades\/a-nossa-rede-em-espanha-acrescenta-6-novas-associadas\/","og_locale":"pt_PT","og_type":"article","og_title":"A nossa Rede em Espanha acrescenta 6 novas Associadas - Andamur","og_description":"A Andamur j\u00e1 conta com 57 Esta\u00e7\u00f5es de Servi\u00e7o na sua Rede Nacional. Com 6 novas incorpora\u00e7\u00f5es neste m\u00eas de junho, aument\u00e1mos consideravelmente as localiza\u00e7\u00f5es que disponibilizamos aos nossos clientes. As nossas 6 novas Esta\u00e7\u00f5es s\u00e3o: Nanclares de Oca em \u00c1lava La Isla, em Dos Hermanas, Sevilla Hospitalet De L&#8217;Infant em Tarragona Duas novas esta\u00e7\u00f5es [&hellip;]","og_url":"https:\/\/www.andamur.com\/pt-pt\/novidades\/a-nossa-rede-em-espanha-acrescenta-6-novas-associadas\/","og_site_name":"Andamur","article_publisher":"https:\/\/www.facebook.com\/AndamurEurope\/","article_published_time":"2021-06-09T08:01:26+00:00","article_modified_time":"2021-06-09T08:23:20+00:00","og_image":[{"width":1080,"height":1080,"url":"https:\/\/www.andamur.com\/wp-content\/uploads\/2021\/06\/LANZAMIENTO-DE-ESTACIONES-ASOCIADAS-MIX-TEST-04-PT-1.jpg","type":"image\/jpeg"}],"author":"Yanira Careaga","twitter_card":"summary_large_image","twitter_creator":"@andamur_es","twitter_site":"@andamur_es","twitter_misc":{"Written by":"Yanira Careaga","Est. reading time":"1 minute"},"schema":{"@context":"https:\/\/schema.org","@graph":[{"@type":"Article","@id":"https:\/\/www.andamur.com\/pt-pt\/novidades\/a-nossa-rede-em-espanha-acrescenta-6-novas-associadas\/#article","isPartOf":{"@id":"https:\/\/www.andamur.com\/pt-pt\/novidades\/a-nossa-rede-em-espanha-acrescenta-6-novas-associadas\/"},"author":{"name":"Yanira Careaga","@id":"https:\/\/www.andamur.com\/#\/schema\/person\/8cf8f44daed0ebc0fe0854e9df8dbefb"},"headline":"A nossa Rede em Espanha acrescenta 6 novas Associadas","datePublished":"2021-06-09T08:01:26+00:00","dateModified":"2021-06-09T08:23:20+00:00","mainEntityOfPage":{"@id":"https:\/\/www.andamur.com\/pt-pt\/novidades\/a-nossa-rede-em-espanha-acrescenta-6-novas-associadas\/"},"wordCount":126,"publisher":{"@id":"https:\/\/www.andamur.com\/#organization"},"image":{"@id":"https:\/\/www.andamur.com\/pt-pt\/novidades\/a-nossa-rede-em-espanha-acrescenta-6-novas-associadas\/#primaryimage"},"thumbnailUrl":"https:\/\/www.andamur.com\/wp-content\/uploads\/2021\/06\/LANZAMIENTO-DE-ESTACIONES-ASOCIADAS-MIX-TEST-04-PT-1.jpg","articleSection":["Novidades"],"inLanguage":"pt-PT"},{"@type":"WebPage","@id":"https:\/\/www.andamur.com\/pt-pt\/novidades\/a-nossa-rede-em-espanha-acrescenta-6-novas-associadas\/","url":"https:\/\/www.andamur.com\/pt-pt\/novidades\/a-nossa-rede-em-espanha-acrescenta-6-novas-associadas\/","name":"A nossa Rede em Espanha acrescenta 6 novas Associadas - Andamur","isPartOf":{"@id":"https:\/\/www.andamur.com\/#website"},"primaryImageOfPage":{"@id":"https:\/\/www.andamur.com\/pt-pt\/novidades\/a-nossa-rede-em-espanha-acrescenta-6-novas-associadas\/#primaryimage"},"image":{"@id":"https:\/\/www.andamur.com\/pt-pt\/novidades\/a-nossa-rede-em-espanha-acrescenta-6-novas-associadas\/#primaryimage"},"thumbnailUrl":"https:\/\/www.andamur.com\/wp-content\/uploads\/2021\/06\/LANZAMIENTO-DE-ESTACIONES-ASOCIADAS-MIX-TEST-04-PT-1.jpg","datePublished":"2021-06-09T08:01:26+00:00","dateModified":"2021-06-09T08:23:20+00:00","breadcrumb":{"@id":"https:\/\/www.andamur.com\/pt-pt\/novidades\/a-nossa-rede-em-espanha-acrescenta-6-novas-associadas\/#breadcrumb"},"inLanguage":"pt-PT","potentialAction":[{"@type":"ReadAction","target":["https:\/\/www.andamur.com\/pt-pt\/novidades\/a-nossa-rede-em-espanha-acrescenta-6-novas-associadas\/"]}]},{"@type":"ImageObject","inLanguage":"pt-PT","@id":"https:\/\/www.andamur.com\/pt-pt\/novidades\/a-nossa-rede-em-espanha-acrescenta-6-novas-associadas\/#primaryimage","url":"https:\/\/www.andamur.com\/wp-content\/uploads\/2021\/06\/LANZAMIENTO-DE-ESTACIONES-ASOCIADAS-MIX-TEST-04-PT-1.jpg","contentUrl":"https:\/\/www.andamur.com\/wp-content\/uploads\/2021\/06\/LANZAMIENTO-DE-ESTACIONES-ASOCIADAS-MIX-TEST-04-PT-1.jpg","width":1080,"height":1080},{"@type":"BreadcrumbList","@id":"https:\/\/www.andamur.com\/pt-pt\/novidades\/a-nossa-rede-em-espanha-acrescenta-6-novas-associadas\/#breadcrumb","itemListElement":[{"@type":"ListItem","position":1,"name":"Portada","item":"https:\/\/www.andamur.com\/pt-pt\/"},{"@type":"ListItem","position":2,"name":"Noticias","item":"https:\/\/www.andamur.com\/noticias\/"},{"@type":"ListItem","position":3,"name":"A nossa Rede em Espanha acrescenta 6 novas Associadas"}]},{"@type":"WebSite","@id":"https:\/\/www.andamur.com\/#website","url":"https:\/\/www.andamur.com\/","name":"Andamur","description":"Cada viaje importa","publisher":{"@id":"https:\/\/www.andamur.com\/#organization"},"inLanguage":"pt-PT"},{"@type":"Organization","@id":"https:\/\/www.andamur.com\/#organization","name":"Andamur","url":"https:\/\/www.andamur.com\/","logo":{"@type":"ImageObject","inLanguage":"pt-PT","@id":"https:\/\/www.andamur.com\/#\/schema\/logo\/image\/","url":"https:\/\/www.andamur.com\/wp-content\/uploads\/2024\/02\/andamurogpic.jpg","contentUrl":"https:\/\/www.andamur.com\/wp-content\/uploads\/2024\/02\/andamurogpic.jpg","width":1200,"height":630,"caption":"Andamur"},"image":{"@id":"https:\/\/www.andamur.com\/#\/schema\/logo\/image\/"},"sameAs":["https:\/\/www.facebook.com\/AndamurEurope\/","https:\/\/x.com\/andamur_es","https:\/\/www.instagram.com\/andamureurope\/","https:\/\/www.youtube.com\/channel\/UCWP1SBl8J8SjUCcWBo_Uu1w"]},{"@type":"Person","@id":"https:\/\/www.andamur.com\/#\/schema\/person\/8cf8f44daed0ebc0fe0854e9df8dbefb","name":"Yanira Careaga","image":{"@type":"ImageObject","inLanguage":"pt-PT","@id":"https:\/\/www.andamur.com\/#\/schema\/person\/image\/","url":"https:\/\/secure.gravatar.com\/avatar\/8dadf913ca9cae21d74417e826fdb46a43146faad64722f23850c6e6e065f0d4?s=96&d=mm&r=g","contentUrl":"https:\/\/secure.gravatar.com\/avatar\/8dadf913ca9cae21d74417e826fdb46a43146faad64722f23850c6e6e065f0d4?s=96&d=mm&r=g","caption":"Yanira Careaga"}}]}},"_links":{"self":[{"href":"https:\/\/www.andamur.com\/pt-pt\/wp-json\/wp\/v2\/posts\/21719","targetHints":{"allow":["GET"]}}],"collection":[{"href":"https:\/\/www.andamur.com\/pt-pt\/wp-json\/wp\/v2\/posts"}],"about":[{"href":"https:\/\/www.andamur.com\/pt-pt\/wp-json\/wp\/v2\/types\/post"}],"author":[{"embeddable":true,"href":"https:\/\/www.andamur.com\/pt-pt\/wp-json\/wp\/v2\/users\/7"}],"replies":[{"embeddable":true,"href":"https:\/\/www.andamur.com\/pt-pt\/wp-json\/wp\/v2\/comments?post=21719"}],"version-history":[{"count":0,"href":"https:\/\/www.andamur.com\/pt-pt\/wp-json\/wp\/v2\/posts\/21719\/revisions"}],"wp:featuredmedia":[{"embeddable":true,"href":"https:\/\/www.andamur.com\/pt-pt\/wp-json\/wp\/v2\/media\/21697"}],"wp:attachment":[{"href":"https:\/\/www.andamur.com\/pt-pt\/wp-json\/wp\/v2\/media?parent=21719"}],"wp:term":[{"taxonomy":"category","embeddable":true,"href":"https:\/\/www.andamur.com\/pt-pt\/wp-json\/wp\/v2\/categories?post=21719"},{"taxonomy":"post_tag","embeddable":true,"href":"https:\/\/www.andamur.com\/pt-pt\/wp-json\/wp\/v2\/tags?post=21719"}],"curies":[{"name":"wp","href":"https:\/\/api.w.org\/{rel}","templated":true}]}}