{"id":16169,"date":"2020-12-10T12:03:50","date_gmt":"2020-12-10T12:03:50","guid":{"rendered":"https:\/\/www.andamur.com\/?p=16169"},"modified":"2025-03-24T12:27:06","modified_gmt":"2025-03-24T11:27:06","slug":"a-molgas-e-a-andamur-abrem-outra-nova-estacao-de-gas-natural-em-la-junquera","status":"publish","type":"post","link":"https:\/\/www.andamur.com\/pt-pt\/novidades\/a-molgas-e-a-andamur-abrem-outra-nova-estacao-de-gas-natural-em-la-junquera\/","title":{"rendered":"A Molgas e a Andamur abrem outra nova Esta\u00e7\u00e3o de G\u00e1s Natural em La Junquera"},"content":{"rendered":"<p><img decoding=\"async\" loading=\"lazy\" src=\"https:\/\/www.andamur.com\/wp-content\/uploads\/2020\/12\/gasinera-junquera-ok.jpg\" alt=\"\" width=\"1000\" height=\"669\" \/><\/p>\n<p><strong>&gt;&gt; Ap\u00f3s a recente abertura de Guarrom\u00e1n no passado m\u00eas de setembro, a Molgas e a Andamur voltam a apostar no g\u00e1s, numa localiza\u00e7\u00e3o sumamente estrat\u00e9gica no transporte internacional, La Junquera.<\/strong><\/p>\n<p><strong>&gt;&gt; La <\/strong><strong>Junquera torna-se assim na d\u00e9cimo primeira esta\u00e7\u00e3o de G\u00e1s Natural da Molgas<\/strong><\/p>\n<p>Os clientes da Molgas j\u00e1 podem abastecer Gas Natural Liquefeito (GLN) na<a href=\"https:\/\/www.andamur.com\/pt-pt\/areas-de-servico\/la-junquera\/\"> \u00c1rea de Servi\u00e7o Andamur Molgas La Junquera<\/a>. Trata-se da esta\u00e7\u00e3o de G\u00e1s Natural que a empresa abriu, como resultado do seu acordo de colabora\u00e7\u00e3o com a Andamur, e depois da<a href=\"https:\/\/www.andamur.com\/pt-pt\/noticias\/a-andamur-abre-a-sua-primeira-estacao-de-gas-natural-em-guarroman-jaen\/\"> abertura de Guarrom\u00e1n<\/a> em setembro deste ano de 2020.<\/p>\n<p>A nova esta\u00e7\u00e3o de G\u00e1s Natural Andamur Molgas j\u00e1 se encontra em funcionamento 24h\/365 dias. \u00c9 de acesso libre e aceita cart\u00f5es de d\u00e9bito e cr\u00e9dito, bem como os cart\u00f5es de combust\u00edvel de ambas as empresas.<\/p>\n<p>A Scale Gas, startup nascida do programa de corporate venturing de Enag\u00e1s, Enag\u00e1s Emprende, dedicada ao \u00e2mbito das infraestruturas e solu\u00e7\u00f5es log\u00edsticas a pequena escala, \u00e9 a encarregada da gest\u00e3o integral da esta\u00e7\u00e3o de G\u00e1s Natural.<\/p>\n<p>Com esta nova incorpora\u00e7\u00e3o \u00e0 sua rede, a Andamur continua a avan\u00e7ar no seu compromisso com o meio ambiente. A multienergia na Andamur j\u00e1 \u00e9 uma realidade onde se integram pontos de carregamento el\u00e9trico e g\u00e1s natural (GNL e GNC). Ainda, cabe destacar que neste ano que acaba, a companhia tornou-se na primeira empresa do sector em obter o Selo de Pegada de Carbono, tomando assim a iniciativa na redu\u00e7\u00e3o de emiss\u00f5es associadas \u00e0s cadeias de abastecimento no sector do transporte profissional para incentivar a diminui\u00e7\u00e3o do impacto clim\u00e1tico.<\/p>\n<p><strong>\u00a0<\/strong><\/p>\n<p>&nbsp;<\/p>\n<p>&nbsp;<\/p>\n","protected":false},"excerpt":{"rendered":"<p>&gt;&gt; Ap\u00f3s a recente abertura de Guarrom\u00e1n no passado m\u00eas de setembro, a Molgas e a Andamur voltam a apostar no g\u00e1s, numa localiza\u00e7\u00e3o sumamente estrat\u00e9gica no transporte internacional, La Junquera. &gt;&gt; La Junquera torna-se assim na d\u00e9cimo primeira esta\u00e7\u00e3o de G\u00e1s Natural da Molgas Os clientes da Molgas j\u00e1 podem abastecer Gas Natural Liquefeito [&hellip;]<\/p>\n","protected":false},"author":1,"featured_media":16366,"comment_status":"closed","ping_status":"open","sticky":false,"template":"","format":"standard","meta":{"_acf_changed":false,"footnotes":""},"categories":[68],"tags":[],"class_list":["post-16169","post","type-post","status-publish","format-standard","has-post-thumbnail","hentry","category-novidades"],"acf":[],"yoast_head":"<!-- This site is optimized with the Yoast SEO plugin v25.4 - https:\/\/yoast.com\/wordpress\/plugins\/seo\/ -->\n<title>A Molgas e a Andamur abrem outra nova Esta\u00e7\u00e3o de G\u00e1s Natural em La Junquera - Andamur<\/title>\n<meta name=\"robots\" content=\"index, follow, max-snippet:-1, max-image-preview:large, max-video-preview:-1\" \/>\n<link rel=\"canonical\" href=\"https:\/\/www.andamur.com\/pt-pt\/novidades\/a-molgas-e-a-andamur-abrem-outra-nova-estacao-de-gas-natural-em-la-junquera\/\" \/>\n<meta property=\"og:locale\" content=\"pt_PT\" \/>\n<meta property=\"og:type\" content=\"article\" \/>\n<meta property=\"og:title\" content=\"A Molgas e a Andamur abrem outra nova Esta\u00e7\u00e3o de G\u00e1s Natural em La Junquera - Andamur\" \/>\n<meta property=\"og:description\" content=\"&gt;&gt; Ap\u00f3s a recente abertura de Guarrom\u00e1n no passado m\u00eas de setembro, a Molgas e a Andamur voltam a apostar no g\u00e1s, numa localiza\u00e7\u00e3o sumamente estrat\u00e9gica no transporte internacional, La Junquera. &gt;&gt; La Junquera torna-se assim na d\u00e9cimo primeira esta\u00e7\u00e3o de G\u00e1s Natural da Molgas Os clientes da Molgas j\u00e1 podem abastecer Gas Natural Liquefeito [&hellip;]\" \/>\n<meta property=\"og:url\" content=\"https:\/\/www.andamur.com\/pt-pt\/novidades\/a-molgas-e-a-andamur-abrem-outra-nova-estacao-de-gas-natural-em-la-junquera\/\" \/>\n<meta property=\"og:site_name\" content=\"Andamur\" \/>\n<meta property=\"article:publisher\" content=\"https:\/\/www.facebook.com\/AndamurEurope\/\" \/>\n<meta property=\"article:published_time\" content=\"2020-12-10T12:03:50+00:00\" \/>\n<meta property=\"article:modified_time\" content=\"2025-03-24T11:27:06+00:00\" \/>\n<meta property=\"og:image\" content=\"https:\/\/www.andamur.com\/wp-content\/uploads\/2020\/12\/gasinera-junquera-ok.jpg\" \/>\n\t<meta property=\"og:image:width\" content=\"1000\" \/>\n\t<meta property=\"og:image:height\" content=\"669\" \/>\n\t<meta property=\"og:image:type\" content=\"image\/jpeg\" \/>\n<meta name=\"author\" content=\"andamur\" \/>\n<meta name=\"twitter:card\" content=\"summary_large_image\" \/>\n<meta name=\"twitter:creator\" content=\"@andamur_es\" \/>\n<meta name=\"twitter:site\" content=\"@andamur_es\" \/>\n<meta name=\"twitter:label1\" content=\"Written by\" \/>\n\t<meta name=\"twitter:data1\" content=\"andamur\" \/>\n\t<meta name=\"twitter:label2\" content=\"Est. reading time\" \/>\n\t<meta name=\"twitter:data2\" content=\"2 minutes\" \/>\n<script type=\"application\/ld+json\" class=\"yoast-schema-graph\">{\"@context\":\"https:\/\/schema.org\",\"@graph\":[{\"@type\":\"Article\",\"@id\":\"https:\/\/www.andamur.com\/pt-pt\/novidades\/a-molgas-e-a-andamur-abrem-outra-nova-estacao-de-gas-natural-em-la-junquera\/#article\",\"isPartOf\":{\"@id\":\"https:\/\/www.andamur.com\/pt-pt\/novidades\/a-molgas-e-a-andamur-abrem-outra-nova-estacao-de-gas-natural-em-la-junquera\/\"},\"author\":{\"name\":\"andamur\",\"@id\":\"https:\/\/www.andamur.com\/#\/schema\/person\/131577731140377fe26cac4f07cccb72\"},\"headline\":\"A Molgas e a Andamur abrem outra nova Esta\u00e7\u00e3o de G\u00e1s Natural em La Junquera\",\"datePublished\":\"2020-12-10T12:03:50+00:00\",\"dateModified\":\"2025-03-24T11:27:06+00:00\",\"mainEntityOfPage\":{\"@id\":\"https:\/\/www.andamur.com\/pt-pt\/novidades\/a-molgas-e-a-andamur-abrem-outra-nova-estacao-de-gas-natural-em-la-junquera\/\"},\"wordCount\":309,\"publisher\":{\"@id\":\"https:\/\/www.andamur.com\/#organization\"},\"image\":{\"@id\":\"https:\/\/www.andamur.com\/pt-pt\/novidades\/a-molgas-e-a-andamur-abrem-outra-nova-estacao-de-gas-natural-em-la-junquera\/#primaryimage\"},\"thumbnailUrl\":\"https:\/\/www.andamur.com\/wp-content\/uploads\/2020\/12\/gasinera-junquera-ok.jpg\",\"articleSection\":[\"Novidades\"],\"inLanguage\":\"pt-PT\"},{\"@type\":\"WebPage\",\"@id\":\"https:\/\/www.andamur.com\/pt-pt\/novidades\/a-molgas-e-a-andamur-abrem-outra-nova-estacao-de-gas-natural-em-la-junquera\/\",\"url\":\"https:\/\/www.andamur.com\/pt-pt\/novidades\/a-molgas-e-a-andamur-abrem-outra-nova-estacao-de-gas-natural-em-la-junquera\/\",\"name\":\"A Molgas e a Andamur abrem outra nova Esta\u00e7\u00e3o de G\u00e1s Natural em La Junquera - Andamur\",\"isPartOf\":{\"@id\":\"https:\/\/www.andamur.com\/#website\"},\"primaryImageOfPage\":{\"@id\":\"https:\/\/www.andamur.com\/pt-pt\/novidades\/a-molgas-e-a-andamur-abrem-outra-nova-estacao-de-gas-natural-em-la-junquera\/#primaryimage\"},\"image\":{\"@id\":\"https:\/\/www.andamur.com\/pt-pt\/novidades\/a-molgas-e-a-andamur-abrem-outra-nova-estacao-de-gas-natural-em-la-junquera\/#primaryimage\"},\"thumbnailUrl\":\"https:\/\/www.andamur.com\/wp-content\/uploads\/2020\/12\/gasinera-junquera-ok.jpg\",\"datePublished\":\"2020-12-10T12:03:50+00:00\",\"dateModified\":\"2025-03-24T11:27:06+00:00\",\"breadcrumb\":{\"@id\":\"https:\/\/www.andamur.com\/pt-pt\/novidades\/a-molgas-e-a-andamur-abrem-outra-nova-estacao-de-gas-natural-em-la-junquera\/#breadcrumb\"},\"inLanguage\":\"pt-PT\",\"potentialAction\":[{\"@type\":\"ReadAction\",\"target\":[\"https:\/\/www.andamur.com\/pt-pt\/novidades\/a-molgas-e-a-andamur-abrem-outra-nova-estacao-de-gas-natural-em-la-junquera\/\"]}]},{\"@type\":\"ImageObject\",\"inLanguage\":\"pt-PT\",\"@id\":\"https:\/\/www.andamur.com\/pt-pt\/novidades\/a-molgas-e-a-andamur-abrem-outra-nova-estacao-de-gas-natural-em-la-junquera\/#primaryimage\",\"url\":\"https:\/\/www.andamur.com\/wp-content\/uploads\/2020\/12\/gasinera-junquera-ok.jpg\",\"contentUrl\":\"https:\/\/www.andamur.com\/wp-content\/uploads\/2020\/12\/gasinera-junquera-ok.jpg\",\"width\":1000,\"height\":669},{\"@type\":\"BreadcrumbList\",\"@id\":\"https:\/\/www.andamur.com\/pt-pt\/novidades\/a-molgas-e-a-andamur-abrem-outra-nova-estacao-de-gas-natural-em-la-junquera\/#breadcrumb\",\"itemListElement\":[{\"@type\":\"ListItem\",\"position\":1,\"name\":\"Portada\",\"item\":\"https:\/\/www.andamur.com\/pt-pt\/\"},{\"@type\":\"ListItem\",\"position\":2,\"name\":\"Novidades\",\"item\":\"https:\/\/www.andamur.com\/pt-pt\/novidades\/\"},{\"@type\":\"ListItem\",\"position\":3,\"name\":\"A Molgas e a Andamur abrem outra nova Esta\u00e7\u00e3o de G\u00e1s Natural em La Junquera\"}]},{\"@type\":\"WebSite\",\"@id\":\"https:\/\/www.andamur.com\/#website\",\"url\":\"https:\/\/www.andamur.com\/\",\"name\":\"Andamur\",\"description\":\"Cada viaje importa\",\"publisher\":{\"@id\":\"https:\/\/www.andamur.com\/#organization\"},\"inLanguage\":\"pt-PT\"},{\"@type\":\"Organization\",\"@id\":\"https:\/\/www.andamur.com\/#organization\",\"name\":\"Andamur\",\"url\":\"https:\/\/www.andamur.com\/\",\"logo\":{\"@type\":\"ImageObject\",\"inLanguage\":\"pt-PT\",\"@id\":\"https:\/\/www.andamur.com\/#\/schema\/logo\/image\/\",\"url\":\"https:\/\/www.andamur.com\/wp-content\/uploads\/2024\/02\/andamurogpic.jpg\",\"contentUrl\":\"https:\/\/www.andamur.com\/wp-content\/uploads\/2024\/02\/andamurogpic.jpg\",\"width\":1200,\"height\":630,\"caption\":\"Andamur\"},\"image\":{\"@id\":\"https:\/\/www.andamur.com\/#\/schema\/logo\/image\/\"},\"sameAs\":[\"https:\/\/www.facebook.com\/AndamurEurope\/\",\"https:\/\/x.com\/andamur_es\",\"https:\/\/www.instagram.com\/andamureurope\/\",\"https:\/\/www.youtube.com\/channel\/UCWP1SBl8J8SjUCcWBo_Uu1w\"]},{\"@type\":\"Person\",\"@id\":\"https:\/\/www.andamur.com\/#\/schema\/person\/131577731140377fe26cac4f07cccb72\",\"name\":\"andamur\",\"image\":{\"@type\":\"ImageObject\",\"inLanguage\":\"pt-PT\",\"@id\":\"https:\/\/www.andamur.com\/#\/schema\/person\/image\/\",\"url\":\"https:\/\/secure.gravatar.com\/avatar\/133ec8c8c0f653b06a023777fdc35962d922f161df68890737f028e35189a08f?s=96&d=mm&r=g\",\"contentUrl\":\"https:\/\/secure.gravatar.com\/avatar\/133ec8c8c0f653b06a023777fdc35962d922f161df68890737f028e35189a08f?s=96&d=mm&r=g\",\"caption\":\"andamur\"}}]}<\/script>\n<!-- \/ Yoast SEO plugin. -->","yoast_head_json":{"title":"A Molgas e a Andamur abrem outra nova Esta\u00e7\u00e3o de G\u00e1s Natural em La Junquera - Andamur","robots":{"index":"index","follow":"follow","max-snippet":"max-snippet:-1","max-image-preview":"max-image-preview:large","max-video-preview":"max-video-preview:-1"},"canonical":"https:\/\/www.andamur.com\/pt-pt\/novidades\/a-molgas-e-a-andamur-abrem-outra-nova-estacao-de-gas-natural-em-la-junquera\/","og_locale":"pt_PT","og_type":"article","og_title":"A Molgas e a Andamur abrem outra nova Esta\u00e7\u00e3o de G\u00e1s Natural em La Junquera - Andamur","og_description":"&gt;&gt; Ap\u00f3s a recente abertura de Guarrom\u00e1n no passado m\u00eas de setembro, a Molgas e a Andamur voltam a apostar no g\u00e1s, numa localiza\u00e7\u00e3o sumamente estrat\u00e9gica no transporte internacional, La Junquera. &gt;&gt; La Junquera torna-se assim na d\u00e9cimo primeira esta\u00e7\u00e3o de G\u00e1s Natural da Molgas Os clientes da Molgas j\u00e1 podem abastecer Gas Natural Liquefeito [&hellip;]","og_url":"https:\/\/www.andamur.com\/pt-pt\/novidades\/a-molgas-e-a-andamur-abrem-outra-nova-estacao-de-gas-natural-em-la-junquera\/","og_site_name":"Andamur","article_publisher":"https:\/\/www.facebook.com\/AndamurEurope\/","article_published_time":"2020-12-10T12:03:50+00:00","article_modified_time":"2025-03-24T11:27:06+00:00","og_image":[{"width":1000,"height":669,"url":"https:\/\/www.andamur.com\/wp-content\/uploads\/2020\/12\/gasinera-junquera-ok.jpg","type":"image\/jpeg"}],"author":"andamur","twitter_card":"summary_large_image","twitter_creator":"@andamur_es","twitter_site":"@andamur_es","twitter_misc":{"Written by":"andamur","Est. reading time":"2 minutes"},"schema":{"@context":"https:\/\/schema.org","@graph":[{"@type":"Article","@id":"https:\/\/www.andamur.com\/pt-pt\/novidades\/a-molgas-e-a-andamur-abrem-outra-nova-estacao-de-gas-natural-em-la-junquera\/#article","isPartOf":{"@id":"https:\/\/www.andamur.com\/pt-pt\/novidades\/a-molgas-e-a-andamur-abrem-outra-nova-estacao-de-gas-natural-em-la-junquera\/"},"author":{"name":"andamur","@id":"https:\/\/www.andamur.com\/#\/schema\/person\/131577731140377fe26cac4f07cccb72"},"headline":"A Molgas e a Andamur abrem outra nova Esta\u00e7\u00e3o de G\u00e1s Natural em La Junquera","datePublished":"2020-12-10T12:03:50+00:00","dateModified":"2025-03-24T11:27:06+00:00","mainEntityOfPage":{"@id":"https:\/\/www.andamur.com\/pt-pt\/novidades\/a-molgas-e-a-andamur-abrem-outra-nova-estacao-de-gas-natural-em-la-junquera\/"},"wordCount":309,"publisher":{"@id":"https:\/\/www.andamur.com\/#organization"},"image":{"@id":"https:\/\/www.andamur.com\/pt-pt\/novidades\/a-molgas-e-a-andamur-abrem-outra-nova-estacao-de-gas-natural-em-la-junquera\/#primaryimage"},"thumbnailUrl":"https:\/\/www.andamur.com\/wp-content\/uploads\/2020\/12\/gasinera-junquera-ok.jpg","articleSection":["Novidades"],"inLanguage":"pt-PT"},{"@type":"WebPage","@id":"https:\/\/www.andamur.com\/pt-pt\/novidades\/a-molgas-e-a-andamur-abrem-outra-nova-estacao-de-gas-natural-em-la-junquera\/","url":"https:\/\/www.andamur.com\/pt-pt\/novidades\/a-molgas-e-a-andamur-abrem-outra-nova-estacao-de-gas-natural-em-la-junquera\/","name":"A Molgas e a Andamur abrem outra nova Esta\u00e7\u00e3o de G\u00e1s Natural em La Junquera - Andamur","isPartOf":{"@id":"https:\/\/www.andamur.com\/#website"},"primaryImageOfPage":{"@id":"https:\/\/www.andamur.com\/pt-pt\/novidades\/a-molgas-e-a-andamur-abrem-outra-nova-estacao-de-gas-natural-em-la-junquera\/#primaryimage"},"image":{"@id":"https:\/\/www.andamur.com\/pt-pt\/novidades\/a-molgas-e-a-andamur-abrem-outra-nova-estacao-de-gas-natural-em-la-junquera\/#primaryimage"},"thumbnailUrl":"https:\/\/www.andamur.com\/wp-content\/uploads\/2020\/12\/gasinera-junquera-ok.jpg","datePublished":"2020-12-10T12:03:50+00:00","dateModified":"2025-03-24T11:27:06+00:00","breadcrumb":{"@id":"https:\/\/www.andamur.com\/pt-pt\/novidades\/a-molgas-e-a-andamur-abrem-outra-nova-estacao-de-gas-natural-em-la-junquera\/#breadcrumb"},"inLanguage":"pt-PT","potentialAction":[{"@type":"ReadAction","target":["https:\/\/www.andamur.com\/pt-pt\/novidades\/a-molgas-e-a-andamur-abrem-outra-nova-estacao-de-gas-natural-em-la-junquera\/"]}]},{"@type":"ImageObject","inLanguage":"pt-PT","@id":"https:\/\/www.andamur.com\/pt-pt\/novidades\/a-molgas-e-a-andamur-abrem-outra-nova-estacao-de-gas-natural-em-la-junquera\/#primaryimage","url":"https:\/\/www.andamur.com\/wp-content\/uploads\/2020\/12\/gasinera-junquera-ok.jpg","contentUrl":"https:\/\/www.andamur.com\/wp-content\/uploads\/2020\/12\/gasinera-junquera-ok.jpg","width":1000,"height":669},{"@type":"BreadcrumbList","@id":"https:\/\/www.andamur.com\/pt-pt\/novidades\/a-molgas-e-a-andamur-abrem-outra-nova-estacao-de-gas-natural-em-la-junquera\/#breadcrumb","itemListElement":[{"@type":"ListItem","position":1,"name":"Portada","item":"https:\/\/www.andamur.com\/pt-pt\/"},{"@type":"ListItem","position":2,"name":"Novidades","item":"https:\/\/www.andamur.com\/pt-pt\/novidades\/"},{"@type":"ListItem","position":3,"name":"A Molgas e a Andamur abrem outra nova Esta\u00e7\u00e3o de G\u00e1s Natural em La Junquera"}]},{"@type":"WebSite","@id":"https:\/\/www.andamur.com\/#website","url":"https:\/\/www.andamur.com\/","name":"Andamur","description":"Cada viaje importa","publisher":{"@id":"https:\/\/www.andamur.com\/#organization"},"inLanguage":"pt-PT"},{"@type":"Organization","@id":"https:\/\/www.andamur.com\/#organization","name":"Andamur","url":"https:\/\/www.andamur.com\/","logo":{"@type":"ImageObject","inLanguage":"pt-PT","@id":"https:\/\/www.andamur.com\/#\/schema\/logo\/image\/","url":"https:\/\/www.andamur.com\/wp-content\/uploads\/2024\/02\/andamurogpic.jpg","contentUrl":"https:\/\/www.andamur.com\/wp-content\/uploads\/2024\/02\/andamurogpic.jpg","width":1200,"height":630,"caption":"Andamur"},"image":{"@id":"https:\/\/www.andamur.com\/#\/schema\/logo\/image\/"},"sameAs":["https:\/\/www.facebook.com\/AndamurEurope\/","https:\/\/x.com\/andamur_es","https:\/\/www.instagram.com\/andamureurope\/","https:\/\/www.youtube.com\/channel\/UCWP1SBl8J8SjUCcWBo_Uu1w"]},{"@type":"Person","@id":"https:\/\/www.andamur.com\/#\/schema\/person\/131577731140377fe26cac4f07cccb72","name":"andamur","image":{"@type":"ImageObject","inLanguage":"pt-PT","@id":"https:\/\/www.andamur.com\/#\/schema\/person\/image\/","url":"https:\/\/secure.gravatar.com\/avatar\/133ec8c8c0f653b06a023777fdc35962d922f161df68890737f028e35189a08f?s=96&d=mm&r=g","contentUrl":"https:\/\/secure.gravatar.com\/avatar\/133ec8c8c0f653b06a023777fdc35962d922f161df68890737f028e35189a08f?s=96&d=mm&r=g","caption":"andamur"}}]}},"_links":{"self":[{"href":"https:\/\/www.andamur.com\/pt-pt\/wp-json\/wp\/v2\/posts\/16169","targetHints":{"allow":["GET"]}}],"collection":[{"href":"https:\/\/www.andamur.com\/pt-pt\/wp-json\/wp\/v2\/posts"}],"about":[{"href":"https:\/\/www.andamur.com\/pt-pt\/wp-json\/wp\/v2\/types\/post"}],"author":[{"embeddable":true,"href":"https:\/\/www.andamur.com\/pt-pt\/wp-json\/wp\/v2\/users\/1"}],"replies":[{"embeddable":true,"href":"https:\/\/www.andamur.com\/pt-pt\/wp-json\/wp\/v2\/comments?post=16169"}],"version-history":[{"count":0,"href":"https:\/\/www.andamur.com\/pt-pt\/wp-json\/wp\/v2\/posts\/16169\/revisions"}],"wp:featuredmedia":[{"embeddable":true,"href":"https:\/\/www.andamur.com\/pt-pt\/wp-json\/wp\/v2\/media\/16366"}],"wp:attachment":[{"href":"https:\/\/www.andamur.com\/pt-pt\/wp-json\/wp\/v2\/media?parent=16169"}],"wp:term":[{"taxonomy":"category","embeddable":true,"href":"https:\/\/www.andamur.com\/pt-pt\/wp-json\/wp\/v2\/categories?post=16169"},{"taxonomy":"post_tag","embeddable":true,"href":"https:\/\/www.andamur.com\/pt-pt\/wp-json\/wp\/v2\/tags?post=16169"}],"curies":[{"name":"wp","href":"https:\/\/api.w.org\/{rel}","templated":true}]}}