{"id":1149065,"date":"2025-12-19T10:49:38","date_gmt":"2025-12-19T09:49:38","guid":{"rendered":"https:\/\/www.andamur.com\/?p=1149065"},"modified":"2026-02-09T14:20:58","modified_gmt":"2026-02-09T13:20:58","slug":"na-andamur-continuamos-a-reforcar-a-sustentabilidade-com-a-instalacao-de-paineis-solares-em-andamur-pamplona","status":"publish","type":"post","link":"https:\/\/www.andamur.com\/pt-pt\/novidades\/na-andamur-continuamos-a-reforcar-a-sustentabilidade-com-a-instalacao-de-paineis-solares-em-andamur-pamplona\/","title":{"rendered":"Na Andamur continuamos a refor\u00e7ar a sustentabilidade com a instala\u00e7\u00e3o de pain\u00e9is solares em Andamur Pamplona"},"content":{"rendered":"<p data-start=\"3472\" data-end=\"3675\">Em linha com o nosso compromisso com a sustentabilidade e a efici\u00eancia energ\u00e9tica,<br data-start=\"3554\" data-end=\"3557\" \/><strong data-start=\"3557\" data-end=\"3675\">na Andamur implement\u00e1mos a instala\u00e7\u00e3o de pain\u00e9is fotovoltaicos na nossa \u00c1rea de Servi\u00e7o Andamur Pamplona, Navarra.<\/strong><\/p>\n<p data-start=\"3677\" data-end=\"3964\">Este projeto foi poss\u00edvel gra\u00e7as ao financiamento recebido atrav\u00e9s dos fundos europeus <strong data-start=\"3764\" data-end=\"3784\">NextGenerationEU<\/strong>, no \u00e2mbito do <strong data-start=\"3799\" data-end=\"3852\">Plano de Recupera\u00e7\u00e3o, Transforma\u00e7\u00e3o e Resili\u00eancia<\/strong>, integrado no programa de incentivos ligados ao autoconsumo e ao armazenamento com fontes de energia renov\u00e1vel.<\/p>\n<p data-start=\"3966\" data-end=\"4239\">A incorpora\u00e7\u00e3o de energia solar nestas instala\u00e7\u00f5es faz parte da nossa estrat\u00e9gia <strong data-start=\"4047\" data-end=\"4126\">para liderar a transi\u00e7\u00e3o para um modelo energ\u00e9tico mais limpo e respons\u00e1vel<\/strong>, contribuindo ativamente para a redu\u00e7\u00e3o das emiss\u00f5es de CO\u2082 e para a utiliza\u00e7\u00e3o eficiente dos recursos naturais.<\/p>\n<p data-start=\"4241\" data-end=\"4856\"><strong data-start=\"4241\" data-end=\"4269\">G.P. L\u00cdMITE ANDAMUR S.L.<\/strong> recebeu um apoio financeiro da Uni\u00e3o Europeia ao abrigo do <strong data-start=\"4329\" data-end=\"4355\">Fundo NextGenerationEU<\/strong>, no \u00e2mbito do <strong data-start=\"4370\" data-end=\"4423\">Plano de Recupera\u00e7\u00e3o, Transforma\u00e7\u00e3o e Resili\u00eancia<\/strong>, para a <strong data-start=\"4432\" data-end=\"4508\">INSTALA\u00c7\u00c3O FOTOVOLTAICA DE AUTOCONSUMO (ANDAMUR \u2013 IMARCOAIN) DE 25,2 kWp<\/strong>, integrada no programa de incentivos ao autoconsumo e ao armazenamento com fontes de energia renov\u00e1vel, bem como \u00e0 implementa\u00e7\u00e3o de sistemas t\u00e9rmicos renov\u00e1veis no setor residencial, promovido pelo Minist\u00e9rio da Transi\u00e7\u00e3o Ecol\u00f3gica e do Desafio Demogr\u00e1fico e gerido pelo Governo de Navarra, Departamento de Desenvolvimento Econ\u00f3mico e Empresarial.<\/p>\n<p data-start=\"4159\" data-end=\"4746\">\n<p><img decoding=\"async\" loading=\"lazy\" src=\"https:\/\/www.andamur.com\/wp-content\/uploads\/2025\/12\/andamur-pamplona-logos.png\" alt=\"Andamur pamplona logos\" width=\"2204\" height=\"390\" class=\"alignnone size-full wp-image-1593656\" srcset=\"https:\/\/www.andamur.com\/wp-content\/uploads\/2025\/12\/andamur-pamplona-logos.png 2204w, https:\/\/www.andamur.com\/wp-content\/uploads\/2025\/12\/andamur-pamplona-logos-350x62.png 350w, https:\/\/www.andamur.com\/wp-content\/uploads\/2025\/12\/andamur-pamplona-logos-1030x182.png 1030w, https:\/\/www.andamur.com\/wp-content\/uploads\/2025\/12\/andamur-pamplona-logos-768x136.png 768w, https:\/\/www.andamur.com\/wp-content\/uploads\/2025\/12\/andamur-pamplona-logos-1536x272.png 1536w, https:\/\/www.andamur.com\/wp-content\/uploads\/2025\/12\/andamur-pamplona-logos-2048x362.png 2048w\" sizes=\"auto, (max-width: 2204px) 100vw, 2204px\" \/><\/p>\n","protected":false},"excerpt":{"rendered":"<p>Em linha com o nosso compromisso com a sustentabilidade e a efici\u00eancia energ\u00e9tica,na Andamur implement\u00e1mos a instala\u00e7\u00e3o de pain\u00e9is fotovoltaicos na nossa \u00c1rea de Servi\u00e7o Andamur Pamplona, Navarra. Este projeto foi poss\u00edvel gra\u00e7as ao financiamento recebido atrav\u00e9s dos fundos europeus NextGenerationEU, no \u00e2mbito do Plano de Recupera\u00e7\u00e3o, Transforma\u00e7\u00e3o e Resili\u00eancia, integrado no programa de incentivos [&hellip;]<\/p>\n","protected":false},"author":1,"featured_media":1139037,"comment_status":"closed","ping_status":"open","sticky":false,"template":"","format":"standard","meta":{"_acf_changed":false,"footnotes":""},"categories":[68],"tags":[],"class_list":["post-1149065","post","type-post","status-publish","format-standard","has-post-thumbnail","hentry","category-novidades"],"acf":[],"yoast_head":"<!-- This site is optimized with the Yoast SEO plugin v25.4 - https:\/\/yoast.com\/wordpress\/plugins\/seo\/ -->\n<title>Na Andamur continuamos a refor\u00e7ar a sustentabilidade com a instala\u00e7\u00e3o de pain\u00e9is solares em Andamur Pamplona - Andamur<\/title>\n<meta name=\"robots\" content=\"index, follow, max-snippet:-1, max-image-preview:large, max-video-preview:-1\" \/>\n<link rel=\"canonical\" href=\"https:\/\/www.andamur.com\/pt-pt\/novidades\/na-andamur-continuamos-a-reforcar-a-sustentabilidade-com-a-instalacao-de-paineis-solares-em-andamur-pamplona\/\" \/>\n<meta property=\"og:locale\" content=\"pt_PT\" \/>\n<meta property=\"og:type\" content=\"article\" \/>\n<meta property=\"og:title\" content=\"Na Andamur continuamos a refor\u00e7ar a sustentabilidade com a instala\u00e7\u00e3o de pain\u00e9is solares em Andamur Pamplona - Andamur\" \/>\n<meta property=\"og:description\" content=\"Em linha com o nosso compromisso com a sustentabilidade e a efici\u00eancia energ\u00e9tica,na Andamur implement\u00e1mos a instala\u00e7\u00e3o de pain\u00e9is fotovoltaicos na nossa \u00c1rea de Servi\u00e7o Andamur Pamplona, Navarra. Este projeto foi poss\u00edvel gra\u00e7as ao financiamento recebido atrav\u00e9s dos fundos europeus NextGenerationEU, no \u00e2mbito do Plano de Recupera\u00e7\u00e3o, Transforma\u00e7\u00e3o e Resili\u00eancia, integrado no programa de incentivos [&hellip;]\" \/>\n<meta property=\"og:url\" content=\"https:\/\/www.andamur.com\/pt-pt\/novidades\/na-andamur-continuamos-a-reforcar-a-sustentabilidade-com-a-instalacao-de-paineis-solares-em-andamur-pamplona\/\" \/>\n<meta property=\"og:site_name\" content=\"Andamur\" \/>\n<meta property=\"article:publisher\" content=\"https:\/\/www.facebook.com\/AndamurEurope\/\" \/>\n<meta property=\"article:published_time\" content=\"2025-12-19T09:49:38+00:00\" \/>\n<meta property=\"article:modified_time\" content=\"2026-02-09T13:20:58+00:00\" \/>\n<meta property=\"og:image\" content=\"https:\/\/www.andamur.com\/wp-content\/uploads\/2025\/12\/Instalacion-Fotovoltaica-Andamur-Pamplona-1030x579.jpg\" \/>\n\t<meta property=\"og:image:width\" content=\"1030\" \/>\n\t<meta property=\"og:image:height\" content=\"579\" \/>\n\t<meta property=\"og:image:type\" content=\"image\/jpeg\" \/>\n<meta name=\"author\" content=\"andamur\" \/>\n<meta name=\"twitter:card\" content=\"summary_large_image\" \/>\n<meta name=\"twitter:creator\" content=\"@andamur_es\" \/>\n<meta name=\"twitter:site\" content=\"@andamur_es\" \/>\n<meta name=\"twitter:label1\" content=\"Written by\" \/>\n\t<meta name=\"twitter:data1\" content=\"andamur\" \/>\n\t<meta name=\"twitter:label2\" content=\"Est. reading time\" \/>\n\t<meta name=\"twitter:data2\" content=\"2 minutes\" \/>\n<script type=\"application\/ld+json\" class=\"yoast-schema-graph\">{\"@context\":\"https:\/\/schema.org\",\"@graph\":[{\"@type\":\"Article\",\"@id\":\"https:\/\/www.andamur.com\/pt-pt\/novidades\/na-andamur-continuamos-a-reforcar-a-sustentabilidade-com-a-instalacao-de-paineis-solares-em-andamur-pamplona\/#article\",\"isPartOf\":{\"@id\":\"https:\/\/www.andamur.com\/pt-pt\/novidades\/na-andamur-continuamos-a-reforcar-a-sustentabilidade-com-a-instalacao-de-paineis-solares-em-andamur-pamplona\/\"},\"author\":{\"name\":\"andamur\",\"@id\":\"https:\/\/www.andamur.com\/#\/schema\/person\/131577731140377fe26cac4f07cccb72\"},\"headline\":\"Na Andamur continuamos a refor\u00e7ar a sustentabilidade com a instala\u00e7\u00e3o de pain\u00e9is solares em Andamur Pamplona\",\"datePublished\":\"2025-12-19T09:49:38+00:00\",\"dateModified\":\"2026-02-09T13:20:58+00:00\",\"mainEntityOfPage\":{\"@id\":\"https:\/\/www.andamur.com\/pt-pt\/novidades\/na-andamur-continuamos-a-reforcar-a-sustentabilidade-com-a-instalacao-de-paineis-solares-em-andamur-pamplona\/\"},\"wordCount\":248,\"publisher\":{\"@id\":\"https:\/\/www.andamur.com\/#organization\"},\"image\":{\"@id\":\"https:\/\/www.andamur.com\/pt-pt\/novidades\/na-andamur-continuamos-a-reforcar-a-sustentabilidade-com-a-instalacao-de-paineis-solares-em-andamur-pamplona\/#primaryimage\"},\"thumbnailUrl\":\"https:\/\/www.andamur.com\/wp-content\/uploads\/2025\/12\/Instalacion-Fotovoltaica-Andamur-Pamplona.jpg\",\"articleSection\":[\"Novidades\"],\"inLanguage\":\"pt-PT\"},{\"@type\":\"WebPage\",\"@id\":\"https:\/\/www.andamur.com\/pt-pt\/novidades\/na-andamur-continuamos-a-reforcar-a-sustentabilidade-com-a-instalacao-de-paineis-solares-em-andamur-pamplona\/\",\"url\":\"https:\/\/www.andamur.com\/pt-pt\/novidades\/na-andamur-continuamos-a-reforcar-a-sustentabilidade-com-a-instalacao-de-paineis-solares-em-andamur-pamplona\/\",\"name\":\"Na Andamur continuamos a refor\u00e7ar a sustentabilidade com a instala\u00e7\u00e3o de pain\u00e9is solares em Andamur Pamplona - Andamur\",\"isPartOf\":{\"@id\":\"https:\/\/www.andamur.com\/#website\"},\"primaryImageOfPage\":{\"@id\":\"https:\/\/www.andamur.com\/pt-pt\/novidades\/na-andamur-continuamos-a-reforcar-a-sustentabilidade-com-a-instalacao-de-paineis-solares-em-andamur-pamplona\/#primaryimage\"},\"image\":{\"@id\":\"https:\/\/www.andamur.com\/pt-pt\/novidades\/na-andamur-continuamos-a-reforcar-a-sustentabilidade-com-a-instalacao-de-paineis-solares-em-andamur-pamplona\/#primaryimage\"},\"thumbnailUrl\":\"https:\/\/www.andamur.com\/wp-content\/uploads\/2025\/12\/Instalacion-Fotovoltaica-Andamur-Pamplona.jpg\",\"datePublished\":\"2025-12-19T09:49:38+00:00\",\"dateModified\":\"2026-02-09T13:20:58+00:00\",\"breadcrumb\":{\"@id\":\"https:\/\/www.andamur.com\/pt-pt\/novidades\/na-andamur-continuamos-a-reforcar-a-sustentabilidade-com-a-instalacao-de-paineis-solares-em-andamur-pamplona\/#breadcrumb\"},\"inLanguage\":\"pt-PT\",\"potentialAction\":[{\"@type\":\"ReadAction\",\"target\":[\"https:\/\/www.andamur.com\/pt-pt\/novidades\/na-andamur-continuamos-a-reforcar-a-sustentabilidade-com-a-instalacao-de-paineis-solares-em-andamur-pamplona\/\"]}]},{\"@type\":\"ImageObject\",\"inLanguage\":\"pt-PT\",\"@id\":\"https:\/\/www.andamur.com\/pt-pt\/novidades\/na-andamur-continuamos-a-reforcar-a-sustentabilidade-com-a-instalacao-de-paineis-solares-em-andamur-pamplona\/#primaryimage\",\"url\":\"https:\/\/www.andamur.com\/wp-content\/uploads\/2025\/12\/Instalacion-Fotovoltaica-Andamur-Pamplona.jpg\",\"contentUrl\":\"https:\/\/www.andamur.com\/wp-content\/uploads\/2025\/12\/Instalacion-Fotovoltaica-Andamur-Pamplona.jpg\",\"width\":4000,\"height\":2250},{\"@type\":\"BreadcrumbList\",\"@id\":\"https:\/\/www.andamur.com\/pt-pt\/novidades\/na-andamur-continuamos-a-reforcar-a-sustentabilidade-com-a-instalacao-de-paineis-solares-em-andamur-pamplona\/#breadcrumb\",\"itemListElement\":[{\"@type\":\"ListItem\",\"position\":1,\"name\":\"Portada\",\"item\":\"https:\/\/www.andamur.com\/pt-pt\/\"},{\"@type\":\"ListItem\",\"position\":2,\"name\":\"Novidades\",\"item\":\"https:\/\/www.andamur.com\/pt-pt\/novidades\/\"},{\"@type\":\"ListItem\",\"position\":3,\"name\":\"Na Andamur continuamos a refor\u00e7ar a sustentabilidade com a instala\u00e7\u00e3o de pain\u00e9is solares em Andamur Pamplona\"}]},{\"@type\":\"WebSite\",\"@id\":\"https:\/\/www.andamur.com\/#website\",\"url\":\"https:\/\/www.andamur.com\/\",\"name\":\"Andamur\",\"description\":\"Cada viaje importa\",\"publisher\":{\"@id\":\"https:\/\/www.andamur.com\/#organization\"},\"inLanguage\":\"pt-PT\"},{\"@type\":\"Organization\",\"@id\":\"https:\/\/www.andamur.com\/#organization\",\"name\":\"Andamur\",\"url\":\"https:\/\/www.andamur.com\/\",\"logo\":{\"@type\":\"ImageObject\",\"inLanguage\":\"pt-PT\",\"@id\":\"https:\/\/www.andamur.com\/#\/schema\/logo\/image\/\",\"url\":\"https:\/\/www.andamur.com\/wp-content\/uploads\/2024\/02\/andamurogpic.jpg\",\"contentUrl\":\"https:\/\/www.andamur.com\/wp-content\/uploads\/2024\/02\/andamurogpic.jpg\",\"width\":1200,\"height\":630,\"caption\":\"Andamur\"},\"image\":{\"@id\":\"https:\/\/www.andamur.com\/#\/schema\/logo\/image\/\"},\"sameAs\":[\"https:\/\/www.facebook.com\/AndamurEurope\/\",\"https:\/\/x.com\/andamur_es\",\"https:\/\/www.instagram.com\/andamureurope\/\",\"https:\/\/www.youtube.com\/channel\/UCWP1SBl8J8SjUCcWBo_Uu1w\"]},{\"@type\":\"Person\",\"@id\":\"https:\/\/www.andamur.com\/#\/schema\/person\/131577731140377fe26cac4f07cccb72\",\"name\":\"andamur\",\"image\":{\"@type\":\"ImageObject\",\"inLanguage\":\"pt-PT\",\"@id\":\"https:\/\/www.andamur.com\/#\/schema\/person\/image\/\",\"url\":\"https:\/\/secure.gravatar.com\/avatar\/133ec8c8c0f653b06a023777fdc35962d922f161df68890737f028e35189a08f?s=96&d=mm&r=g\",\"contentUrl\":\"https:\/\/secure.gravatar.com\/avatar\/133ec8c8c0f653b06a023777fdc35962d922f161df68890737f028e35189a08f?s=96&d=mm&r=g\",\"caption\":\"andamur\"}}]}<\/script>\n<!-- \/ Yoast SEO plugin. -->","yoast_head_json":{"title":"Na Andamur continuamos a refor\u00e7ar a sustentabilidade com a instala\u00e7\u00e3o de pain\u00e9is solares em Andamur Pamplona - Andamur","robots":{"index":"index","follow":"follow","max-snippet":"max-snippet:-1","max-image-preview":"max-image-preview:large","max-video-preview":"max-video-preview:-1"},"canonical":"https:\/\/www.andamur.com\/pt-pt\/novidades\/na-andamur-continuamos-a-reforcar-a-sustentabilidade-com-a-instalacao-de-paineis-solares-em-andamur-pamplona\/","og_locale":"pt_PT","og_type":"article","og_title":"Na Andamur continuamos a refor\u00e7ar a sustentabilidade com a instala\u00e7\u00e3o de pain\u00e9is solares em Andamur Pamplona - Andamur","og_description":"Em linha com o nosso compromisso com a sustentabilidade e a efici\u00eancia energ\u00e9tica,na Andamur implement\u00e1mos a instala\u00e7\u00e3o de pain\u00e9is fotovoltaicos na nossa \u00c1rea de Servi\u00e7o Andamur Pamplona, Navarra. Este projeto foi poss\u00edvel gra\u00e7as ao financiamento recebido atrav\u00e9s dos fundos europeus NextGenerationEU, no \u00e2mbito do Plano de Recupera\u00e7\u00e3o, Transforma\u00e7\u00e3o e Resili\u00eancia, integrado no programa de incentivos [&hellip;]","og_url":"https:\/\/www.andamur.com\/pt-pt\/novidades\/na-andamur-continuamos-a-reforcar-a-sustentabilidade-com-a-instalacao-de-paineis-solares-em-andamur-pamplona\/","og_site_name":"Andamur","article_publisher":"https:\/\/www.facebook.com\/AndamurEurope\/","article_published_time":"2025-12-19T09:49:38+00:00","article_modified_time":"2026-02-09T13:20:58+00:00","og_image":[{"width":1030,"height":579,"url":"https:\/\/www.andamur.com\/wp-content\/uploads\/2025\/12\/Instalacion-Fotovoltaica-Andamur-Pamplona-1030x579.jpg","type":"image\/jpeg"}],"author":"andamur","twitter_card":"summary_large_image","twitter_creator":"@andamur_es","twitter_site":"@andamur_es","twitter_misc":{"Written by":"andamur","Est. reading time":"2 minutes"},"schema":{"@context":"https:\/\/schema.org","@graph":[{"@type":"Article","@id":"https:\/\/www.andamur.com\/pt-pt\/novidades\/na-andamur-continuamos-a-reforcar-a-sustentabilidade-com-a-instalacao-de-paineis-solares-em-andamur-pamplona\/#article","isPartOf":{"@id":"https:\/\/www.andamur.com\/pt-pt\/novidades\/na-andamur-continuamos-a-reforcar-a-sustentabilidade-com-a-instalacao-de-paineis-solares-em-andamur-pamplona\/"},"author":{"name":"andamur","@id":"https:\/\/www.andamur.com\/#\/schema\/person\/131577731140377fe26cac4f07cccb72"},"headline":"Na Andamur continuamos a refor\u00e7ar a sustentabilidade com a instala\u00e7\u00e3o de pain\u00e9is solares em Andamur Pamplona","datePublished":"2025-12-19T09:49:38+00:00","dateModified":"2026-02-09T13:20:58+00:00","mainEntityOfPage":{"@id":"https:\/\/www.andamur.com\/pt-pt\/novidades\/na-andamur-continuamos-a-reforcar-a-sustentabilidade-com-a-instalacao-de-paineis-solares-em-andamur-pamplona\/"},"wordCount":248,"publisher":{"@id":"https:\/\/www.andamur.com\/#organization"},"image":{"@id":"https:\/\/www.andamur.com\/pt-pt\/novidades\/na-andamur-continuamos-a-reforcar-a-sustentabilidade-com-a-instalacao-de-paineis-solares-em-andamur-pamplona\/#primaryimage"},"thumbnailUrl":"https:\/\/www.andamur.com\/wp-content\/uploads\/2025\/12\/Instalacion-Fotovoltaica-Andamur-Pamplona.jpg","articleSection":["Novidades"],"inLanguage":"pt-PT"},{"@type":"WebPage","@id":"https:\/\/www.andamur.com\/pt-pt\/novidades\/na-andamur-continuamos-a-reforcar-a-sustentabilidade-com-a-instalacao-de-paineis-solares-em-andamur-pamplona\/","url":"https:\/\/www.andamur.com\/pt-pt\/novidades\/na-andamur-continuamos-a-reforcar-a-sustentabilidade-com-a-instalacao-de-paineis-solares-em-andamur-pamplona\/","name":"Na Andamur continuamos a refor\u00e7ar a sustentabilidade com a instala\u00e7\u00e3o de pain\u00e9is solares em Andamur Pamplona - Andamur","isPartOf":{"@id":"https:\/\/www.andamur.com\/#website"},"primaryImageOfPage":{"@id":"https:\/\/www.andamur.com\/pt-pt\/novidades\/na-andamur-continuamos-a-reforcar-a-sustentabilidade-com-a-instalacao-de-paineis-solares-em-andamur-pamplona\/#primaryimage"},"image":{"@id":"https:\/\/www.andamur.com\/pt-pt\/novidades\/na-andamur-continuamos-a-reforcar-a-sustentabilidade-com-a-instalacao-de-paineis-solares-em-andamur-pamplona\/#primaryimage"},"thumbnailUrl":"https:\/\/www.andamur.com\/wp-content\/uploads\/2025\/12\/Instalacion-Fotovoltaica-Andamur-Pamplona.jpg","datePublished":"2025-12-19T09:49:38+00:00","dateModified":"2026-02-09T13:20:58+00:00","breadcrumb":{"@id":"https:\/\/www.andamur.com\/pt-pt\/novidades\/na-andamur-continuamos-a-reforcar-a-sustentabilidade-com-a-instalacao-de-paineis-solares-em-andamur-pamplona\/#breadcrumb"},"inLanguage":"pt-PT","potentialAction":[{"@type":"ReadAction","target":["https:\/\/www.andamur.com\/pt-pt\/novidades\/na-andamur-continuamos-a-reforcar-a-sustentabilidade-com-a-instalacao-de-paineis-solares-em-andamur-pamplona\/"]}]},{"@type":"ImageObject","inLanguage":"pt-PT","@id":"https:\/\/www.andamur.com\/pt-pt\/novidades\/na-andamur-continuamos-a-reforcar-a-sustentabilidade-com-a-instalacao-de-paineis-solares-em-andamur-pamplona\/#primaryimage","url":"https:\/\/www.andamur.com\/wp-content\/uploads\/2025\/12\/Instalacion-Fotovoltaica-Andamur-Pamplona.jpg","contentUrl":"https:\/\/www.andamur.com\/wp-content\/uploads\/2025\/12\/Instalacion-Fotovoltaica-Andamur-Pamplona.jpg","width":4000,"height":2250},{"@type":"BreadcrumbList","@id":"https:\/\/www.andamur.com\/pt-pt\/novidades\/na-andamur-continuamos-a-reforcar-a-sustentabilidade-com-a-instalacao-de-paineis-solares-em-andamur-pamplona\/#breadcrumb","itemListElement":[{"@type":"ListItem","position":1,"name":"Portada","item":"https:\/\/www.andamur.com\/pt-pt\/"},{"@type":"ListItem","position":2,"name":"Novidades","item":"https:\/\/www.andamur.com\/pt-pt\/novidades\/"},{"@type":"ListItem","position":3,"name":"Na Andamur continuamos a refor\u00e7ar a sustentabilidade com a instala\u00e7\u00e3o de pain\u00e9is solares em Andamur Pamplona"}]},{"@type":"WebSite","@id":"https:\/\/www.andamur.com\/#website","url":"https:\/\/www.andamur.com\/","name":"Andamur","description":"Cada viaje importa","publisher":{"@id":"https:\/\/www.andamur.com\/#organization"},"inLanguage":"pt-PT"},{"@type":"Organization","@id":"https:\/\/www.andamur.com\/#organization","name":"Andamur","url":"https:\/\/www.andamur.com\/","logo":{"@type":"ImageObject","inLanguage":"pt-PT","@id":"https:\/\/www.andamur.com\/#\/schema\/logo\/image\/","url":"https:\/\/www.andamur.com\/wp-content\/uploads\/2024\/02\/andamurogpic.jpg","contentUrl":"https:\/\/www.andamur.com\/wp-content\/uploads\/2024\/02\/andamurogpic.jpg","width":1200,"height":630,"caption":"Andamur"},"image":{"@id":"https:\/\/www.andamur.com\/#\/schema\/logo\/image\/"},"sameAs":["https:\/\/www.facebook.com\/AndamurEurope\/","https:\/\/x.com\/andamur_es","https:\/\/www.instagram.com\/andamureurope\/","https:\/\/www.youtube.com\/channel\/UCWP1SBl8J8SjUCcWBo_Uu1w"]},{"@type":"Person","@id":"https:\/\/www.andamur.com\/#\/schema\/person\/131577731140377fe26cac4f07cccb72","name":"andamur","image":{"@type":"ImageObject","inLanguage":"pt-PT","@id":"https:\/\/www.andamur.com\/#\/schema\/person\/image\/","url":"https:\/\/secure.gravatar.com\/avatar\/133ec8c8c0f653b06a023777fdc35962d922f161df68890737f028e35189a08f?s=96&d=mm&r=g","contentUrl":"https:\/\/secure.gravatar.com\/avatar\/133ec8c8c0f653b06a023777fdc35962d922f161df68890737f028e35189a08f?s=96&d=mm&r=g","caption":"andamur"}}]}},"_links":{"self":[{"href":"https:\/\/www.andamur.com\/pt-pt\/wp-json\/wp\/v2\/posts\/1149065","targetHints":{"allow":["GET"]}}],"collection":[{"href":"https:\/\/www.andamur.com\/pt-pt\/wp-json\/wp\/v2\/posts"}],"about":[{"href":"https:\/\/www.andamur.com\/pt-pt\/wp-json\/wp\/v2\/types\/post"}],"author":[{"embeddable":true,"href":"https:\/\/www.andamur.com\/pt-pt\/wp-json\/wp\/v2\/users\/1"}],"replies":[{"embeddable":true,"href":"https:\/\/www.andamur.com\/pt-pt\/wp-json\/wp\/v2\/comments?post=1149065"}],"version-history":[{"count":0,"href":"https:\/\/www.andamur.com\/pt-pt\/wp-json\/wp\/v2\/posts\/1149065\/revisions"}],"wp:featuredmedia":[{"embeddable":true,"href":"https:\/\/www.andamur.com\/pt-pt\/wp-json\/wp\/v2\/media\/1139037"}],"wp:attachment":[{"href":"https:\/\/www.andamur.com\/pt-pt\/wp-json\/wp\/v2\/media?parent=1149065"}],"wp:term":[{"taxonomy":"category","embeddable":true,"href":"https:\/\/www.andamur.com\/pt-pt\/wp-json\/wp\/v2\/categories?post=1149065"},{"taxonomy":"post_tag","embeddable":true,"href":"https:\/\/www.andamur.com\/pt-pt\/wp-json\/wp\/v2\/tags?post=1149065"}],"curies":[{"name":"wp","href":"https:\/\/api.w.org\/{rel}","templated":true}]}}