{"id":64380,"date":"2025-02-25T10:46:20","date_gmt":"2025-02-25T09:46:20","guid":{"rendered":"https:\/\/www.andamur.com\/noticias\/gran-acogida-del-iii-foro-internacional-mujer-y-sector-transporte-en-malaga\/"},"modified":"2025-02-25T10:55:05","modified_gmt":"2025-02-25T09:55:05","slug":"wspaniale-przyjecie-iii-miedzynarodowego-forum-kobiet-i-sektora-transportowego-w-maladze","status":"publish","type":"post","link":"https:\/\/www.andamur.com\/pl\/aktualnosci\/wspaniale-przyjecie-iii-miedzynarodowego-forum-kobiet-i-sektora-transportowego-w-maladze\/","title":{"rendered":"Wspania\u0142e przyj\u0119cie III Mi\u0119dzynarodowego Forum Kobiet i Sektora Transportowego w Maladze"},"content":{"rendered":"<p><strong>Trzecie Mi\u0119dzynarodowe Forum Kobiet i Sektora Transportowego <\/strong>po raz kolejny przekroczy\u0142o wszelkie oczekiwania, umacniaj\u0105c swoj\u0105 pozycj\u0119 wydarzenia wzorcowego w tym sektorze. Wydarzenie, kt\u00f3re odby\u0142o si\u0119 wczoraj <strong>20 lutego w Muzeum Motoryzacji w Maladze<\/strong>, zgromadzi\u0142o czo\u0142owe osobisto\u015bci z sektora transportu drogowego, <strong>podnosz\u0105c rang\u0119 roli kobiet w tej bran\u017cy i generuj\u0105c przestrze\u0144 do wzbogacaj\u0105cej debaty <\/strong>na temat <strong>wyzwa\u0144 i mo\u017cliwo\u015bci <\/strong>przysz\u0142o\u015bci.<\/p>\n<p>Od pocz\u0105tku sesji podkre\u015blano potrzeb\u0119 dalszych post\u0119p\u00f3w w zakresie r\u00f3wno\u015bci p\u0142ci i uznania wk\u0142adu kobiet w sektorze transportu.<\/p>\n<p><strong>Wydarzenie z udzia\u0142em bohater\u00f3w najwy\u017cszego szczebla<\/strong><\/p>\n<p>Dzie\u0144 rozpocz\u0105\u0142 si\u0119 o godzinie 10:00 przem\u00f3wieniem powitalnym naszego CEO, <a href=\"https:\/\/www.linkedin.com\/in\/miguel-%C3%A1ngel-l%C3%B3pez-s%C3%A1nchez-a7759789\/\"><strong>Miguel \u00c1ngel L\u00f3pez<\/strong><\/a>, kt\u00f3ry podkre\u015bli\u0142 znaczenie takich wydarze\u0144 dla dalszego promowania r\u00f3\u017cnorodno\u015bci i integracji w sektorze. G\u0142os zabra\u0142a r\u00f3wnie\u017c <a href=\"https:\/\/www.linkedin.com\/in\/roser-obrer-marco-ab98802a\/\"><strong>Roser Obrer<\/strong><\/a><strong>, dyrektor generalna ds. transportu drogowego i kolejowego w Ministerstwie Transportu i Zr\u00f3wnowa\u017conej Mobilno\u015bci<\/strong>, kt\u00f3ra podkre\u015bli\u0142a fundamentaln\u0105 rol\u0119 kobiet w ewolucji transportu.<\/p>\n<div class=\"ecode_shortcode_video\" data-id-video=\"1aYvnAnkydM\" data-type-video=\"youtube\"><i><svg width=\"100px\" height=\"71px\" viewBox=\"0 0 100 71\" version=\"1.1\" xmlns=\"http:\/\/www.w3.org\/2000\/svg\" xmlns:xlink=\"http:\/\/www.w3.org\/1999\/xlink\"><g stroke=\"none\" stroke-width=\"1\" fill=\"none\" fill-rule=\"evenodd\"><g transform=\"translate(-366.000000, -261.000000)\" fill=\"#C4302B\" fill-rule=\"nonzero\"><g transform=\"translate(366.000000, 261.000000)\"><path d=\"M79.2312815,0 L20.7687185,0 C9.29846139,0 0,9.29846139 0,20.7687185 L0,49.9938178 C0,61.4640749 9.29846139,70.7625363 20.7687185,70.7625363 L79.2312815,70.7625363 C90.7015386,70.7625363 100,61.4640749 100,49.9938178 L100,20.7687185 C100,9.29846139 90.7015386,0 79.2312815,0 Z M65.1855419,36.803174 L37.8406988,49.8450112 C37.112067,50.1925159 36.2704202,49.6612806 36.2704202,48.854124 L36.2704202,21.9552669 C36.2704202,21.1366136 37.1341928,20.6060291 37.864343,20.9760933 L65.2091861,34.8331132 C66.0221995,35.2450429 66.0080998,36.4109839 65.1855419,36.803174 Z\"><\/path><\/g><\/g><\/g><\/svg><\/i><picture><source media=\"(min-width:1024px)\" srcset=\"https:\/\/img.youtube.com\/vi\/1aYvnAnkydM\/maxresdefault.jpg\"><img decoding=\"async\" loading=\"lazy\" src=\"https:\/\/img.youtube.com\/vi\/1aYvnAnkydM\/hqdefault.jpg\" alt=\"Video - Wspania\u0142e przyj\u0119cie III Mi\u0119dzynarodowego Forum Kobiet i Sektora Transportowego w Maladze\"><\/picture><\/div>\n<p><strong>Inspiruj\u0105ce refleksje <\/strong><\/p>\n<p>Pierwsz\u0105 prezentacj\u0119 tego dnia wyg\u0142osi\u0142a <a href=\"https:\/\/www.linkedin.com\/in\/isabelsanchezserrano\/\"><strong>Isabel S\u00e1nchez Serrano<\/strong><\/a><strong>, dyrektor generalna <\/strong><a href=\"https:\/\/www.disfrimur.com\/\"><strong>Grupo Disfrimur<\/strong><\/a><strong>, <\/strong>kt\u00f3ra podzieli\u0142a si\u0119 swoim do\u015bwiadczeniem i zastanowi\u0142a si\u0119 nad wyzwaniami i mo\u017cliwo\u015bciami, przed kt\u00f3rymi stoj\u0105 kobiety w tym sektorze. W swoim przem\u00f3wieniu <strong>odby\u0142a podr\u00f3\u017c w czasie, przypominaj\u0105c ewolucj\u0119 roli kobiet <\/strong>w miejscu pracy i w spo\u0142ecze\u0144stwie. Opowiedzia\u0142a o pocz\u0105tkach Disfrimur jako sklepu spo\u017cywczego i o tym, jak dzi\u0119ki wytrwa\u0142o\u015bci i wysi\u0142kowi firma sta\u0142a si\u0119 tym, czym jest dzisiaj.<\/p>\n<p><img decoding=\"async\" loading=\"lazy\" src=\"https:\/\/www.andamur.com\/wp-content\/uploads\/2025\/02\/Ponencia-Isabel-Disfrimur.jpg\" alt=\"Ponencia isabel disfrimur\" width=\"951\" height=\"634\" class=\"aligncenter wp-image-64342 size-full\" srcset=\"https:\/\/www.andamur.com\/wp-content\/uploads\/2025\/02\/Ponencia-Isabel-Disfrimur.jpg 951w, https:\/\/www.andamur.com\/wp-content\/uploads\/2025\/02\/Ponencia-Isabel-Disfrimur-350x233.jpg 350w, https:\/\/www.andamur.com\/wp-content\/uploads\/2025\/02\/Ponencia-Isabel-Disfrimur-768x512.jpg 768w\" sizes=\"auto, (max-width: 951px) 100vw, 951px\" \/><\/p>\n<p>Na koniec Isabel z\u0142o\u017cy\u0142a ho\u0142d kobietom-kierowcom ci\u0119\u017car\u00f3wek za pomoc\u0105 trzech poruszaj\u0105cych film\u00f3w, w kt\u00f3rych trzy profesjonalistki z jej firmy otrzyma\u0142y swoje imiona i nazwiska, dziel\u0105c si\u0119 swoimi do\u015bwiadczeniami i jasnym przes\u0142aniem entuzjazmu i mi\u0142o\u015bci do swojego zawodu.<\/p>\n<p><strong>Nast\u0119pnie odby\u0142 si\u0119 pierwszy okr\u0105g\u0142y st\u00f3\u0142<\/strong>, kt\u00f3ry koncentrowa\u0142 si\u0119 na roli kobiet-przedsi\u0119biorc\u00f3w w transporcie. W debacie, moderowane przez <a href=\"https:\/\/www.linkedin.com\/in\/amanda-aquino\/\"><strong>Amand\u0119 Aquino<\/strong><\/a>, wzi\u0119\u0142y udzia\u0142 wybitne liderki, takie jak <strong>Ema Leit\u00e3o <\/strong>(Strategia i Zarz\u0105dzanie Kontraktami &#8211; Transportes Nogueira &#8211; Portugalia), <strong>Joanna Wachowiak-Jurasz <\/strong>(Manager &#8211; Guess Polska &#8211; Polska), <a href=\"https:\/\/www.linkedin.com\/in\/marta-s%C3%A1nchez-l%C3%B3pez-lago-3364a319\/\" target=\"_blank\" rel=\"noopener\"><strong>Marta S\u00e1nchez L\u00f3pez-Lago <\/strong><\/a>(W\u0142a\u015bcicielka &#8211; Transportes Narval &#8211; Hiszpania) i <a href=\"https:\/\/www.linkedin.com\/in\/maria-luz-cobos-rodr%C3%ADguez\/\" target=\"_blank\" rel=\"noopener\"><strong>Mari Luz Cobos <\/strong><\/a>(Dyrektor Generalny &#8211; <a href=\"https:\/\/www.linkedin.com\/company\/transahersmartlogistics\/\" target=\"_blank\" rel=\"noopener\">Grupo Transaher <\/a>&#8211; Hiszpania). Podczas debaty przeanalizowano strategie przyw\u00f3dztwa i znaczenie promowania obecno\u015bci kobiet na wy\u017cszych stanowiskach w sektorze.<\/p>\n<p>Uczestnicy podzielili si\u0119 wskaz\u00f3wkami, jak radzi\u0107 sobie <strong>ze zmieniaj\u0105cym si\u0119 rynkiem<\/strong>, podkre\u015blaj\u0105c znaczenie <strong>negocjacji<\/strong>, <strong>codziennej pracy<\/strong>, <strong>wysi\u0142ku <\/strong>i <strong>zdolno\u015bci<\/strong>. Podkre\u015blili, \u017ce sektor potrzebuje <strong>talentu i pasji<\/strong>, a aktywacja systemu aktywnego s\u0142uchania ma fundamentalne znaczenie dla zrozumienia potrzeb rynku i dostosowania dzia\u0142alno\u015bci.<\/p>\n<p>Jednym z powracaj\u0105cych temat\u00f3w by\u0142o <strong>bezpiecze\u0144stwo<\/strong>, zar\u00f3wno na parkingach, jak i w obszarach us\u0142ugowych, podkre\u015blaj\u0105c problem <strong>niewystarczaj\u0105cej sieci parking\u00f3w strze\u017conych<\/strong>. <strong>R\u00f3wnowaga mi\u0119dzy \u017cyciem zawodowym a prywatnym <\/strong>r\u00f3wnie\u017c stanowi\u0142a du\u017ce wyzwanie, nie tylko dla kobiet, ale dla wszystkich profesjonalist\u00f3w w tym sektorze. Ponadto wskazano na znaczenie <strong>technologii <\/strong>i <strong>sztucznej inteligencji <\/strong>w optymalizacji proces\u00f3w i modernizacji transportu.<\/p>\n<p><strong>Marta Sanchez <\/strong>powiedzia\u0142a: &#8220;<em>Wk\u0142ad technologiczny sektora nie jest wystarczaj\u0105co widoczny<\/em>. <strong>Joanna <\/strong>doda\u0142a: <em>&#8220;W odniesieniu do technologii staramy si\u0119 przewidywa\u0107 i koncentrowa\u0107 na najbli\u017cszej przysz\u0142o\u015bci, aby by\u0107 jak najlepiej przygotowanym&#8221;. <\/em><strong>Mari Luz <\/strong>podkre\u015bli\u0142a, \u017ce <em>&#8220;technologia jest wa\u017cna dla poprawy zr\u00f3wnowa\u017conego rozwoju, a tym samym dla zr\u00f3wnowa\u017conego rozwoju gospodarczego&#8221;<\/em>.<\/p>\n<p><img decoding=\"async\" loading=\"lazy\" src=\"https:\/\/www.andamur.com\/wp-content\/uploads\/2025\/02\/Empresarias.jpg\" alt=\"Empresarias\" width=\"974\" height=\"649\" class=\"aligncenter wp-image-64347 size-full\" srcset=\"https:\/\/www.andamur.com\/wp-content\/uploads\/2025\/02\/Empresarias.jpg 974w, https:\/\/www.andamur.com\/wp-content\/uploads\/2025\/02\/Empresarias-350x233.jpg 350w, https:\/\/www.andamur.com\/wp-content\/uploads\/2025\/02\/Empresarias-768x512.jpg 768w\" sizes=\"auto, (max-width: 974px) 100vw, 974px\" \/><\/p>\n<p>Je\u015bli chodzi o spos\u00f3b radzenia sobie ze stresem, <strong>Marta <\/strong>okre\u015bli\u0142a go jako <em>&#8220;nowoczesny, zabawny, dynamiczny <\/em>sektor, <em>kt\u00f3ry umo\u017cliwia ewolucj\u0119 i bycie cz\u0119\u015bci\u0105 zmian, co jest bardzo motywuj\u0105ce do radzenia sobie ze stresem, kt\u00f3ry generuje&#8221;<\/em>, na co <strong>Joanna <\/strong>doda\u0142a, \u017ce rzeczywi\u015bcie <em>&#8220;stres jest motywuj\u0105cy, musisz podejmowa\u0107 szybkie decyzje, aby mie\u0107 maksymaln\u0105 kontrol\u0119 nad tym, co si\u0119 dzieje<\/em>&#8220;. <strong>Mari Luz <\/strong>doda\u0142a: <em>&#8220;Wa\u017cne jest, aby nie zwleka\u0107 i otoczy\u0107 si\u0119 kompetentnym zespo\u0142em, kt\u00f3remu mo\u017cna delegowa\u0107 zadania i kt\u00f3remu mo\u017cna zaufa\u0107.<\/em><\/p>\n<p>Je\u015bli chodzi o przyw\u00f3dztwo, <strong>Marta <\/strong>podkre\u015bli\u0142a, \u017ce &#8220;<em>najwa\u017cniejsze jest, aby twoje \u015brodowisko si\u0119 rozwija\u0142o, aby twoje do\u015bwiadczenie pomaga\u0142o innym w rozwoju&#8221;<\/em>. <strong>Ema <\/strong>doda\u0142a: <em>&#8220;Bardzo wa\u017cne jest, aby wp\u0142ywa\u0107 na nowe pokolenia, promowa\u0107 i uwidacznia\u0107 sektor&#8221;.<\/em><\/p>\n<p>Po okr\u0105g\u0142ym stole uczestnicy mogli cieszy\u0107 si\u0119 przerw\u0105 kawow\u0105, tworz\u0105c przestrze\u0144 do nawi\u0105zywania kontakt\u00f3w i nawi\u0105zywania kontakt\u00f3w mi\u0119dzy nimi.<\/p>\n<p>Nast\u0119pnie <a href=\"https:\/\/www.linkedin.com\/in\/elisa-capote-puerto-a5a91a119\/\" target=\"_blank\" rel=\"noopener\"><strong>Elisa Capote<\/strong><\/a><strong>, CEO DAC Docencia, <\/strong>wyg\u0142osi\u0142a specjalne przem\u00f3wienie, w kt\u00f3rym stwierdzi\u0142a, \u017ce &#8220;dzi\u0119ki szkoleniom mo\u017cemy otworzy\u0107 nowe \u015bcie\u017cki, w kt\u00f3rych wsp\u00f3\u0142praca administracji jest wa\u017cna dla w\u0142\u0105czenia student\u00f3w w \u015bwiat pracy, zapewniaj\u0105c udogodnienia i eliminuj\u0105c przeszkody, z kt\u00f3rymi obecnie si\u0119 borykaj\u0105. Wa\u017cne jest, aby motywowa\u0107, uwidacznia\u0107, szkoli\u0107 i informowa\u0107&#8221;.<\/p>\n<p><img decoding=\"async\" loading=\"lazy\" src=\"https:\/\/www.andamur.com\/wp-content\/uploads\/2025\/02\/Elisa-Capote.jpg\" alt=\"Elisa capote\" width=\"981\" height=\"654\" class=\"aligncenter wp-image-64352 size-full\" srcset=\"https:\/\/www.andamur.com\/wp-content\/uploads\/2025\/02\/Elisa-Capote.jpg 981w, https:\/\/www.andamur.com\/wp-content\/uploads\/2025\/02\/Elisa-Capote-350x233.jpg 350w, https:\/\/www.andamur.com\/wp-content\/uploads\/2025\/02\/Elisa-Capote-768x512.jpg 768w\" sizes=\"auto, (max-width: 981px) 100vw, 981px\" \/><\/p>\n<p><strong>Truckers: do\u015bwiadczenia z pierwszej osoby<\/strong><\/p>\n<p>Po przerwie kawowej odby\u0142 si\u0119 okr\u0105g\u0142y st\u00f3\u0142 po\u015bwi\u0119cony kobietom-kierowcom ci\u0119\u017car\u00f3wek. Okr\u0105g\u0142y st\u00f3\u0142, moderowany <strong>przez <\/strong><a href=\"https:\/\/www.linkedin.com\/in\/azucenamar%C3%ADn\/\" target=\"_blank\" rel=\"noopener\"><strong>Azucen\u0119 Mar\u00edn<\/strong><\/a>, zawiera\u0142 \u015bwiadectwa <a href=\"https:\/\/www.instagram.com\/oh_nataliii\/\" target=\"_blank\" rel=\"noopener\"><strong>Natalii S\u00f3wki<\/strong><\/a> (Polska), <strong>Amal Rannane <\/strong>(Maroko), <strong>Normanii Pereiry <\/strong>(Portugalia) i <strong>Mar Gonz\u00e1lez <\/strong>(Hiszpania), kt\u00f3re podzieli\u0142y si\u0119 swoimi do\u015bwiadczeniami na drodze, wyzwaniami, przed kt\u00f3rymi stoj\u0105 i rozwi\u0105zaniami maj\u0105cymi na celu popraw\u0119 warunk\u00f3w w sektorze.<\/p>\n<p>Bezpiecze\u0144stwo by\u0142o jedn\u0105 z g\u0142\u00f3wnych kwestii. Prelegenci wskazywali na potrzeb\u0119 dostosowania infrastruktury, wi\u0119kszego bezpiecze\u0144stwa w miejscach odpoczynku i lepszej r\u00f3wnowagi mi\u0119dzy \u017cyciem zawodowym a prywatnym<\/p>\n<p>Uczestnicy podzielili si\u0119 wskaz\u00f3wkami, kt\u00f3rych nauczyli si\u0119 podczas jazdy. <strong>Normania<\/strong> powiedzia\u0142a: <em>&#8220;Istotne jest ustanowienie mechanizm\u00f3w samoobrony&#8221;<\/em>. <strong>Natalia<\/strong> wyja\u015bni\u0142a, \u017ce aby unikn\u0105\u0107 nieprzyjemnych sytuacji, ma w swojej ci\u0119\u017car\u00f3wce generator i prysznic. <strong>Mar<\/strong> podkre\u015bli\u0142, \u017ce:<em> &#8220;Konieczne jest robienie postoj\u00f3w, kt\u00f3re pozwalaj\u0105 poczu\u0107 si\u0119 jak w domu, kt\u00f3re zapewniaj\u0105 us\u0142ugi zapewniaj\u0105ce spok\u00f3j i mo\u017cliwo\u015b\u0107 zadbania o higien\u0119 i odpoczynek w odpowiedni spos\u00f3b&#8221;<\/em>. Wszyscy zgodzili si\u0119, \u017ce uwa\u017caj\u0105 sie\u0107 obszar\u00f3w us\u0142ugowych i parking\u00f3w strze\u017conych Andamur za przyjemn\u0105, bezpieczn\u0105 i niezawodn\u0105 przestrze\u0144 na przerwy.<\/p>\n<p><img decoding=\"async\" loading=\"lazy\" src=\"https:\/\/www.andamur.com\/wp-content\/uploads\/2025\/02\/Camioneras.jpg\" alt=\"Camioneras\" width=\"970\" height=\"647\" class=\"aligncenter wp-image-64357 size-full\" srcset=\"https:\/\/www.andamur.com\/wp-content\/uploads\/2025\/02\/Camioneras.jpg 970w, https:\/\/www.andamur.com\/wp-content\/uploads\/2025\/02\/Camioneras-350x233.jpg 350w, https:\/\/www.andamur.com\/wp-content\/uploads\/2025\/02\/Camioneras-768x512.jpg 768w\" sizes=\"auto, (max-width: 970px) 100vw, 970px\" \/><\/p>\n<p>Dla wielu z nich ci\u0119\u017car\u00f3wka to spos\u00f3b na \u017cycie. &#8220;<em>To spos\u00f3b na \u017cycie, kt\u00f3ry pozwala ci si\u0119 rozwija\u0107 i my\u015ble\u0107 o wielu rzeczach, daje ci mo\u017cliwo\u015b\u0107 zobaczenia horyzontu i decydowania, dok\u0105d chcesz si\u0119 uda\u0107<\/em>&#8220;, skomentowa\u0142a <strong>Normania<\/strong>. <strong>Amal<\/strong> doda\u0142a <em>&#8220;zdolno\u015b\u0107 do bycia niezale\u017cnym, do decydowania&#8221;<\/em>. <strong>Natalia<\/strong> podkre\u015bli\u0142a, \u017ce <em>&#8220;ci\u0119\u017car\u00f3wka oferuje mi\u0142e chwile, po pracy mo\u017cna zatrzyma\u0107 si\u0119 w r\u00f3\u017cnych punktach na mapie, podziwia\u0107 krajobrazy i poznawa\u0107 r\u00f3\u017cne miejsca&#8221;<\/em>. Wsp\u00f3lnym punktem dla wszystkich by\u0142o to, \u017ce pomimo trudno\u015bci, ich pasja do zawodu jest si\u0142\u0105 nap\u0119dow\u0105, kt\u00f3ra ich utrzymuje.<\/p>\n<p><strong>Nagrody WOW: uznanie dla talentu i zaanga\u017cowania<\/strong><\/p>\n<p>Jednym z najbardziej oczekiwanych moment\u00f3w tego dnia by\u0142o wr\u0119czenie nagr\u00f3d <strong>WOW Awards<\/strong>, stworzonych przez Andamur w celu docenienia wysi\u0142ku, po\u015bwi\u0119cenia i trajektorii kobiet i podmiot\u00f3w, kt\u00f3re przyczyniaj\u0105 si\u0119 do zmian w sektorze transportu. Prezentacj\u0119 poprowadzi\u0142a <strong>\u00c1ngeles Ruiz<\/strong>, dyrektor ds. marketingu i obs\u0142ugi klienta, kt\u00f3ra podkre\u015bli\u0142a znaczenie tych nagr\u00f3d dla uwidocznienia kobiecych talent\u00f3w w sektorze i nagrodzenia wysi\u0142k\u00f3w na rzecz bycia si\u0142\u0105 nap\u0119dow\u0105 zmian.<\/p>\n<p>W tej edycji jury z\u0142o\u017cone z ekspert\u00f3w bran\u017cowych, zar\u00f3wno wewn\u0119trznych pracownik\u00f3w Andamur, jak i zewn\u0119trznych, oceni\u0142o rygorystycznie i obiektywnie wiele zg\u0142oszonych nominacji. Ostatecznie wybrano trzech profesjonalist\u00f3w, kt\u00f3rzy otrzymali to wyr\u00f3\u017cnienie, maj\u0105ce na celu podkre\u015blenie ich talentu i wk\u0142adu w bran\u017c\u0119.<\/p>\n<p><img decoding=\"async\" loading=\"lazy\" src=\"https:\/\/www.andamur.com\/wp-content\/uploads\/2025\/02\/Premios-WOW-Andamur-108.jpg\" alt=\"Premios wow andamur 108\" width=\"925\" height=\"616\" class=\"aligncenter wp-image-64362 size-full\" srcset=\"https:\/\/www.andamur.com\/wp-content\/uploads\/2025\/02\/Premios-WOW-Andamur-108.jpg 925w, https:\/\/www.andamur.com\/wp-content\/uploads\/2025\/02\/Premios-WOW-Andamur-108-350x233.jpg 350w, https:\/\/www.andamur.com\/wp-content\/uploads\/2025\/02\/Premios-WOW-Andamur-108-768x511.jpg 768w\" sizes=\"auto, (max-width: 925px) 100vw, 925px\" \/><\/p>\n<p>Nagrody te s\u0105 podzielone na kilka kategorii:<\/p>\n<ul>\n<li><strong>Nagroda Life on Wheels<\/strong>, przyznana <strong>Mar\u00edi Dolores Rodr\u00edguez<\/strong>, w uznaniu jej odwagi i determinacji, by po latach wysi\u0142ku i po\u015bwi\u0119cenia zosta\u0107 niezale\u017cnym kierowc\u0105 ci\u0119\u017car\u00f3wki. Nagrod\u0119 wr\u0119czy\u0142y <a href=\"https:\/\/www.linkedin.com\/in\/michela-avataneo-5b441a32\/\" target=\"_blank\" rel=\"noopener\"><strong>Michela Avataneo<\/strong><\/a>, dyrektor ds. rozwoju biznesu w Andamur, oraz <a href=\"https:\/\/www.linkedin.com\/in\/natalia-blanco-diaz-b93681138\/\" target=\"_blank\" rel=\"noopener\"><strong>Natalia Blanco<\/strong><\/a>, kierownik Apetamcor.<\/li>\n<li><strong>Nagroda za Innowacyjne Zarz\u0105dzanie<\/strong>, przyznana <strong>Yolandzie \u00c1guila<\/strong>, za jej wk\u0142ad w cyfryzacj\u0119, szkolenia i modernizacj\u0119 sektora, a tak\u017ce jej rol\u0119 w tworzeniu pierwszego <strong>Stowarzyszenia Transportu Drogowego w Almerii<\/strong>. Nagrod\u0119 wr\u0119czy\u0142y <a href=\"https:\/\/www.linkedin.com\/in\/almudenagarciaescudero\/\" target=\"_blank\" rel=\"noopener\"><strong>Almudena Garc\u00eda Escudero<\/strong><\/a>, kierownik ds. innowacji w Andamur, oraz <a href=\"https:\/\/www.linkedin.com\/in\/mercedescliment\/\" target=\"_blank\" rel=\"noopener\"><strong>Mercedes Climent<\/strong><\/a>, kierownik ds. zakup\u00f3w w CCT Safor.<\/li>\n<li><strong>Nagroda Business Career Award<\/strong>, przyznana <strong>Marcie S\u00e1nchez<\/strong>, za jej przyw\u00f3dztwo w zarz\u0105dzaniu i rozwoju jej rodzinnej firmy, konsoliduj\u0105c j\u0105 jako punkt odniesienia w sektorze z rozleg\u0142\u0105 sieci\u0105 dystrybucji w Hiszpanii i Portugalii. Nagrod\u0119 wr\u0119czy\u0142y <a href=\"https:\/\/www.linkedin.com\/in\/adela-romera-69275a150\/\" target=\"_blank\" rel=\"noopener\"><strong>Adela Romera<\/strong><\/a>, koordynator sprzeda\u017cy w Andamur, oraz <a href=\"https:\/\/www.linkedin.com\/in\/lorenaballester\/\" target=\"_blank\" rel=\"noopener\"><strong>Lorena Ballester<\/strong><\/a>, dyrektor generalny Grupo Chema Ballester.<\/li>\n<li><strong>Nagroda honorowa<\/strong>, wr\u0119czona przez Miguela \u00c1ngela L\u00f3peza, dyrektora generalnego Andamur, w uznaniu wyj\u0105tkowego wk\u0142adu w sektor. Nagrod\u0119 odebra\u0142a <strong>Mar\u00eda Dolores S\u00e1nchez<\/strong>, za\u0142o\u017cycielka Andamur, podczas emocjonalnej ceremonii zamkni\u0119cia.<\/li>\n<\/ul>\n<p>Dzi\u0119ki tej inicjatywie Andamur potwierdza swoje zaanga\u017cowanie na rzecz r\u00f3wnych szans i nadal promuje uznanie kobiet w transporcie, uwidaczniaj\u0105c ich istotny wk\u0142ad i promuj\u0105c bardziej sprawiedliw\u0105 przysz\u0142o\u015b\u0107 dla wszystkich.<\/p>\n<p><img decoding=\"async\" loading=\"lazy\" src=\"https:\/\/www.andamur.com\/wp-content\/uploads\/2025\/02\/Publico.jpg\" alt=\"Publico\" width=\"873\" height=\"582\" class=\"aligncenter wp-image-64367 size-full\" srcset=\"https:\/\/www.andamur.com\/wp-content\/uploads\/2025\/02\/Publico.jpg 873w, https:\/\/www.andamur.com\/wp-content\/uploads\/2025\/02\/Publico-350x233.jpg 350w, https:\/\/www.andamur.com\/wp-content\/uploads\/2025\/02\/Publico-768x512.jpg 768w\" sizes=\"auto, (max-width: 873px) 100vw, 873px\" \/><\/p>\n<p><strong>Krok w kierunku bardziej inkluzywnej przysz\u0142o\u015bci<\/strong><\/p>\n<p>III Mi\u0119dzynarodowe Forum Kobiet i Sektora Transportowego by\u0142o <strong>inspiruj\u0105cym spotkaniem<\/strong>, kt\u00f3re zach\u0119ci\u0142o nas do dalszej pracy na rzecz bardziej egalitarnego i zr\u00f3\u017cnicowanego sektora. Z Andamury <strong>potwierdzamy nasze zaanga\u017cowanie na rzecz r\u00f3wno\u015bci p\u0142ci<\/strong>, przekonani, \u017ce wsp\u00f3\u0142praca i r\u00f3\u017cnorodno\u015b\u0107 s\u0105 kluczem do rozwoju sektora transportu.<\/p>\n<p>Je\u015bli chcesz zobaczy\u0107 ca\u0142e wydarzenie, mo\u017cesz obejrze\u0107 wideo<a href=\"https:\/\/www.youtube.com\/live\/xWHnJXYmrCk\" target=\"_blank\" rel=\"noopener\"> tutaj.<\/a><\/p>\n","protected":false},"excerpt":{"rendered":"<p>Trzecie Mi\u0119dzynarodowe Forum Kobiet i Sektora Transportowego po raz kolejny przekroczy\u0142o wszelkie oczekiwania, umacniaj\u0105c swoj\u0105 pozycj\u0119 wydarzenia wzorcowego w tym sektorze. Wydarzenie, kt\u00f3re odby\u0142o si\u0119 wczoraj 20 lutego w Muzeum Motoryzacji w Maladze, zgromadzi\u0142o czo\u0142owe osobisto\u015bci z sektora transportu drogowego, podnosz\u0105c rang\u0119 roli kobiet w tej bran\u017cy i generuj\u0105c przestrze\u0144 do wzbogacaj\u0105cej debaty na temat [&hellip;]<\/p>\n","protected":false},"author":1,"featured_media":64375,"comment_status":"closed","ping_status":"open","sticky":false,"template":"","format":"standard","meta":{"_acf_changed":false,"footnotes":""},"categories":[80],"tags":[],"class_list":["post-64380","post","type-post","status-publish","format-standard","has-post-thumbnail","hentry","category-aktualnosci"],"acf":[],"yoast_head":"<!-- This site is optimized with the Yoast SEO plugin v25.4 - https:\/\/yoast.com\/wordpress\/plugins\/seo\/ -->\n<title>Wspania\u0142e przyj\u0119cie III Mi\u0119dzynarodowego Forum Kobiet i Sektora Transportowego w Maladze - Andamur<\/title>\n<meta name=\"robots\" content=\"index, follow, max-snippet:-1, max-image-preview:large, max-video-preview:-1\" \/>\n<link rel=\"canonical\" href=\"https:\/\/www.andamur.com\/pl\/andamur-pl\/wspaniale-przyjecie-iii-miedzynarodowego-forum-kobiet-i-sektora-transportowego-w-maladze\/\" \/>\n<meta property=\"og:locale\" content=\"pl_PL\" \/>\n<meta property=\"og:type\" content=\"article\" \/>\n<meta property=\"og:title\" content=\"Wspania\u0142e przyj\u0119cie III Mi\u0119dzynarodowego Forum Kobiet i Sektora Transportowego w Maladze - Andamur\" \/>\n<meta property=\"og:description\" content=\"Trzecie Mi\u0119dzynarodowe Forum Kobiet i Sektora Transportowego po raz kolejny przekroczy\u0142o wszelkie oczekiwania, umacniaj\u0105c swoj\u0105 pozycj\u0119 wydarzenia wzorcowego w tym sektorze. Wydarzenie, kt\u00f3re odby\u0142o si\u0119 wczoraj 20 lutego w Muzeum Motoryzacji w Maladze, zgromadzi\u0142o czo\u0142owe osobisto\u015bci z sektora transportu drogowego, podnosz\u0105c rang\u0119 roli kobiet w tej bran\u017cy i generuj\u0105c przestrze\u0144 do wzbogacaj\u0105cej debaty na temat [&hellip;]\" \/>\n<meta property=\"og:url\" content=\"https:\/\/www.andamur.com\/pl\/andamur-pl\/wspaniale-przyjecie-iii-miedzynarodowego-forum-kobiet-i-sektora-transportowego-w-maladze\/\" \/>\n<meta property=\"og:site_name\" content=\"Andamur\" \/>\n<meta property=\"article:publisher\" content=\"https:\/\/www.facebook.com\/AndamurEurope\/\" \/>\n<meta property=\"article:published_time\" content=\"2025-02-25T09:46:20+00:00\" \/>\n<meta property=\"article:modified_time\" content=\"2025-02-25T09:55:05+00:00\" \/>\n<meta property=\"og:image\" content=\"https:\/\/www.andamur.com\/wp-content\/uploads\/2025\/02\/Principal-Portada.jpg\" \/>\n\t<meta property=\"og:image:width\" content=\"981\" \/>\n\t<meta property=\"og:image:height\" content=\"654\" \/>\n\t<meta property=\"og:image:type\" content=\"image\/jpeg\" \/>\n<meta name=\"author\" content=\"andamur\" \/>\n<meta name=\"twitter:card\" content=\"summary_large_image\" \/>\n<meta name=\"twitter:creator\" content=\"@andamur_es\" \/>\n<meta name=\"twitter:site\" content=\"@andamur_es\" \/>\n<meta name=\"twitter:label1\" content=\"Written by\" \/>\n\t<meta name=\"twitter:data1\" content=\"andamur\" \/>\n\t<meta name=\"twitter:label2\" content=\"Est. reading time\" \/>\n\t<meta name=\"twitter:data2\" content=\"8 minutes\" \/>\n<script type=\"application\/ld+json\" class=\"yoast-schema-graph\">{\"@context\":\"https:\/\/schema.org\",\"@graph\":[{\"@type\":\"Article\",\"@id\":\"https:\/\/www.andamur.com\/pl\/andamur-pl\/wspaniale-przyjecie-iii-miedzynarodowego-forum-kobiet-i-sektora-transportowego-w-maladze\/#article\",\"isPartOf\":{\"@id\":\"https:\/\/www.andamur.com\/pl\/andamur-pl\/wspaniale-przyjecie-iii-miedzynarodowego-forum-kobiet-i-sektora-transportowego-w-maladze\/\"},\"author\":{\"name\":\"andamur\",\"@id\":\"https:\/\/www.andamur.com\/#\/schema\/person\/131577731140377fe26cac4f07cccb72\"},\"headline\":\"Wspania\u0142e przyj\u0119cie III Mi\u0119dzynarodowego Forum Kobiet i Sektora Transportowego w Maladze\",\"datePublished\":\"2025-02-25T09:46:20+00:00\",\"dateModified\":\"2025-02-25T09:55:05+00:00\",\"mainEntityOfPage\":{\"@id\":\"https:\/\/www.andamur.com\/pl\/andamur-pl\/wspaniale-przyjecie-iii-miedzynarodowego-forum-kobiet-i-sektora-transportowego-w-maladze\/\"},\"wordCount\":1636,\"publisher\":{\"@id\":\"https:\/\/www.andamur.com\/#organization\"},\"image\":{\"@id\":\"https:\/\/www.andamur.com\/pl\/andamur-pl\/wspaniale-przyjecie-iii-miedzynarodowego-forum-kobiet-i-sektora-transportowego-w-maladze\/#primaryimage\"},\"thumbnailUrl\":\"https:\/\/www.andamur.com\/wp-content\/uploads\/2025\/02\/Principal-Portada.jpg\",\"articleSection\":[\"Aktualno\u015bci\"],\"inLanguage\":\"pl-PL\"},{\"@type\":\"WebPage\",\"@id\":\"https:\/\/www.andamur.com\/pl\/andamur-pl\/wspaniale-przyjecie-iii-miedzynarodowego-forum-kobiet-i-sektora-transportowego-w-maladze\/\",\"url\":\"https:\/\/www.andamur.com\/pl\/andamur-pl\/wspaniale-przyjecie-iii-miedzynarodowego-forum-kobiet-i-sektora-transportowego-w-maladze\/\",\"name\":\"Wspania\u0142e przyj\u0119cie III Mi\u0119dzynarodowego Forum Kobiet i Sektora Transportowego w Maladze - Andamur\",\"isPartOf\":{\"@id\":\"https:\/\/www.andamur.com\/#website\"},\"primaryImageOfPage\":{\"@id\":\"https:\/\/www.andamur.com\/pl\/andamur-pl\/wspaniale-przyjecie-iii-miedzynarodowego-forum-kobiet-i-sektora-transportowego-w-maladze\/#primaryimage\"},\"image\":{\"@id\":\"https:\/\/www.andamur.com\/pl\/andamur-pl\/wspaniale-przyjecie-iii-miedzynarodowego-forum-kobiet-i-sektora-transportowego-w-maladze\/#primaryimage\"},\"thumbnailUrl\":\"https:\/\/www.andamur.com\/wp-content\/uploads\/2025\/02\/Principal-Portada.jpg\",\"datePublished\":\"2025-02-25T09:46:20+00:00\",\"dateModified\":\"2025-02-25T09:55:05+00:00\",\"breadcrumb\":{\"@id\":\"https:\/\/www.andamur.com\/pl\/andamur-pl\/wspaniale-przyjecie-iii-miedzynarodowego-forum-kobiet-i-sektora-transportowego-w-maladze\/#breadcrumb\"},\"inLanguage\":\"pl-PL\",\"potentialAction\":[{\"@type\":\"ReadAction\",\"target\":[\"https:\/\/www.andamur.com\/pl\/andamur-pl\/wspaniale-przyjecie-iii-miedzynarodowego-forum-kobiet-i-sektora-transportowego-w-maladze\/\"]}]},{\"@type\":\"ImageObject\",\"inLanguage\":\"pl-PL\",\"@id\":\"https:\/\/www.andamur.com\/pl\/andamur-pl\/wspaniale-przyjecie-iii-miedzynarodowego-forum-kobiet-i-sektora-transportowego-w-maladze\/#primaryimage\",\"url\":\"https:\/\/www.andamur.com\/wp-content\/uploads\/2025\/02\/Principal-Portada.jpg\",\"contentUrl\":\"https:\/\/www.andamur.com\/wp-content\/uploads\/2025\/02\/Principal-Portada.jpg\",\"width\":981,\"height\":654},{\"@type\":\"BreadcrumbList\",\"@id\":\"https:\/\/www.andamur.com\/pl\/andamur-pl\/wspaniale-przyjecie-iii-miedzynarodowego-forum-kobiet-i-sektora-transportowego-w-maladze\/#breadcrumb\",\"itemListElement\":[{\"@type\":\"ListItem\",\"position\":1,\"name\":\"Portada\",\"item\":\"https:\/\/www.andamur.com\/pl\/\"},{\"@type\":\"ListItem\",\"position\":2,\"name\":\"Noticias\",\"item\":\"https:\/\/www.andamur.com\/noticias\/\"},{\"@type\":\"ListItem\",\"position\":3,\"name\":\"Wspania\u0142e przyj\u0119cie III Mi\u0119dzynarodowego Forum Kobiet i Sektora Transportowego w Maladze\"}]},{\"@type\":\"WebSite\",\"@id\":\"https:\/\/www.andamur.com\/#website\",\"url\":\"https:\/\/www.andamur.com\/\",\"name\":\"Andamur\",\"description\":\"Cada viaje importa\",\"publisher\":{\"@id\":\"https:\/\/www.andamur.com\/#organization\"},\"inLanguage\":\"pl-PL\"},{\"@type\":\"Organization\",\"@id\":\"https:\/\/www.andamur.com\/#organization\",\"name\":\"Andamur\",\"url\":\"https:\/\/www.andamur.com\/\",\"logo\":{\"@type\":\"ImageObject\",\"inLanguage\":\"pl-PL\",\"@id\":\"https:\/\/www.andamur.com\/#\/schema\/logo\/image\/\",\"url\":\"https:\/\/www.andamur.com\/wp-content\/uploads\/2024\/02\/andamurogpic.jpg\",\"contentUrl\":\"https:\/\/www.andamur.com\/wp-content\/uploads\/2024\/02\/andamurogpic.jpg\",\"width\":1200,\"height\":630,\"caption\":\"Andamur\"},\"image\":{\"@id\":\"https:\/\/www.andamur.com\/#\/schema\/logo\/image\/\"},\"sameAs\":[\"https:\/\/www.facebook.com\/AndamurEurope\/\",\"https:\/\/x.com\/andamur_es\",\"https:\/\/www.instagram.com\/andamureurope\/\",\"https:\/\/www.youtube.com\/channel\/UCWP1SBl8J8SjUCcWBo_Uu1w\"]},{\"@type\":\"Person\",\"@id\":\"https:\/\/www.andamur.com\/#\/schema\/person\/131577731140377fe26cac4f07cccb72\",\"name\":\"andamur\",\"image\":{\"@type\":\"ImageObject\",\"inLanguage\":\"pl-PL\",\"@id\":\"https:\/\/www.andamur.com\/#\/schema\/person\/image\/\",\"url\":\"https:\/\/secure.gravatar.com\/avatar\/133ec8c8c0f653b06a023777fdc35962d922f161df68890737f028e35189a08f?s=96&d=mm&r=g\",\"contentUrl\":\"https:\/\/secure.gravatar.com\/avatar\/133ec8c8c0f653b06a023777fdc35962d922f161df68890737f028e35189a08f?s=96&d=mm&r=g\",\"caption\":\"andamur\"}}]}<\/script>\n<!-- \/ Yoast SEO plugin. -->","yoast_head_json":{"title":"Wspania\u0142e przyj\u0119cie III Mi\u0119dzynarodowego Forum Kobiet i Sektora Transportowego w Maladze - Andamur","robots":{"index":"index","follow":"follow","max-snippet":"max-snippet:-1","max-image-preview":"max-image-preview:large","max-video-preview":"max-video-preview:-1"},"canonical":"https:\/\/www.andamur.com\/pl\/andamur-pl\/wspaniale-przyjecie-iii-miedzynarodowego-forum-kobiet-i-sektora-transportowego-w-maladze\/","og_locale":"pl_PL","og_type":"article","og_title":"Wspania\u0142e przyj\u0119cie III Mi\u0119dzynarodowego Forum Kobiet i Sektora Transportowego w Maladze - Andamur","og_description":"Trzecie Mi\u0119dzynarodowe Forum Kobiet i Sektora Transportowego po raz kolejny przekroczy\u0142o wszelkie oczekiwania, umacniaj\u0105c swoj\u0105 pozycj\u0119 wydarzenia wzorcowego w tym sektorze. Wydarzenie, kt\u00f3re odby\u0142o si\u0119 wczoraj 20 lutego w Muzeum Motoryzacji w Maladze, zgromadzi\u0142o czo\u0142owe osobisto\u015bci z sektora transportu drogowego, podnosz\u0105c rang\u0119 roli kobiet w tej bran\u017cy i generuj\u0105c przestrze\u0144 do wzbogacaj\u0105cej debaty na temat [&hellip;]","og_url":"https:\/\/www.andamur.com\/pl\/andamur-pl\/wspaniale-przyjecie-iii-miedzynarodowego-forum-kobiet-i-sektora-transportowego-w-maladze\/","og_site_name":"Andamur","article_publisher":"https:\/\/www.facebook.com\/AndamurEurope\/","article_published_time":"2025-02-25T09:46:20+00:00","article_modified_time":"2025-02-25T09:55:05+00:00","og_image":[{"width":981,"height":654,"url":"https:\/\/www.andamur.com\/wp-content\/uploads\/2025\/02\/Principal-Portada.jpg","type":"image\/jpeg"}],"author":"andamur","twitter_card":"summary_large_image","twitter_creator":"@andamur_es","twitter_site":"@andamur_es","twitter_misc":{"Written by":"andamur","Est. reading time":"8 minutes"},"schema":{"@context":"https:\/\/schema.org","@graph":[{"@type":"Article","@id":"https:\/\/www.andamur.com\/pl\/andamur-pl\/wspaniale-przyjecie-iii-miedzynarodowego-forum-kobiet-i-sektora-transportowego-w-maladze\/#article","isPartOf":{"@id":"https:\/\/www.andamur.com\/pl\/andamur-pl\/wspaniale-przyjecie-iii-miedzynarodowego-forum-kobiet-i-sektora-transportowego-w-maladze\/"},"author":{"name":"andamur","@id":"https:\/\/www.andamur.com\/#\/schema\/person\/131577731140377fe26cac4f07cccb72"},"headline":"Wspania\u0142e przyj\u0119cie III Mi\u0119dzynarodowego Forum Kobiet i Sektora Transportowego w Maladze","datePublished":"2025-02-25T09:46:20+00:00","dateModified":"2025-02-25T09:55:05+00:00","mainEntityOfPage":{"@id":"https:\/\/www.andamur.com\/pl\/andamur-pl\/wspaniale-przyjecie-iii-miedzynarodowego-forum-kobiet-i-sektora-transportowego-w-maladze\/"},"wordCount":1636,"publisher":{"@id":"https:\/\/www.andamur.com\/#organization"},"image":{"@id":"https:\/\/www.andamur.com\/pl\/andamur-pl\/wspaniale-przyjecie-iii-miedzynarodowego-forum-kobiet-i-sektora-transportowego-w-maladze\/#primaryimage"},"thumbnailUrl":"https:\/\/www.andamur.com\/wp-content\/uploads\/2025\/02\/Principal-Portada.jpg","articleSection":["Aktualno\u015bci"],"inLanguage":"pl-PL"},{"@type":"WebPage","@id":"https:\/\/www.andamur.com\/pl\/andamur-pl\/wspaniale-przyjecie-iii-miedzynarodowego-forum-kobiet-i-sektora-transportowego-w-maladze\/","url":"https:\/\/www.andamur.com\/pl\/andamur-pl\/wspaniale-przyjecie-iii-miedzynarodowego-forum-kobiet-i-sektora-transportowego-w-maladze\/","name":"Wspania\u0142e przyj\u0119cie III Mi\u0119dzynarodowego Forum Kobiet i Sektora Transportowego w Maladze - Andamur","isPartOf":{"@id":"https:\/\/www.andamur.com\/#website"},"primaryImageOfPage":{"@id":"https:\/\/www.andamur.com\/pl\/andamur-pl\/wspaniale-przyjecie-iii-miedzynarodowego-forum-kobiet-i-sektora-transportowego-w-maladze\/#primaryimage"},"image":{"@id":"https:\/\/www.andamur.com\/pl\/andamur-pl\/wspaniale-przyjecie-iii-miedzynarodowego-forum-kobiet-i-sektora-transportowego-w-maladze\/#primaryimage"},"thumbnailUrl":"https:\/\/www.andamur.com\/wp-content\/uploads\/2025\/02\/Principal-Portada.jpg","datePublished":"2025-02-25T09:46:20+00:00","dateModified":"2025-02-25T09:55:05+00:00","breadcrumb":{"@id":"https:\/\/www.andamur.com\/pl\/andamur-pl\/wspaniale-przyjecie-iii-miedzynarodowego-forum-kobiet-i-sektora-transportowego-w-maladze\/#breadcrumb"},"inLanguage":"pl-PL","potentialAction":[{"@type":"ReadAction","target":["https:\/\/www.andamur.com\/pl\/andamur-pl\/wspaniale-przyjecie-iii-miedzynarodowego-forum-kobiet-i-sektora-transportowego-w-maladze\/"]}]},{"@type":"ImageObject","inLanguage":"pl-PL","@id":"https:\/\/www.andamur.com\/pl\/andamur-pl\/wspaniale-przyjecie-iii-miedzynarodowego-forum-kobiet-i-sektora-transportowego-w-maladze\/#primaryimage","url":"https:\/\/www.andamur.com\/wp-content\/uploads\/2025\/02\/Principal-Portada.jpg","contentUrl":"https:\/\/www.andamur.com\/wp-content\/uploads\/2025\/02\/Principal-Portada.jpg","width":981,"height":654},{"@type":"BreadcrumbList","@id":"https:\/\/www.andamur.com\/pl\/andamur-pl\/wspaniale-przyjecie-iii-miedzynarodowego-forum-kobiet-i-sektora-transportowego-w-maladze\/#breadcrumb","itemListElement":[{"@type":"ListItem","position":1,"name":"Portada","item":"https:\/\/www.andamur.com\/pl\/"},{"@type":"ListItem","position":2,"name":"Noticias","item":"https:\/\/www.andamur.com\/noticias\/"},{"@type":"ListItem","position":3,"name":"Wspania\u0142e przyj\u0119cie III Mi\u0119dzynarodowego Forum Kobiet i Sektora Transportowego w Maladze"}]},{"@type":"WebSite","@id":"https:\/\/www.andamur.com\/#website","url":"https:\/\/www.andamur.com\/","name":"Andamur","description":"Cada viaje importa","publisher":{"@id":"https:\/\/www.andamur.com\/#organization"},"inLanguage":"pl-PL"},{"@type":"Organization","@id":"https:\/\/www.andamur.com\/#organization","name":"Andamur","url":"https:\/\/www.andamur.com\/","logo":{"@type":"ImageObject","inLanguage":"pl-PL","@id":"https:\/\/www.andamur.com\/#\/schema\/logo\/image\/","url":"https:\/\/www.andamur.com\/wp-content\/uploads\/2024\/02\/andamurogpic.jpg","contentUrl":"https:\/\/www.andamur.com\/wp-content\/uploads\/2024\/02\/andamurogpic.jpg","width":1200,"height":630,"caption":"Andamur"},"image":{"@id":"https:\/\/www.andamur.com\/#\/schema\/logo\/image\/"},"sameAs":["https:\/\/www.facebook.com\/AndamurEurope\/","https:\/\/x.com\/andamur_es","https:\/\/www.instagram.com\/andamureurope\/","https:\/\/www.youtube.com\/channel\/UCWP1SBl8J8SjUCcWBo_Uu1w"]},{"@type":"Person","@id":"https:\/\/www.andamur.com\/#\/schema\/person\/131577731140377fe26cac4f07cccb72","name":"andamur","image":{"@type":"ImageObject","inLanguage":"pl-PL","@id":"https:\/\/www.andamur.com\/#\/schema\/person\/image\/","url":"https:\/\/secure.gravatar.com\/avatar\/133ec8c8c0f653b06a023777fdc35962d922f161df68890737f028e35189a08f?s=96&d=mm&r=g","contentUrl":"https:\/\/secure.gravatar.com\/avatar\/133ec8c8c0f653b06a023777fdc35962d922f161df68890737f028e35189a08f?s=96&d=mm&r=g","caption":"andamur"}}]}},"_links":{"self":[{"href":"https:\/\/www.andamur.com\/pl\/wp-json\/wp\/v2\/posts\/64380","targetHints":{"allow":["GET"]}}],"collection":[{"href":"https:\/\/www.andamur.com\/pl\/wp-json\/wp\/v2\/posts"}],"about":[{"href":"https:\/\/www.andamur.com\/pl\/wp-json\/wp\/v2\/types\/post"}],"author":[{"embeddable":true,"href":"https:\/\/www.andamur.com\/pl\/wp-json\/wp\/v2\/users\/1"}],"replies":[{"embeddable":true,"href":"https:\/\/www.andamur.com\/pl\/wp-json\/wp\/v2\/comments?post=64380"}],"version-history":[{"count":0,"href":"https:\/\/www.andamur.com\/pl\/wp-json\/wp\/v2\/posts\/64380\/revisions"}],"wp:featuredmedia":[{"embeddable":true,"href":"https:\/\/www.andamur.com\/pl\/wp-json\/wp\/v2\/media\/64375"}],"wp:attachment":[{"href":"https:\/\/www.andamur.com\/pl\/wp-json\/wp\/v2\/media?parent=64380"}],"wp:term":[{"taxonomy":"category","embeddable":true,"href":"https:\/\/www.andamur.com\/pl\/wp-json\/wp\/v2\/categories?post=64380"},{"taxonomy":"post_tag","embeddable":true,"href":"https:\/\/www.andamur.com\/pl\/wp-json\/wp\/v2\/tags?post=64380"}],"curies":[{"name":"wp","href":"https:\/\/api.w.org\/{rel}","templated":true}]}}