{"id":67068,"date":"2025-04-07T10:06:18","date_gmt":"2025-04-07T09:06:18","guid":{"rendered":"https:\/\/www.andamur.com\/?p=67068"},"modified":"2025-08-12T12:41:39","modified_gmt":"2025-08-12T11:41:39","slug":"andamur-rejoint-laventure-du-vw-golf-challenge","status":"publish","type":"post","link":"https:\/\/www.andamur.com\/fr\/nouvelles\/andamur-rejoint-laventure-du-vw-golf-challenge\/","title":{"rendered":"Andamur rejoint l&#8217;aventure du VW Golf Challenge"},"content":{"rendered":"<p><b>&lt;&lt;Plusieurs membres de l&#8217;\u00e9quipe d&#8217;Andamur participeront \u00e0 la dixi\u00e8me \u00e9dition de cette aventure solidaire unique au Maroc&gt;&gt; <\/b><\/p>\n<p>Le VW Golf Challenge est une exp\u00e9rience unique qui emprunte certains des paysages les plus spectaculaires du Maroc. Cet \u00e9v\u00e9nement, qui rassemble des Volkswagen Golfs des cinq premi\u00e8res g\u00e9n\u00e9rations, permet non seulement de tester les comp\u00e9tences des participants sur un terrain exigeant, mais aussi de favoriser la camaraderie et la solidarit\u00e9 tout au long du parcours.<\/p>\n<p>Cette ann\u00e9e, Andamur participe activement \u00e0 la comp\u00e9tition avec sa propre \u00e9quipe, qui disposera de deux v\u00e9hicules pour cet \u00e9v\u00e9nement populaire, pr\u00e9vu du 5 au 12 avril. L&#8217;itin\u00e9raire conduira les participants \u00e0 travers de hautes montagnes, des routes de terre et de sable, ainsi qu&#8217;\u00e0 travers les impressionnantes dunes du d\u00e9sert du Sahara, offrant un d\u00e9fi \u00e0 la fois technique et physique pour les conducteurs.<\/p>\n<p>Les repr\u00e9sentants d&#8217;Andamur dans cette aventure seront Miguel \u00c1ngel L\u00f3pez, directeur g\u00e9n\u00e9ral et PDG, Miguel \u00c1ngel Qui\u00f1onero, directeur des op\u00e9rations et de la vente au d\u00e9tail, Mario C\u00e1rceles, technicien des syst\u00e8mes informatiques, et Jos\u00e9 Javier Fern\u00e1ndez, ami d&#8217;Andamur, qui rel\u00e8veront ce d\u00e9fi avec enthousiasme et esprit de comp\u00e9tition.<\/p>\n<p>Au-del\u00e0 de l&#8217;aspect sportif et de l&#8217;aventure, le VW Golf Challenge comporte \u00e9galement un important volet caritatif. Pendant le parcours, les participants remettront des fournitures scolaires, des v\u00eatements, des chaussures et des jouets aux enfants des communaut\u00e9s locales, contribuant ainsi \u00e0 am\u00e9liorer leur qualit\u00e9 de vie et \u00e0 laisser une empreinte positive dans la r\u00e9gion.<\/p>\n<p>Avec cette initiative, Andamur r\u00e9affirme son engagement en faveur du sport, de l&#8217;aventure et de la responsabilit\u00e9 sociale, d\u00e9montrant que la comp\u00e9tition et la solidarit\u00e9 peuvent aller de pair dans une exp\u00e9rience inoubliable.<\/p>\n<p><img decoding=\"async\" loading=\"lazy\" src=\"https:\/\/www.andamur.com\/wp-content\/uploads\/2025\/04\/golf-challenge-andamur-2-824x1030.jpg\" alt=\"\" width=\"824\" height=\"1030\" class=\"aligncenter size-large wp-image-67059\" srcset=\"https:\/\/www.andamur.com\/wp-content\/uploads\/2025\/04\/golf-challenge-andamur-2-824x1030.jpg 824w, https:\/\/www.andamur.com\/wp-content\/uploads\/2025\/04\/golf-challenge-andamur-2-280x350.jpg 280w, https:\/\/www.andamur.com\/wp-content\/uploads\/2025\/04\/golf-challenge-andamur-2-768x960.jpg 768w, https:\/\/www.andamur.com\/wp-content\/uploads\/2025\/04\/golf-challenge-andamur-2.jpg 960w\" sizes=\"auto, (max-width: 824px) 100vw, 824px\" \/><\/p>\n","protected":false},"excerpt":{"rendered":"<p>&lt;&lt;Plusieurs membres de l&#8217;\u00e9quipe d&#8217;Andamur participeront \u00e0 la dixi\u00e8me \u00e9dition de cette aventure solidaire unique au Maroc&gt;&gt; Le VW Golf Challenge est une exp\u00e9rience unique qui emprunte certains des paysages les plus spectaculaires du Maroc. Cet \u00e9v\u00e9nement, qui rassemble des Volkswagen Golfs des cinq premi\u00e8res g\u00e9n\u00e9rations, permet non seulement de tester les comp\u00e9tences des participants [&hellip;]<\/p>\n","protected":false},"author":1,"featured_media":67052,"comment_status":"closed","ping_status":"open","sticky":false,"template":"","format":"standard","meta":{"_acf_changed":false,"footnotes":""},"categories":[276],"tags":[],"class_list":["post-67068","post","type-post","status-publish","format-standard","has-post-thumbnail","hentry","category-nouvelles"],"acf":[],"yoast_head":"<!-- This site is optimized with the Yoast SEO plugin v25.4 - https:\/\/yoast.com\/wordpress\/plugins\/seo\/ -->\n<title>Andamur rejoint l&#039;aventure du VW Golf Challenge - Andamur<\/title>\n<meta name=\"robots\" content=\"index, follow, max-snippet:-1, max-image-preview:large, max-video-preview:-1\" \/>\n<link rel=\"canonical\" href=\"https:\/\/www.andamur.com\/fr\/nouvelles\/andamur-rejoint-laventure-du-vw-golf-challenge\/\" \/>\n<meta property=\"og:locale\" content=\"fr_FR\" \/>\n<meta property=\"og:type\" content=\"article\" \/>\n<meta property=\"og:title\" content=\"Andamur rejoint l&#039;aventure du VW Golf Challenge - Andamur\" \/>\n<meta property=\"og:description\" content=\"&lt;&lt;Plusieurs membres de l&#8217;\u00e9quipe d&#8217;Andamur participeront \u00e0 la dixi\u00e8me \u00e9dition de cette aventure solidaire unique au Maroc&gt;&gt; Le VW Golf Challenge est une exp\u00e9rience unique qui emprunte certains des paysages les plus spectaculaires du Maroc. Cet \u00e9v\u00e9nement, qui rassemble des Volkswagen Golfs des cinq premi\u00e8res g\u00e9n\u00e9rations, permet non seulement de tester les comp\u00e9tences des participants [&hellip;]\" \/>\n<meta property=\"og:url\" content=\"https:\/\/www.andamur.com\/fr\/nouvelles\/andamur-rejoint-laventure-du-vw-golf-challenge\/\" \/>\n<meta property=\"og:site_name\" content=\"Andamur\" \/>\n<meta property=\"article:publisher\" content=\"https:\/\/www.facebook.com\/AndamurEurope\/\" \/>\n<meta property=\"article:published_time\" content=\"2025-04-07T09:06:18+00:00\" \/>\n<meta property=\"article:modified_time\" content=\"2025-08-12T11:41:39+00:00\" \/>\n<meta property=\"og:image\" content=\"https:\/\/www.andamur.com\/wp-content\/uploads\/2025\/04\/golf-challenge-andamur.jpg\" \/>\n\t<meta property=\"og:image:width\" content=\"960\" \/>\n\t<meta property=\"og:image:height\" content=\"1200\" \/>\n\t<meta property=\"og:image:type\" content=\"image\/jpeg\" \/>\n<meta name=\"author\" content=\"andamur\" \/>\n<meta name=\"twitter:card\" content=\"summary_large_image\" \/>\n<meta name=\"twitter:creator\" content=\"@andamur_es\" \/>\n<meta name=\"twitter:site\" content=\"@andamur_es\" \/>\n<meta name=\"twitter:label1\" content=\"Written by\" \/>\n\t<meta name=\"twitter:data1\" content=\"andamur\" \/>\n\t<meta name=\"twitter:label2\" content=\"Est. reading time\" \/>\n\t<meta name=\"twitter:data2\" content=\"2 minutes\" \/>\n<script type=\"application\/ld+json\" class=\"yoast-schema-graph\">{\"@context\":\"https:\/\/schema.org\",\"@graph\":[{\"@type\":\"Article\",\"@id\":\"https:\/\/www.andamur.com\/fr\/nouvelles\/andamur-rejoint-laventure-du-vw-golf-challenge\/#article\",\"isPartOf\":{\"@id\":\"https:\/\/www.andamur.com\/fr\/nouvelles\/andamur-rejoint-laventure-du-vw-golf-challenge\/\"},\"author\":{\"name\":\"andamur\",\"@id\":\"https:\/\/www.andamur.com\/#\/schema\/person\/131577731140377fe26cac4f07cccb72\"},\"headline\":\"Andamur rejoint l&#8217;aventure du VW Golf Challenge\",\"datePublished\":\"2025-04-07T09:06:18+00:00\",\"dateModified\":\"2025-08-12T11:41:39+00:00\",\"mainEntityOfPage\":{\"@id\":\"https:\/\/www.andamur.com\/fr\/nouvelles\/andamur-rejoint-laventure-du-vw-golf-challenge\/\"},\"wordCount\":322,\"publisher\":{\"@id\":\"https:\/\/www.andamur.com\/#organization\"},\"image\":{\"@id\":\"https:\/\/www.andamur.com\/fr\/nouvelles\/andamur-rejoint-laventure-du-vw-golf-challenge\/#primaryimage\"},\"thumbnailUrl\":\"https:\/\/www.andamur.com\/wp-content\/uploads\/2025\/04\/golf-challenge-andamur.jpg\",\"articleSection\":[\"Nouvelles\"],\"inLanguage\":\"fr-FR\"},{\"@type\":\"WebPage\",\"@id\":\"https:\/\/www.andamur.com\/fr\/nouvelles\/andamur-rejoint-laventure-du-vw-golf-challenge\/\",\"url\":\"https:\/\/www.andamur.com\/fr\/nouvelles\/andamur-rejoint-laventure-du-vw-golf-challenge\/\",\"name\":\"Andamur rejoint l'aventure du VW Golf Challenge - Andamur\",\"isPartOf\":{\"@id\":\"https:\/\/www.andamur.com\/#website\"},\"primaryImageOfPage\":{\"@id\":\"https:\/\/www.andamur.com\/fr\/nouvelles\/andamur-rejoint-laventure-du-vw-golf-challenge\/#primaryimage\"},\"image\":{\"@id\":\"https:\/\/www.andamur.com\/fr\/nouvelles\/andamur-rejoint-laventure-du-vw-golf-challenge\/#primaryimage\"},\"thumbnailUrl\":\"https:\/\/www.andamur.com\/wp-content\/uploads\/2025\/04\/golf-challenge-andamur.jpg\",\"datePublished\":\"2025-04-07T09:06:18+00:00\",\"dateModified\":\"2025-08-12T11:41:39+00:00\",\"breadcrumb\":{\"@id\":\"https:\/\/www.andamur.com\/fr\/nouvelles\/andamur-rejoint-laventure-du-vw-golf-challenge\/#breadcrumb\"},\"inLanguage\":\"fr-FR\",\"potentialAction\":[{\"@type\":\"ReadAction\",\"target\":[\"https:\/\/www.andamur.com\/fr\/nouvelles\/andamur-rejoint-laventure-du-vw-golf-challenge\/\"]}]},{\"@type\":\"ImageObject\",\"inLanguage\":\"fr-FR\",\"@id\":\"https:\/\/www.andamur.com\/fr\/nouvelles\/andamur-rejoint-laventure-du-vw-golf-challenge\/#primaryimage\",\"url\":\"https:\/\/www.andamur.com\/wp-content\/uploads\/2025\/04\/golf-challenge-andamur.jpg\",\"contentUrl\":\"https:\/\/www.andamur.com\/wp-content\/uploads\/2025\/04\/golf-challenge-andamur.jpg\",\"width\":960,\"height\":1200},{\"@type\":\"BreadcrumbList\",\"@id\":\"https:\/\/www.andamur.com\/fr\/nouvelles\/andamur-rejoint-laventure-du-vw-golf-challenge\/#breadcrumb\",\"itemListElement\":[{\"@type\":\"ListItem\",\"position\":1,\"name\":\"Portada\",\"item\":\"https:\/\/www.andamur.com\/fr\/\"},{\"@type\":\"ListItem\",\"position\":2,\"name\":\"Nouvelles\",\"item\":\"https:\/\/www.andamur.com\/fr\/nouvelles\/\"},{\"@type\":\"ListItem\",\"position\":3,\"name\":\"Andamur rejoint l&#8217;aventure du VW Golf Challenge\"}]},{\"@type\":\"WebSite\",\"@id\":\"https:\/\/www.andamur.com\/#website\",\"url\":\"https:\/\/www.andamur.com\/\",\"name\":\"Andamur\",\"description\":\"Cada viaje importa\",\"publisher\":{\"@id\":\"https:\/\/www.andamur.com\/#organization\"},\"inLanguage\":\"fr-FR\"},{\"@type\":\"Organization\",\"@id\":\"https:\/\/www.andamur.com\/#organization\",\"name\":\"Andamur\",\"url\":\"https:\/\/www.andamur.com\/\",\"logo\":{\"@type\":\"ImageObject\",\"inLanguage\":\"fr-FR\",\"@id\":\"https:\/\/www.andamur.com\/#\/schema\/logo\/image\/\",\"url\":\"https:\/\/www.andamur.com\/wp-content\/uploads\/2024\/02\/andamurogpic.jpg\",\"contentUrl\":\"https:\/\/www.andamur.com\/wp-content\/uploads\/2024\/02\/andamurogpic.jpg\",\"width\":1200,\"height\":630,\"caption\":\"Andamur\"},\"image\":{\"@id\":\"https:\/\/www.andamur.com\/#\/schema\/logo\/image\/\"},\"sameAs\":[\"https:\/\/www.facebook.com\/AndamurEurope\/\",\"https:\/\/x.com\/andamur_es\",\"https:\/\/www.instagram.com\/andamureurope\/\",\"https:\/\/www.youtube.com\/channel\/UCWP1SBl8J8SjUCcWBo_Uu1w\"]},{\"@type\":\"Person\",\"@id\":\"https:\/\/www.andamur.com\/#\/schema\/person\/131577731140377fe26cac4f07cccb72\",\"name\":\"andamur\",\"image\":{\"@type\":\"ImageObject\",\"inLanguage\":\"fr-FR\",\"@id\":\"https:\/\/www.andamur.com\/#\/schema\/person\/image\/\",\"url\":\"https:\/\/secure.gravatar.com\/avatar\/133ec8c8c0f653b06a023777fdc35962d922f161df68890737f028e35189a08f?s=96&d=mm&r=g\",\"contentUrl\":\"https:\/\/secure.gravatar.com\/avatar\/133ec8c8c0f653b06a023777fdc35962d922f161df68890737f028e35189a08f?s=96&d=mm&r=g\",\"caption\":\"andamur\"}}]}<\/script>\n<!-- \/ Yoast SEO plugin. -->","yoast_head_json":{"title":"Andamur rejoint l'aventure du VW Golf Challenge - Andamur","robots":{"index":"index","follow":"follow","max-snippet":"max-snippet:-1","max-image-preview":"max-image-preview:large","max-video-preview":"max-video-preview:-1"},"canonical":"https:\/\/www.andamur.com\/fr\/nouvelles\/andamur-rejoint-laventure-du-vw-golf-challenge\/","og_locale":"fr_FR","og_type":"article","og_title":"Andamur rejoint l'aventure du VW Golf Challenge - Andamur","og_description":"&lt;&lt;Plusieurs membres de l&#8217;\u00e9quipe d&#8217;Andamur participeront \u00e0 la dixi\u00e8me \u00e9dition de cette aventure solidaire unique au Maroc&gt;&gt; Le VW Golf Challenge est une exp\u00e9rience unique qui emprunte certains des paysages les plus spectaculaires du Maroc. Cet \u00e9v\u00e9nement, qui rassemble des Volkswagen Golfs des cinq premi\u00e8res g\u00e9n\u00e9rations, permet non seulement de tester les comp\u00e9tences des participants [&hellip;]","og_url":"https:\/\/www.andamur.com\/fr\/nouvelles\/andamur-rejoint-laventure-du-vw-golf-challenge\/","og_site_name":"Andamur","article_publisher":"https:\/\/www.facebook.com\/AndamurEurope\/","article_published_time":"2025-04-07T09:06:18+00:00","article_modified_time":"2025-08-12T11:41:39+00:00","og_image":[{"width":960,"height":1200,"url":"https:\/\/www.andamur.com\/wp-content\/uploads\/2025\/04\/golf-challenge-andamur.jpg","type":"image\/jpeg"}],"author":"andamur","twitter_card":"summary_large_image","twitter_creator":"@andamur_es","twitter_site":"@andamur_es","twitter_misc":{"Written by":"andamur","Est. reading time":"2 minutes"},"schema":{"@context":"https:\/\/schema.org","@graph":[{"@type":"Article","@id":"https:\/\/www.andamur.com\/fr\/nouvelles\/andamur-rejoint-laventure-du-vw-golf-challenge\/#article","isPartOf":{"@id":"https:\/\/www.andamur.com\/fr\/nouvelles\/andamur-rejoint-laventure-du-vw-golf-challenge\/"},"author":{"name":"andamur","@id":"https:\/\/www.andamur.com\/#\/schema\/person\/131577731140377fe26cac4f07cccb72"},"headline":"Andamur rejoint l&#8217;aventure du VW Golf Challenge","datePublished":"2025-04-07T09:06:18+00:00","dateModified":"2025-08-12T11:41:39+00:00","mainEntityOfPage":{"@id":"https:\/\/www.andamur.com\/fr\/nouvelles\/andamur-rejoint-laventure-du-vw-golf-challenge\/"},"wordCount":322,"publisher":{"@id":"https:\/\/www.andamur.com\/#organization"},"image":{"@id":"https:\/\/www.andamur.com\/fr\/nouvelles\/andamur-rejoint-laventure-du-vw-golf-challenge\/#primaryimage"},"thumbnailUrl":"https:\/\/www.andamur.com\/wp-content\/uploads\/2025\/04\/golf-challenge-andamur.jpg","articleSection":["Nouvelles"],"inLanguage":"fr-FR"},{"@type":"WebPage","@id":"https:\/\/www.andamur.com\/fr\/nouvelles\/andamur-rejoint-laventure-du-vw-golf-challenge\/","url":"https:\/\/www.andamur.com\/fr\/nouvelles\/andamur-rejoint-laventure-du-vw-golf-challenge\/","name":"Andamur rejoint l'aventure du VW Golf Challenge - Andamur","isPartOf":{"@id":"https:\/\/www.andamur.com\/#website"},"primaryImageOfPage":{"@id":"https:\/\/www.andamur.com\/fr\/nouvelles\/andamur-rejoint-laventure-du-vw-golf-challenge\/#primaryimage"},"image":{"@id":"https:\/\/www.andamur.com\/fr\/nouvelles\/andamur-rejoint-laventure-du-vw-golf-challenge\/#primaryimage"},"thumbnailUrl":"https:\/\/www.andamur.com\/wp-content\/uploads\/2025\/04\/golf-challenge-andamur.jpg","datePublished":"2025-04-07T09:06:18+00:00","dateModified":"2025-08-12T11:41:39+00:00","breadcrumb":{"@id":"https:\/\/www.andamur.com\/fr\/nouvelles\/andamur-rejoint-laventure-du-vw-golf-challenge\/#breadcrumb"},"inLanguage":"fr-FR","potentialAction":[{"@type":"ReadAction","target":["https:\/\/www.andamur.com\/fr\/nouvelles\/andamur-rejoint-laventure-du-vw-golf-challenge\/"]}]},{"@type":"ImageObject","inLanguage":"fr-FR","@id":"https:\/\/www.andamur.com\/fr\/nouvelles\/andamur-rejoint-laventure-du-vw-golf-challenge\/#primaryimage","url":"https:\/\/www.andamur.com\/wp-content\/uploads\/2025\/04\/golf-challenge-andamur.jpg","contentUrl":"https:\/\/www.andamur.com\/wp-content\/uploads\/2025\/04\/golf-challenge-andamur.jpg","width":960,"height":1200},{"@type":"BreadcrumbList","@id":"https:\/\/www.andamur.com\/fr\/nouvelles\/andamur-rejoint-laventure-du-vw-golf-challenge\/#breadcrumb","itemListElement":[{"@type":"ListItem","position":1,"name":"Portada","item":"https:\/\/www.andamur.com\/fr\/"},{"@type":"ListItem","position":2,"name":"Nouvelles","item":"https:\/\/www.andamur.com\/fr\/nouvelles\/"},{"@type":"ListItem","position":3,"name":"Andamur rejoint l&#8217;aventure du VW Golf Challenge"}]},{"@type":"WebSite","@id":"https:\/\/www.andamur.com\/#website","url":"https:\/\/www.andamur.com\/","name":"Andamur","description":"Cada viaje importa","publisher":{"@id":"https:\/\/www.andamur.com\/#organization"},"inLanguage":"fr-FR"},{"@type":"Organization","@id":"https:\/\/www.andamur.com\/#organization","name":"Andamur","url":"https:\/\/www.andamur.com\/","logo":{"@type":"ImageObject","inLanguage":"fr-FR","@id":"https:\/\/www.andamur.com\/#\/schema\/logo\/image\/","url":"https:\/\/www.andamur.com\/wp-content\/uploads\/2024\/02\/andamurogpic.jpg","contentUrl":"https:\/\/www.andamur.com\/wp-content\/uploads\/2024\/02\/andamurogpic.jpg","width":1200,"height":630,"caption":"Andamur"},"image":{"@id":"https:\/\/www.andamur.com\/#\/schema\/logo\/image\/"},"sameAs":["https:\/\/www.facebook.com\/AndamurEurope\/","https:\/\/x.com\/andamur_es","https:\/\/www.instagram.com\/andamureurope\/","https:\/\/www.youtube.com\/channel\/UCWP1SBl8J8SjUCcWBo_Uu1w"]},{"@type":"Person","@id":"https:\/\/www.andamur.com\/#\/schema\/person\/131577731140377fe26cac4f07cccb72","name":"andamur","image":{"@type":"ImageObject","inLanguage":"fr-FR","@id":"https:\/\/www.andamur.com\/#\/schema\/person\/image\/","url":"https:\/\/secure.gravatar.com\/avatar\/133ec8c8c0f653b06a023777fdc35962d922f161df68890737f028e35189a08f?s=96&d=mm&r=g","contentUrl":"https:\/\/secure.gravatar.com\/avatar\/133ec8c8c0f653b06a023777fdc35962d922f161df68890737f028e35189a08f?s=96&d=mm&r=g","caption":"andamur"}}]}},"_links":{"self":[{"href":"https:\/\/www.andamur.com\/fr\/wp-json\/wp\/v2\/posts\/67068","targetHints":{"allow":["GET"]}}],"collection":[{"href":"https:\/\/www.andamur.com\/fr\/wp-json\/wp\/v2\/posts"}],"about":[{"href":"https:\/\/www.andamur.com\/fr\/wp-json\/wp\/v2\/types\/post"}],"author":[{"embeddable":true,"href":"https:\/\/www.andamur.com\/fr\/wp-json\/wp\/v2\/users\/1"}],"replies":[{"embeddable":true,"href":"https:\/\/www.andamur.com\/fr\/wp-json\/wp\/v2\/comments?post=67068"}],"version-history":[{"count":0,"href":"https:\/\/www.andamur.com\/fr\/wp-json\/wp\/v2\/posts\/67068\/revisions"}],"wp:featuredmedia":[{"embeddable":true,"href":"https:\/\/www.andamur.com\/fr\/wp-json\/wp\/v2\/media\/67052"}],"wp:attachment":[{"href":"https:\/\/www.andamur.com\/fr\/wp-json\/wp\/v2\/media?parent=67068"}],"wp:term":[{"taxonomy":"category","embeddable":true,"href":"https:\/\/www.andamur.com\/fr\/wp-json\/wp\/v2\/categories?post=67068"},{"taxonomy":"post_tag","embeddable":true,"href":"https:\/\/www.andamur.com\/fr\/wp-json\/wp\/v2\/tags?post=67068"}],"curies":[{"name":"wp","href":"https:\/\/api.w.org\/{rel}","templated":true}]}}