{"id":66751,"date":"2025-04-04T13:35:58","date_gmt":"2025-04-04T12:35:58","guid":{"rendered":"https:\/\/www.andamur.com\/nouvelles\/andamur-premio-8m-por-wow-un-reconocimiento-a-nuestro-compromiso-con-la-igualdad-andamur\/"},"modified":"2025-05-15T11:33:09","modified_gmt":"2025-05-15T10:33:09","slug":"andamur-8m-award-for-wow-une-reconnaissance-de-notre-engagement-en-faveur-de-legalite","status":"publish","type":"post","link":"https:\/\/www.andamur.com\/fr\/nouvelles\/andamur-8m-award-for-wow-une-reconnaissance-de-notre-engagement-en-faveur-de-legalite\/","title":{"rendered":"Andamur, 8M Award for WOW : une reconnaissance de notre engagement en faveur de l\u2019\u00e9galit\u00e9"},"content":{"rendered":"<p>faveur de l\u2019\u00e9galit\u00e9<\/p>\n<p>Vendredi a \u00e9t\u00e9 une journ\u00e9e aussi sp\u00e9ciale qu\u2019importante pour toute l\u2019\u00e9quipe d\u2019Andamur et, en particulier, pour celles qui, chaque jour, travaillent \u00e0 faire de notre initiative WOW, Women On The Way, un v\u00e9ritable mouvement et \u00e0 g\u00e9n\u00e9rer un impact positif sur la soci\u00e9t\u00e9.<\/p>\n<p>En effet, le 7 juillet dernier, nous avons \u00e9t\u00e9 r\u00e9compens\u00e9s par l\u2019un des prix 8M de la r\u00e9gion de Murcie. Ces prix, d\u00e9cern\u00e9s \u00e0 l\u2019occasion de la Journ\u00e9e internationale de la femme, r\u00e9compensent les personnes et les initiatives qui, par leurs actions, se sont distingu\u00e9es dans la lutte pour l\u2019\u00e9galit\u00e9 entre les hommes et les femmes dans la r\u00e9gion.<\/p>\n<p>L\u2019\u00e9v\u00e9nement, qui s\u2019est d\u00e9roul\u00e9 \u00e0 l\u2019auditorium Victor Villegas, s\u2019est d\u00e9roul\u00e9 en pr\u00e9sence du pr\u00e9sident de la Communaut\u00e9, Fernando Lopez Miras, de la ministre de la politique sociale, de la famille et de l\u2019\u00e9galit\u00e9, Conchita Ruiz, et de la ministre de l\u2019entreprise, de l\u2019emploi et de l\u2019\u00e9conomie sociale, Maria Isabel Lopez.<\/p>\n<p>La directrice g\u00e9n\u00e9rale de la femme et de la pr\u00e9vention de la violence de genre, Ana Bel\u00e9n Mart\u00ednez, \u00e9tait \u00e9galement pr\u00e9sente et a remis le prix \u00e0 notre PDG, Miguel \u00c1ngel L\u00f3pez, et \u00e0 notre directrice du marketing, du service \u00e0 la client\u00e8le et de la responsabilit\u00e9 sociale des entreprises, \u00c1ngeles Ruiz.<\/p>\n<p>\u00ab Lorsque nous avons lanc\u00e9 ce projet, nous nous sommes pench\u00e9s sur la n\u00e9cessit\u00e9 d\u2019attirer des talents f\u00e9minins dans le secteur des transports. Il y avait un grand manque de personnel, non seulement au niveau de la conduite, mais aussi dans les postes de direction et de responsabilit\u00e9 \u00bb, a d\u00e9clar\u00e9 Miguel \u00c1ngel. \u00ab Ce prix est un hommage \u00e0 toutes les femmes, mais surtout \u00e0 toutes celles qui brisent les barri\u00e8res dans le secteur des transports \u00bb, a poursuivi M. \u00c1ngeles. Des remerciements ont \u00e9t\u00e9 adress\u00e9s \u00e0 toute l\u2019\u00e9quipe d\u2019Andamur et aux femmes qui en font partie. Comme l\u2019a soulign\u00e9 avec \u00e9motion \u00c1ngeles, \u00ab elles repr\u00e9sentent d\u00e9j\u00e0 63 % de la main-d\u2019\u0153uvre \u00bb.<\/p>\n<p>Ce jour-l\u00e0, nous avons partag\u00e9 la sc\u00e8ne avec de grandes femmes :<\/p>\n<ul>\n<li><strong>Chitina Mart\u00ednez<\/strong>, fondatrice et vice-pr\u00e9sidente de l\u2019Asociaci\u00f3n de Familiares de Ni\u00f1os con C\u00e1ncer de la Regi\u00f3n de Murcia (Afacmur), distingu\u00e9e comme \u00ab Femme de l\u2019ann\u00e9e \u00bb, pour avoir consacr\u00e9 sa vie \u00e0 l\u2019am\u00e9lioration de la vie des gens.<\/li>\n<li><strong>Mar\u00eda del Pilar Vidal<\/strong>, garde civile de l\u2019\u00e9quipe VioG\u00e9n \u00e0 Calpe. Son travail de lutte contre la violence \u00e0 l\u2019\u00e9gard des femmes depuis 30 ans est tr\u00e8s important.<\/li>\n<li><strong>Mar\u00eda Dolores Bolar\u00edn<\/strong>, du Centre des femmes de San Antol\u00edn (Murcie), pour avoir dynamis\u00e9 le r\u00f4le des femmes dans le quartier de Murcie et, avec le fils et la petite-fille d\u2019Agustina Moreno, de l\u2019Asociaci\u00f3n de Encajeras de Bolillo Santa Florentina, de La Palma (Carthag\u00e8ne), qui n\u2019a pas pu se joindre \u00e0 nous pour des raisons de sant\u00e9.<\/li>\n<\/ul>\n<p>\u00ab S\u2019il n\u2019y a pas d\u2019\u00e9galit\u00e9 entre les hommes et les femmes, nous passerons \u00e0 c\u00f4t\u00e9 du talent, de la cr\u00e9ativit\u00e9 et des perspectives uniques que chaque personne peut apporter, quel que soit son sexe \u00bb, a d\u00e9clar\u00e9 la conseill\u00e8re Conchita Ruiz.<\/p>\n<p>Nous ne pourrions pas nous identifier davantage \u00e0 ses paroles et \u00eatre plus fiers de contribuer \u00e0 un projet qui continuera \u00e0 se d\u00e9velopper et \u00e0 nous apporter de grandes satisfactions, comme ce prix.<\/p>\n<p>Merci d\u2019y avoir cru. Merci de l\u2019avoir rendu possible.<br \/>\n<img decoding=\"async\" loading=\"lazy\" src=\"https:\/\/www.andamur.com\/wp-content\/uploads\/2025\/04\/Equipo-de-Andamur-junto-a-loa-consejera-Conchita-Ruiz-y-la-directora-general-Ana-Belen-Martinez-1030x686.webp\" alt=\"Equipo de andamur junto a loa consejera conchita ruiz y la directora general ana belen martinez\" width=\"1030\" height=\"686\" class=\"size-large wp-image-66739 aligncenter\" srcset=\"https:\/\/www.andamur.com\/wp-content\/uploads\/2025\/04\/Equipo-de-Andamur-junto-a-loa-consejera-Conchita-Ruiz-y-la-directora-general-Ana-Belen-Martinez-1030x686.webp 1030w, https:\/\/www.andamur.com\/wp-content\/uploads\/2025\/04\/Equipo-de-Andamur-junto-a-loa-consejera-Conchita-Ruiz-y-la-directora-general-Ana-Belen-Martinez-350x233.webp 350w, https:\/\/www.andamur.com\/wp-content\/uploads\/2025\/04\/Equipo-de-Andamur-junto-a-loa-consejera-Conchita-Ruiz-y-la-directora-general-Ana-Belen-Martinez-768x512.webp 768w, https:\/\/www.andamur.com\/wp-content\/uploads\/2025\/04\/Equipo-de-Andamur-junto-a-loa-consejera-Conchita-Ruiz-y-la-directora-general-Ana-Belen-Martinez-1536x1023.webp 1536w, https:\/\/www.andamur.com\/wp-content\/uploads\/2025\/04\/Equipo-de-Andamur-junto-a-loa-consejera-Conchita-Ruiz-y-la-directora-general-Ana-Belen-Martinez.webp 1600w\" sizes=\"auto, (max-width: 1030px) 100vw, 1030px\" \/><\/p>\n","protected":false},"excerpt":{"rendered":"<p>faveur de l\u2019\u00e9galit\u00e9 Vendredi a \u00e9t\u00e9 une journ\u00e9e aussi sp\u00e9ciale qu\u2019importante pour toute l\u2019\u00e9quipe d\u2019Andamur et, en particulier, pour celles qui, chaque jour, travaillent \u00e0 faire de notre initiative WOW, Women On The Way, un v\u00e9ritable mouvement et \u00e0 g\u00e9n\u00e9rer un impact positif sur la soci\u00e9t\u00e9. En effet, le 7 juillet dernier, nous avons \u00e9t\u00e9 [&hellip;]<\/p>\n","protected":false},"author":1,"featured_media":66746,"comment_status":"closed","ping_status":"open","sticky":false,"template":"","format":"standard","meta":{"_acf_changed":false,"footnotes":""},"categories":[276],"tags":[],"class_list":["post-66751","post","type-post","status-publish","format-standard","has-post-thumbnail","hentry","category-nouvelles"],"acf":[],"yoast_head":"<!-- This site is optimized with the Yoast SEO plugin v25.4 - https:\/\/yoast.com\/wordpress\/plugins\/seo\/ -->\n<title>Andamur, 8M Award for WOW : une reconnaissance de notre engagement en faveur de l\u2019\u00e9galit\u00e9 - Andamur<\/title>\n<meta name=\"robots\" content=\"index, follow, max-snippet:-1, max-image-preview:large, max-video-preview:-1\" \/>\n<link rel=\"canonical\" href=\"https:\/\/www.andamur.com\/fr\/nouvelles\/andamur-8m-award-for-wow-une-reconnaissance-de-notre-engagement-en-faveur-de-legalite\/\" \/>\n<meta property=\"og:locale\" content=\"fr_FR\" \/>\n<meta property=\"og:type\" content=\"article\" \/>\n<meta property=\"og:title\" content=\"Andamur, 8M Award for WOW : une reconnaissance de notre engagement en faveur de l\u2019\u00e9galit\u00e9 - Andamur\" \/>\n<meta property=\"og:description\" content=\"faveur de l\u2019\u00e9galit\u00e9 Vendredi a \u00e9t\u00e9 une journ\u00e9e aussi sp\u00e9ciale qu\u2019importante pour toute l\u2019\u00e9quipe d\u2019Andamur et, en particulier, pour celles qui, chaque jour, travaillent \u00e0 faire de notre initiative WOW, Women On The Way, un v\u00e9ritable mouvement et \u00e0 g\u00e9n\u00e9rer un impact positif sur la soci\u00e9t\u00e9. En effet, le 7 juillet dernier, nous avons \u00e9t\u00e9 [&hellip;]\" \/>\n<meta property=\"og:url\" content=\"https:\/\/www.andamur.com\/fr\/nouvelles\/andamur-8m-award-for-wow-une-reconnaissance-de-notre-engagement-en-faveur-de-legalite\/\" \/>\n<meta property=\"og:site_name\" content=\"Andamur\" \/>\n<meta property=\"article:publisher\" content=\"https:\/\/www.facebook.com\/AndamurEurope\/\" \/>\n<meta property=\"article:published_time\" content=\"2025-04-04T12:35:58+00:00\" \/>\n<meta property=\"article:modified_time\" content=\"2025-05-15T10:33:09+00:00\" \/>\n<meta property=\"og:image\" content=\"https:\/\/www.andamur.com\/wp-content\/uploads\/2025\/04\/WOMEN\u00b4S-FLEET-495x400-1.webp\" \/>\n\t<meta property=\"og:image:width\" content=\"1600\" \/>\n\t<meta property=\"og:image:height\" content=\"1066\" \/>\n\t<meta property=\"og:image:type\" content=\"image\/webp\" \/>\n<meta name=\"author\" content=\"andamur\" \/>\n<meta name=\"twitter:card\" content=\"summary_large_image\" \/>\n<meta name=\"twitter:creator\" content=\"@andamur_es\" \/>\n<meta name=\"twitter:site\" content=\"@andamur_es\" \/>\n<meta name=\"twitter:label1\" content=\"Written by\" \/>\n\t<meta name=\"twitter:data1\" content=\"andamur\" \/>\n\t<meta name=\"twitter:label2\" content=\"Est. reading time\" \/>\n\t<meta name=\"twitter:data2\" content=\"3 minutes\" \/>\n<script type=\"application\/ld+json\" class=\"yoast-schema-graph\">{\"@context\":\"https:\/\/schema.org\",\"@graph\":[{\"@type\":\"Article\",\"@id\":\"https:\/\/www.andamur.com\/fr\/nouvelles\/andamur-8m-award-for-wow-une-reconnaissance-de-notre-engagement-en-faveur-de-legalite\/#article\",\"isPartOf\":{\"@id\":\"https:\/\/www.andamur.com\/fr\/nouvelles\/andamur-8m-award-for-wow-une-reconnaissance-de-notre-engagement-en-faveur-de-legalite\/\"},\"author\":{\"name\":\"andamur\",\"@id\":\"https:\/\/www.andamur.com\/#\/schema\/person\/131577731140377fe26cac4f07cccb72\"},\"headline\":\"Andamur, 8M Award for WOW : une reconnaissance de notre engagement en faveur de l\u2019\u00e9galit\u00e9\",\"datePublished\":\"2025-04-04T12:35:58+00:00\",\"dateModified\":\"2025-05-15T10:33:09+00:00\",\"mainEntityOfPage\":{\"@id\":\"https:\/\/www.andamur.com\/fr\/nouvelles\/andamur-8m-award-for-wow-une-reconnaissance-de-notre-engagement-en-faveur-de-legalite\/\"},\"wordCount\":615,\"publisher\":{\"@id\":\"https:\/\/www.andamur.com\/#organization\"},\"image\":{\"@id\":\"https:\/\/www.andamur.com\/fr\/nouvelles\/andamur-8m-award-for-wow-une-reconnaissance-de-notre-engagement-en-faveur-de-legalite\/#primaryimage\"},\"thumbnailUrl\":\"https:\/\/www.andamur.com\/wp-content\/uploads\/2025\/04\/WOMEN\u00b4S-FLEET-495x400-1.webp\",\"articleSection\":[\"Nouvelles\"],\"inLanguage\":\"fr-FR\"},{\"@type\":\"WebPage\",\"@id\":\"https:\/\/www.andamur.com\/fr\/nouvelles\/andamur-8m-award-for-wow-une-reconnaissance-de-notre-engagement-en-faveur-de-legalite\/\",\"url\":\"https:\/\/www.andamur.com\/fr\/nouvelles\/andamur-8m-award-for-wow-une-reconnaissance-de-notre-engagement-en-faveur-de-legalite\/\",\"name\":\"Andamur, 8M Award for WOW : une reconnaissance de notre engagement en faveur de l\u2019\u00e9galit\u00e9 - Andamur\",\"isPartOf\":{\"@id\":\"https:\/\/www.andamur.com\/#website\"},\"primaryImageOfPage\":{\"@id\":\"https:\/\/www.andamur.com\/fr\/nouvelles\/andamur-8m-award-for-wow-une-reconnaissance-de-notre-engagement-en-faveur-de-legalite\/#primaryimage\"},\"image\":{\"@id\":\"https:\/\/www.andamur.com\/fr\/nouvelles\/andamur-8m-award-for-wow-une-reconnaissance-de-notre-engagement-en-faveur-de-legalite\/#primaryimage\"},\"thumbnailUrl\":\"https:\/\/www.andamur.com\/wp-content\/uploads\/2025\/04\/WOMEN\u00b4S-FLEET-495x400-1.webp\",\"datePublished\":\"2025-04-04T12:35:58+00:00\",\"dateModified\":\"2025-05-15T10:33:09+00:00\",\"breadcrumb\":{\"@id\":\"https:\/\/www.andamur.com\/fr\/nouvelles\/andamur-8m-award-for-wow-une-reconnaissance-de-notre-engagement-en-faveur-de-legalite\/#breadcrumb\"},\"inLanguage\":\"fr-FR\",\"potentialAction\":[{\"@type\":\"ReadAction\",\"target\":[\"https:\/\/www.andamur.com\/fr\/nouvelles\/andamur-8m-award-for-wow-une-reconnaissance-de-notre-engagement-en-faveur-de-legalite\/\"]}]},{\"@type\":\"ImageObject\",\"inLanguage\":\"fr-FR\",\"@id\":\"https:\/\/www.andamur.com\/fr\/nouvelles\/andamur-8m-award-for-wow-une-reconnaissance-de-notre-engagement-en-faveur-de-legalite\/#primaryimage\",\"url\":\"https:\/\/www.andamur.com\/wp-content\/uploads\/2025\/04\/WOMEN\u00b4S-FLEET-495x400-1.webp\",\"contentUrl\":\"https:\/\/www.andamur.com\/wp-content\/uploads\/2025\/04\/WOMEN\u00b4S-FLEET-495x400-1.webp\",\"width\":1600,\"height\":1066},{\"@type\":\"BreadcrumbList\",\"@id\":\"https:\/\/www.andamur.com\/fr\/nouvelles\/andamur-8m-award-for-wow-une-reconnaissance-de-notre-engagement-en-faveur-de-legalite\/#breadcrumb\",\"itemListElement\":[{\"@type\":\"ListItem\",\"position\":1,\"name\":\"Portada\",\"item\":\"https:\/\/www.andamur.com\/fr\/\"},{\"@type\":\"ListItem\",\"position\":2,\"name\":\"Nouvelles\",\"item\":\"https:\/\/www.andamur.com\/fr\/nouvelles\/\"},{\"@type\":\"ListItem\",\"position\":3,\"name\":\"Andamur, 8M Award for WOW : une reconnaissance de notre engagement en faveur de l\u2019\u00e9galit\u00e9\"}]},{\"@type\":\"WebSite\",\"@id\":\"https:\/\/www.andamur.com\/#website\",\"url\":\"https:\/\/www.andamur.com\/\",\"name\":\"Andamur\",\"description\":\"Cada viaje importa\",\"publisher\":{\"@id\":\"https:\/\/www.andamur.com\/#organization\"},\"inLanguage\":\"fr-FR\"},{\"@type\":\"Organization\",\"@id\":\"https:\/\/www.andamur.com\/#organization\",\"name\":\"Andamur\",\"url\":\"https:\/\/www.andamur.com\/\",\"logo\":{\"@type\":\"ImageObject\",\"inLanguage\":\"fr-FR\",\"@id\":\"https:\/\/www.andamur.com\/#\/schema\/logo\/image\/\",\"url\":\"https:\/\/www.andamur.com\/wp-content\/uploads\/2024\/02\/andamurogpic.jpg\",\"contentUrl\":\"https:\/\/www.andamur.com\/wp-content\/uploads\/2024\/02\/andamurogpic.jpg\",\"width\":1200,\"height\":630,\"caption\":\"Andamur\"},\"image\":{\"@id\":\"https:\/\/www.andamur.com\/#\/schema\/logo\/image\/\"},\"sameAs\":[\"https:\/\/www.facebook.com\/AndamurEurope\/\",\"https:\/\/x.com\/andamur_es\",\"https:\/\/www.instagram.com\/andamureurope\/\",\"https:\/\/www.youtube.com\/channel\/UCWP1SBl8J8SjUCcWBo_Uu1w\"]},{\"@type\":\"Person\",\"@id\":\"https:\/\/www.andamur.com\/#\/schema\/person\/131577731140377fe26cac4f07cccb72\",\"name\":\"andamur\",\"image\":{\"@type\":\"ImageObject\",\"inLanguage\":\"fr-FR\",\"@id\":\"https:\/\/www.andamur.com\/#\/schema\/person\/image\/\",\"url\":\"https:\/\/secure.gravatar.com\/avatar\/133ec8c8c0f653b06a023777fdc35962d922f161df68890737f028e35189a08f?s=96&d=mm&r=g\",\"contentUrl\":\"https:\/\/secure.gravatar.com\/avatar\/133ec8c8c0f653b06a023777fdc35962d922f161df68890737f028e35189a08f?s=96&d=mm&r=g\",\"caption\":\"andamur\"}}]}<\/script>\n<!-- \/ Yoast SEO plugin. -->","yoast_head_json":{"title":"Andamur, 8M Award for WOW : une reconnaissance de notre engagement en faveur de l\u2019\u00e9galit\u00e9 - Andamur","robots":{"index":"index","follow":"follow","max-snippet":"max-snippet:-1","max-image-preview":"max-image-preview:large","max-video-preview":"max-video-preview:-1"},"canonical":"https:\/\/www.andamur.com\/fr\/nouvelles\/andamur-8m-award-for-wow-une-reconnaissance-de-notre-engagement-en-faveur-de-legalite\/","og_locale":"fr_FR","og_type":"article","og_title":"Andamur, 8M Award for WOW : une reconnaissance de notre engagement en faveur de l\u2019\u00e9galit\u00e9 - Andamur","og_description":"faveur de l\u2019\u00e9galit\u00e9 Vendredi a \u00e9t\u00e9 une journ\u00e9e aussi sp\u00e9ciale qu\u2019importante pour toute l\u2019\u00e9quipe d\u2019Andamur et, en particulier, pour celles qui, chaque jour, travaillent \u00e0 faire de notre initiative WOW, Women On The Way, un v\u00e9ritable mouvement et \u00e0 g\u00e9n\u00e9rer un impact positif sur la soci\u00e9t\u00e9. En effet, le 7 juillet dernier, nous avons \u00e9t\u00e9 [&hellip;]","og_url":"https:\/\/www.andamur.com\/fr\/nouvelles\/andamur-8m-award-for-wow-une-reconnaissance-de-notre-engagement-en-faveur-de-legalite\/","og_site_name":"Andamur","article_publisher":"https:\/\/www.facebook.com\/AndamurEurope\/","article_published_time":"2025-04-04T12:35:58+00:00","article_modified_time":"2025-05-15T10:33:09+00:00","og_image":[{"width":1600,"height":1066,"url":"https:\/\/www.andamur.com\/wp-content\/uploads\/2025\/04\/WOMEN\u00b4S-FLEET-495x400-1.webp","type":"image\/webp"}],"author":"andamur","twitter_card":"summary_large_image","twitter_creator":"@andamur_es","twitter_site":"@andamur_es","twitter_misc":{"Written by":"andamur","Est. reading time":"3 minutes"},"schema":{"@context":"https:\/\/schema.org","@graph":[{"@type":"Article","@id":"https:\/\/www.andamur.com\/fr\/nouvelles\/andamur-8m-award-for-wow-une-reconnaissance-de-notre-engagement-en-faveur-de-legalite\/#article","isPartOf":{"@id":"https:\/\/www.andamur.com\/fr\/nouvelles\/andamur-8m-award-for-wow-une-reconnaissance-de-notre-engagement-en-faveur-de-legalite\/"},"author":{"name":"andamur","@id":"https:\/\/www.andamur.com\/#\/schema\/person\/131577731140377fe26cac4f07cccb72"},"headline":"Andamur, 8M Award for WOW : une reconnaissance de notre engagement en faveur de l\u2019\u00e9galit\u00e9","datePublished":"2025-04-04T12:35:58+00:00","dateModified":"2025-05-15T10:33:09+00:00","mainEntityOfPage":{"@id":"https:\/\/www.andamur.com\/fr\/nouvelles\/andamur-8m-award-for-wow-une-reconnaissance-de-notre-engagement-en-faveur-de-legalite\/"},"wordCount":615,"publisher":{"@id":"https:\/\/www.andamur.com\/#organization"},"image":{"@id":"https:\/\/www.andamur.com\/fr\/nouvelles\/andamur-8m-award-for-wow-une-reconnaissance-de-notre-engagement-en-faveur-de-legalite\/#primaryimage"},"thumbnailUrl":"https:\/\/www.andamur.com\/wp-content\/uploads\/2025\/04\/WOMEN\u00b4S-FLEET-495x400-1.webp","articleSection":["Nouvelles"],"inLanguage":"fr-FR"},{"@type":"WebPage","@id":"https:\/\/www.andamur.com\/fr\/nouvelles\/andamur-8m-award-for-wow-une-reconnaissance-de-notre-engagement-en-faveur-de-legalite\/","url":"https:\/\/www.andamur.com\/fr\/nouvelles\/andamur-8m-award-for-wow-une-reconnaissance-de-notre-engagement-en-faveur-de-legalite\/","name":"Andamur, 8M Award for WOW : une reconnaissance de notre engagement en faveur de l\u2019\u00e9galit\u00e9 - Andamur","isPartOf":{"@id":"https:\/\/www.andamur.com\/#website"},"primaryImageOfPage":{"@id":"https:\/\/www.andamur.com\/fr\/nouvelles\/andamur-8m-award-for-wow-une-reconnaissance-de-notre-engagement-en-faveur-de-legalite\/#primaryimage"},"image":{"@id":"https:\/\/www.andamur.com\/fr\/nouvelles\/andamur-8m-award-for-wow-une-reconnaissance-de-notre-engagement-en-faveur-de-legalite\/#primaryimage"},"thumbnailUrl":"https:\/\/www.andamur.com\/wp-content\/uploads\/2025\/04\/WOMEN\u00b4S-FLEET-495x400-1.webp","datePublished":"2025-04-04T12:35:58+00:00","dateModified":"2025-05-15T10:33:09+00:00","breadcrumb":{"@id":"https:\/\/www.andamur.com\/fr\/nouvelles\/andamur-8m-award-for-wow-une-reconnaissance-de-notre-engagement-en-faveur-de-legalite\/#breadcrumb"},"inLanguage":"fr-FR","potentialAction":[{"@type":"ReadAction","target":["https:\/\/www.andamur.com\/fr\/nouvelles\/andamur-8m-award-for-wow-une-reconnaissance-de-notre-engagement-en-faveur-de-legalite\/"]}]},{"@type":"ImageObject","inLanguage":"fr-FR","@id":"https:\/\/www.andamur.com\/fr\/nouvelles\/andamur-8m-award-for-wow-une-reconnaissance-de-notre-engagement-en-faveur-de-legalite\/#primaryimage","url":"https:\/\/www.andamur.com\/wp-content\/uploads\/2025\/04\/WOMEN\u00b4S-FLEET-495x400-1.webp","contentUrl":"https:\/\/www.andamur.com\/wp-content\/uploads\/2025\/04\/WOMEN\u00b4S-FLEET-495x400-1.webp","width":1600,"height":1066},{"@type":"BreadcrumbList","@id":"https:\/\/www.andamur.com\/fr\/nouvelles\/andamur-8m-award-for-wow-une-reconnaissance-de-notre-engagement-en-faveur-de-legalite\/#breadcrumb","itemListElement":[{"@type":"ListItem","position":1,"name":"Portada","item":"https:\/\/www.andamur.com\/fr\/"},{"@type":"ListItem","position":2,"name":"Nouvelles","item":"https:\/\/www.andamur.com\/fr\/nouvelles\/"},{"@type":"ListItem","position":3,"name":"Andamur, 8M Award for WOW : une reconnaissance de notre engagement en faveur de l\u2019\u00e9galit\u00e9"}]},{"@type":"WebSite","@id":"https:\/\/www.andamur.com\/#website","url":"https:\/\/www.andamur.com\/","name":"Andamur","description":"Cada viaje importa","publisher":{"@id":"https:\/\/www.andamur.com\/#organization"},"inLanguage":"fr-FR"},{"@type":"Organization","@id":"https:\/\/www.andamur.com\/#organization","name":"Andamur","url":"https:\/\/www.andamur.com\/","logo":{"@type":"ImageObject","inLanguage":"fr-FR","@id":"https:\/\/www.andamur.com\/#\/schema\/logo\/image\/","url":"https:\/\/www.andamur.com\/wp-content\/uploads\/2024\/02\/andamurogpic.jpg","contentUrl":"https:\/\/www.andamur.com\/wp-content\/uploads\/2024\/02\/andamurogpic.jpg","width":1200,"height":630,"caption":"Andamur"},"image":{"@id":"https:\/\/www.andamur.com\/#\/schema\/logo\/image\/"},"sameAs":["https:\/\/www.facebook.com\/AndamurEurope\/","https:\/\/x.com\/andamur_es","https:\/\/www.instagram.com\/andamureurope\/","https:\/\/www.youtube.com\/channel\/UCWP1SBl8J8SjUCcWBo_Uu1w"]},{"@type":"Person","@id":"https:\/\/www.andamur.com\/#\/schema\/person\/131577731140377fe26cac4f07cccb72","name":"andamur","image":{"@type":"ImageObject","inLanguage":"fr-FR","@id":"https:\/\/www.andamur.com\/#\/schema\/person\/image\/","url":"https:\/\/secure.gravatar.com\/avatar\/133ec8c8c0f653b06a023777fdc35962d922f161df68890737f028e35189a08f?s=96&d=mm&r=g","contentUrl":"https:\/\/secure.gravatar.com\/avatar\/133ec8c8c0f653b06a023777fdc35962d922f161df68890737f028e35189a08f?s=96&d=mm&r=g","caption":"andamur"}}]}},"_links":{"self":[{"href":"https:\/\/www.andamur.com\/fr\/wp-json\/wp\/v2\/posts\/66751","targetHints":{"allow":["GET"]}}],"collection":[{"href":"https:\/\/www.andamur.com\/fr\/wp-json\/wp\/v2\/posts"}],"about":[{"href":"https:\/\/www.andamur.com\/fr\/wp-json\/wp\/v2\/types\/post"}],"author":[{"embeddable":true,"href":"https:\/\/www.andamur.com\/fr\/wp-json\/wp\/v2\/users\/1"}],"replies":[{"embeddable":true,"href":"https:\/\/www.andamur.com\/fr\/wp-json\/wp\/v2\/comments?post=66751"}],"version-history":[{"count":0,"href":"https:\/\/www.andamur.com\/fr\/wp-json\/wp\/v2\/posts\/66751\/revisions"}],"wp:featuredmedia":[{"embeddable":true,"href":"https:\/\/www.andamur.com\/fr\/wp-json\/wp\/v2\/media\/66746"}],"wp:attachment":[{"href":"https:\/\/www.andamur.com\/fr\/wp-json\/wp\/v2\/media?parent=66751"}],"wp:term":[{"taxonomy":"category","embeddable":true,"href":"https:\/\/www.andamur.com\/fr\/wp-json\/wp\/v2\/categories?post=66751"},{"taxonomy":"post_tag","embeddable":true,"href":"https:\/\/www.andamur.com\/fr\/wp-json\/wp\/v2\/tags?post=66751"}],"curies":[{"name":"wp","href":"https:\/\/api.w.org\/{rel}","templated":true}]}}