{"id":46170,"date":"2023-12-20T16:57:43","date_gmt":"2023-12-20T15:57:43","guid":{"rendered":"https:\/\/www.andamur.com\/?p=46170"},"modified":"2023-12-21T11:46:13","modified_gmt":"2023-12-21T10:46:13","slug":"tu-decides-continue-de-fournir-force-et-elan-a-ceux-qui-en-ont-le-plus-besoin","status":"publish","type":"post","link":"https:\/\/www.andamur.com\/fr\/nouvelles\/tu-decides-continue-de-fournir-force-et-elan-a-ceux-qui-en-ont-le-plus-besoin\/","title":{"rendered":"&#8220;Vous d\u00e9cidez&#8221; continue \u00e0 donner de la force et de l&#8217;\u00e9lan \u00e0 ceux qui en ont le plus besoin."},"content":{"rendered":"<p><b>&#8220;Avec la cl\u00f4ture de cette \u00e9dition, ce sont d\u00e9j\u00e0 24 entit\u00e9s qui ont re\u00e7u le soutien d&#8217;Andamur pour continuer \u00e0 travailler sur ces projets si n\u00e9cessaires.&#8221;<\/b><\/p>\n<p>La quatri\u00e8me \u00e9dition de la campagne de solidarit\u00e9 &#8220;Vous d\u00e9cidez&#8221; arrive \u00e0 sa fin, soutenant une fois de plus d&#8217;importants projets caritatifs. Nos clients ont d\u00e9cid\u00e9 \u00e0 quelles grandes causes Andamur a fait don des 30 000 \u20ac de cette campagne de Responsabilit\u00e9 Sociale d&#8217;Entreprise, dans laquelle ils ont voix au chapitre.<\/p>\n<p><b>&#8220;Avec la cl\u00f4ture de cette \u00e9dition, ce sont d\u00e9j\u00e0 24 entit\u00e9s qui ont re\u00e7u le soutien d&#8217;Andamur pour continuer \u00e0 travailler sur ces projets si n\u00e9cessaires.&#8221;<\/b><\/p>\n<p>Les entit\u00e9s solidaires propos\u00e9es pour recevoir les dons proviennent de diff\u00e9rents domaines : local-r\u00e9gional, national ou international. Le vote a \u00e9t\u00e9 activ\u00e9 le 1er d\u00e9cembre et s&#8217;est termin\u00e9 le 15 d\u00e9cembre. Les entit\u00e9s les plus vot\u00e9es, recevant chacune une donation de 5 000 \u20ac d&#8217;Andamur, sont les suivantes :<\/p>\n<p><img decoding=\"async\" loading=\"lazy\" src=\"https:\/\/www.andamur.com\/wp-content\/uploads\/2023\/12\/Fundacio-Albert-Sidrach-Andamur-La-Junquera-y-Andamur-La-Junquera-Llers-773x1030.jpg\" alt=\"\" width=\"476\" height=\"635\" \/><\/p>\n<p><b>Associaci\u00f3 Albert Sidrach : Projet de Recherche sur le Sarcome d&#8217;Ewing \u00e0 l&#8217;H\u00f4pital Sant Joan de D\u00e8u<\/b> (Andamur La Junquera, La Junquera-Llers).<\/p>\n<p><img decoding=\"async\" loading=\"lazy\" src=\"https:\/\/www.andamur.com\/wp-content\/uploads\/2023\/12\/Save-The-Childen-Andamur-San-Roman-773x1030.jpg\" alt=\"\" width=\"474\" height=\"631\" \/><\/p>\n<p><b>Save The Children : Non \u00e0 la guerre contre l&#8217;enfance. Fonds d&#8217;urgence<\/b> (Andamur San Rom\u00e1n).<\/p>\n<p><img decoding=\"async\" loading=\"lazy\" src=\"https:\/\/www.andamur.com\/wp-content\/uploads\/2023\/12\/ANFAS-Navarra-Andamur-Pamplona.jpg\" alt=\"\" width=\"479\" height=\"479\" \/><\/p>\n<p><b>ANFAS : Association de Navarre en faveur des Personnes en Situation de Handicap Intellectuel ou de D\u00e9veloppement et de leurs Familles<\/b> (Andamur Pamplona).<\/p>\n<p><img decoding=\"async\" loading=\"lazy\" src=\"https:\/\/www.andamur.com\/wp-content\/uploads\/2023\/12\/Down-Lorca-Andamur-Lorca-705x1030.jpg\" alt=\"\" width=\"465\" height=\"679\" \/><\/p>\n<p><b>Down Lorca : Association pour les personnes atteintes du syndrome de Down et de d\u00e9ficience intellectuelle dans la r\u00e9gion de Lorca <\/b>(Andamur Lorca).<\/p>\n<p><img decoding=\"async\" loading=\"lazy\" src=\"https:\/\/www.andamur.com\/wp-content\/uploads\/2023\/12\/ASTEA-Andamur-El-Limite-858x1030.jpg\" alt=\"\" width=\"457\" height=\"549\" \/><\/p>\n<p><b>ASTEA : Association Autisme Almer\u00eda (Hu\u00e9rcal-Overa)<\/b> (Andamur El L\u00edmite).<\/p>\n<p>\u00c0 Andamur Guarrom\u00e1n, les entit\u00e9s r\u00e9gionale et locale ont \u00e9t\u00e9 \u00e0 \u00e9galit\u00e9 en nombre de votes, donc chaque organisation a re\u00e7u un don de 2.500 \u20ac.<\/p>\n<p><img decoding=\"async\" loading=\"lazy\" src=\"https:\/\/www.andamur.com\/wp-content\/uploads\/2023\/12\/ADACEA-Jaen-Andamur-Guarroman-797x1030.jpg\" alt=\"\" width=\"434\" height=\"561\" \/><\/p>\n<p><b>ADACEA Ja\u00e9n : Association des L\u00e9sions C\u00e9r\u00e9brales Acquises de Ja\u00e9n.<\/b><\/p>\n<p><img decoding=\"async\" loading=\"lazy\" src=\"https:\/\/www.andamur.com\/wp-content\/uploads\/2023\/12\/Asociacion-Carmelo-Seglar-Andamur-Guarroman-936x1030.jpg\" alt=\"\" width=\"433\" height=\"477\" \/><\/p>\n<p><b>Association Carmelo Seglar Linares : Travaillant \u00e0 am\u00e9liorer la qualit\u00e9 de vie des personnes \u00e2g\u00e9es de la r\u00e9gion.<\/b><\/p>\n<p>Andamur f\u00e9licite les 7 entit\u00e9s les plus vot\u00e9es et \u00e0 remercier le reste des projets de solidarit\u00e9 qui ont \u00e9galement sollicit\u00e9 la donation pour leur excellent travail quotidien, car leurs efforts sont plus que n\u00e9cessaires. Enfin, nous remercions nos clients pour leur soutien continu \u00e0 &#8220;Vous d\u00e9cidez&#8221; ann\u00e9e apr\u00e8s ann\u00e9e.<\/p>\n<h2>TU POURRAIS AUSSI AIMER&#8230;<\/h2>\n","protected":false},"excerpt":{"rendered":"<p>&#8220;Avec la cl\u00f4ture de cette \u00e9dition, ce sont d\u00e9j\u00e0 24 entit\u00e9s qui ont re\u00e7u le soutien d&#8217;Andamur pour continuer \u00e0 travailler sur ces projets si n\u00e9cessaires.&#8221; La quatri\u00e8me \u00e9dition de la campagne de solidarit\u00e9 &#8220;Vous d\u00e9cidez&#8221; arrive \u00e0 sa fin, soutenant une fois de plus d&#8217;importants projets caritatifs. Nos clients ont d\u00e9cid\u00e9 \u00e0 quelles grandes [&hellip;]<\/p>\n","protected":false},"author":1,"featured_media":46203,"comment_status":"closed","ping_status":"open","sticky":false,"template":"","format":"standard","meta":{"_acf_changed":false,"footnotes":""},"categories":[276],"tags":[],"class_list":["post-46170","post","type-post","status-publish","format-standard","has-post-thumbnail","hentry","category-nouvelles"],"acf":[],"yoast_head":"<!-- This site is optimized with the Yoast SEO plugin v25.4 - https:\/\/yoast.com\/wordpress\/plugins\/seo\/ -->\n<title>&quot;Vous d\u00e9cidez&quot; continue \u00e0 donner de la force et de l&#039;\u00e9lan \u00e0 ceux qui en ont le plus besoin. - Andamur<\/title>\n<meta name=\"robots\" content=\"index, follow, max-snippet:-1, max-image-preview:large, max-video-preview:-1\" \/>\n<link rel=\"canonical\" href=\"https:\/\/www.andamur.com\/fr\/nouvelles\/tu-decides-continue-de-fournir-force-et-elan-a-ceux-qui-en-ont-le-plus-besoin\/\" \/>\n<meta property=\"og:locale\" content=\"fr_FR\" \/>\n<meta property=\"og:type\" content=\"article\" \/>\n<meta property=\"og:title\" content=\"&quot;Vous d\u00e9cidez&quot; continue \u00e0 donner de la force et de l&#039;\u00e9lan \u00e0 ceux qui en ont le plus besoin. - Andamur\" \/>\n<meta property=\"og:description\" content=\"&#8220;Avec la cl\u00f4ture de cette \u00e9dition, ce sont d\u00e9j\u00e0 24 entit\u00e9s qui ont re\u00e7u le soutien d&#8217;Andamur pour continuer \u00e0 travailler sur ces projets si n\u00e9cessaires.&#8221; La quatri\u00e8me \u00e9dition de la campagne de solidarit\u00e9 &#8220;Vous d\u00e9cidez&#8221; arrive \u00e0 sa fin, soutenant une fois de plus d&#8217;importants projets caritatifs. Nos clients ont d\u00e9cid\u00e9 \u00e0 quelles grandes [&hellip;]\" \/>\n<meta property=\"og:url\" content=\"https:\/\/www.andamur.com\/fr\/nouvelles\/tu-decides-continue-de-fournir-force-et-elan-a-ceux-qui-en-ont-le-plus-besoin\/\" \/>\n<meta property=\"og:site_name\" content=\"Andamur\" \/>\n<meta property=\"article:publisher\" content=\"https:\/\/www.facebook.com\/AndamurEurope\/\" \/>\n<meta property=\"article:published_time\" content=\"2023-12-20T15:57:43+00:00\" \/>\n<meta property=\"article:modified_time\" content=\"2023-12-21T10:46:13+00:00\" \/>\n<meta property=\"og:image\" content=\"https:\/\/www.andamur.com\/wp-content\/uploads\/2023\/12\/ANFAS-Navarra-Andamur-Pamplona.jpg\" \/>\n\t<meta property=\"og:image:width\" content=\"1000\" \/>\n\t<meta property=\"og:image:height\" content=\"1000\" \/>\n\t<meta property=\"og:image:type\" content=\"image\/jpeg\" \/>\n<meta name=\"author\" content=\"andamur\" \/>\n<meta name=\"twitter:card\" content=\"summary_large_image\" \/>\n<meta name=\"twitter:creator\" content=\"@andamur_es\" \/>\n<meta name=\"twitter:site\" content=\"@andamur_es\" \/>\n<meta name=\"twitter:label1\" content=\"Written by\" \/>\n\t<meta name=\"twitter:data1\" content=\"andamur\" \/>\n\t<meta name=\"twitter:label2\" content=\"Est. reading time\" \/>\n\t<meta name=\"twitter:data2\" content=\"5 minutes\" \/>\n<script type=\"application\/ld+json\" class=\"yoast-schema-graph\">{\"@context\":\"https:\/\/schema.org\",\"@graph\":[{\"@type\":\"Article\",\"@id\":\"https:\/\/www.andamur.com\/fr\/nouvelles\/tu-decides-continue-de-fournir-force-et-elan-a-ceux-qui-en-ont-le-plus-besoin\/#article\",\"isPartOf\":{\"@id\":\"https:\/\/www.andamur.com\/fr\/nouvelles\/tu-decides-continue-de-fournir-force-et-elan-a-ceux-qui-en-ont-le-plus-besoin\/\"},\"author\":{\"name\":\"andamur\",\"@id\":\"https:\/\/www.andamur.com\/#\/schema\/person\/131577731140377fe26cac4f07cccb72\"},\"headline\":\"&#8220;Vous d\u00e9cidez&#8221; continue \u00e0 donner de la force et de l&#8217;\u00e9lan \u00e0 ceux qui en ont le plus besoin.\",\"datePublished\":\"2023-12-20T15:57:43+00:00\",\"dateModified\":\"2023-12-21T10:46:13+00:00\",\"mainEntityOfPage\":{\"@id\":\"https:\/\/www.andamur.com\/fr\/nouvelles\/tu-decides-continue-de-fournir-force-et-elan-a-ceux-qui-en-ont-le-plus-besoin\/\"},\"wordCount\":400,\"publisher\":{\"@id\":\"https:\/\/www.andamur.com\/#organization\"},\"image\":{\"@id\":\"https:\/\/www.andamur.com\/fr\/nouvelles\/tu-decides-continue-de-fournir-force-et-elan-a-ceux-qui-en-ont-le-plus-besoin\/#primaryimage\"},\"thumbnailUrl\":\"https:\/\/www.andamur.com\/wp-content\/uploads\/2023\/12\/ANFAS-Navarra-Andamur-Pamplona.jpg\",\"articleSection\":[\"Nouvelles\"],\"inLanguage\":\"fr-FR\"},{\"@type\":\"WebPage\",\"@id\":\"https:\/\/www.andamur.com\/fr\/nouvelles\/tu-decides-continue-de-fournir-force-et-elan-a-ceux-qui-en-ont-le-plus-besoin\/\",\"url\":\"https:\/\/www.andamur.com\/fr\/nouvelles\/tu-decides-continue-de-fournir-force-et-elan-a-ceux-qui-en-ont-le-plus-besoin\/\",\"name\":\"\\\"Vous d\u00e9cidez\\\" continue \u00e0 donner de la force et de l'\u00e9lan \u00e0 ceux qui en ont le plus besoin. - Andamur\",\"isPartOf\":{\"@id\":\"https:\/\/www.andamur.com\/#website\"},\"primaryImageOfPage\":{\"@id\":\"https:\/\/www.andamur.com\/fr\/nouvelles\/tu-decides-continue-de-fournir-force-et-elan-a-ceux-qui-en-ont-le-plus-besoin\/#primaryimage\"},\"image\":{\"@id\":\"https:\/\/www.andamur.com\/fr\/nouvelles\/tu-decides-continue-de-fournir-force-et-elan-a-ceux-qui-en-ont-le-plus-besoin\/#primaryimage\"},\"thumbnailUrl\":\"https:\/\/www.andamur.com\/wp-content\/uploads\/2023\/12\/ANFAS-Navarra-Andamur-Pamplona.jpg\",\"datePublished\":\"2023-12-20T15:57:43+00:00\",\"dateModified\":\"2023-12-21T10:46:13+00:00\",\"breadcrumb\":{\"@id\":\"https:\/\/www.andamur.com\/fr\/nouvelles\/tu-decides-continue-de-fournir-force-et-elan-a-ceux-qui-en-ont-le-plus-besoin\/#breadcrumb\"},\"inLanguage\":\"fr-FR\",\"potentialAction\":[{\"@type\":\"ReadAction\",\"target\":[\"https:\/\/www.andamur.com\/fr\/nouvelles\/tu-decides-continue-de-fournir-force-et-elan-a-ceux-qui-en-ont-le-plus-besoin\/\"]}]},{\"@type\":\"ImageObject\",\"inLanguage\":\"fr-FR\",\"@id\":\"https:\/\/www.andamur.com\/fr\/nouvelles\/tu-decides-continue-de-fournir-force-et-elan-a-ceux-qui-en-ont-le-plus-besoin\/#primaryimage\",\"url\":\"https:\/\/www.andamur.com\/wp-content\/uploads\/2023\/12\/ANFAS-Navarra-Andamur-Pamplona.jpg\",\"contentUrl\":\"https:\/\/www.andamur.com\/wp-content\/uploads\/2023\/12\/ANFAS-Navarra-Andamur-Pamplona.jpg\",\"width\":1000,\"height\":1000},{\"@type\":\"BreadcrumbList\",\"@id\":\"https:\/\/www.andamur.com\/fr\/nouvelles\/tu-decides-continue-de-fournir-force-et-elan-a-ceux-qui-en-ont-le-plus-besoin\/#breadcrumb\",\"itemListElement\":[{\"@type\":\"ListItem\",\"position\":1,\"name\":\"Portada\",\"item\":\"https:\/\/www.andamur.com\/fr\/\"},{\"@type\":\"ListItem\",\"position\":2,\"name\":\"Noticias\",\"item\":\"https:\/\/www.andamur.com\/noticias\/\"},{\"@type\":\"ListItem\",\"position\":3,\"name\":\"\u00abVous d\u00e9cidez\u00bb continue \u00e0 donner de la force et de l&#8217;\u00e9lan \u00e0 ceux qui en ont le plus besoin.\"}]},{\"@type\":\"WebSite\",\"@id\":\"https:\/\/www.andamur.com\/#website\",\"url\":\"https:\/\/www.andamur.com\/\",\"name\":\"Andamur\",\"description\":\"Cada viaje importa\",\"publisher\":{\"@id\":\"https:\/\/www.andamur.com\/#organization\"},\"inLanguage\":\"fr-FR\"},{\"@type\":\"Organization\",\"@id\":\"https:\/\/www.andamur.com\/#organization\",\"name\":\"Andamur\",\"url\":\"https:\/\/www.andamur.com\/\",\"logo\":{\"@type\":\"ImageObject\",\"inLanguage\":\"fr-FR\",\"@id\":\"https:\/\/www.andamur.com\/#\/schema\/logo\/image\/\",\"url\":\"https:\/\/www.andamur.com\/wp-content\/uploads\/2024\/02\/andamurogpic.jpg\",\"contentUrl\":\"https:\/\/www.andamur.com\/wp-content\/uploads\/2024\/02\/andamurogpic.jpg\",\"width\":1200,\"height\":630,\"caption\":\"Andamur\"},\"image\":{\"@id\":\"https:\/\/www.andamur.com\/#\/schema\/logo\/image\/\"},\"sameAs\":[\"https:\/\/www.facebook.com\/AndamurEurope\/\",\"https:\/\/x.com\/andamur_es\",\"https:\/\/www.instagram.com\/andamureurope\/\",\"https:\/\/www.youtube.com\/channel\/UCWP1SBl8J8SjUCcWBo_Uu1w\"]},{\"@type\":\"Person\",\"@id\":\"https:\/\/www.andamur.com\/#\/schema\/person\/131577731140377fe26cac4f07cccb72\",\"name\":\"andamur\",\"image\":{\"@type\":\"ImageObject\",\"inLanguage\":\"fr-FR\",\"@id\":\"https:\/\/www.andamur.com\/#\/schema\/person\/image\/\",\"url\":\"https:\/\/secure.gravatar.com\/avatar\/133ec8c8c0f653b06a023777fdc35962d922f161df68890737f028e35189a08f?s=96&d=mm&r=g\",\"contentUrl\":\"https:\/\/secure.gravatar.com\/avatar\/133ec8c8c0f653b06a023777fdc35962d922f161df68890737f028e35189a08f?s=96&d=mm&r=g\",\"caption\":\"andamur\"}}]}<\/script>\n<!-- \/ Yoast SEO plugin. -->","yoast_head_json":{"title":"\"Vous d\u00e9cidez\" continue \u00e0 donner de la force et de l'\u00e9lan \u00e0 ceux qui en ont le plus besoin. - Andamur","robots":{"index":"index","follow":"follow","max-snippet":"max-snippet:-1","max-image-preview":"max-image-preview:large","max-video-preview":"max-video-preview:-1"},"canonical":"https:\/\/www.andamur.com\/fr\/nouvelles\/tu-decides-continue-de-fournir-force-et-elan-a-ceux-qui-en-ont-le-plus-besoin\/","og_locale":"fr_FR","og_type":"article","og_title":"\"Vous d\u00e9cidez\" continue \u00e0 donner de la force et de l'\u00e9lan \u00e0 ceux qui en ont le plus besoin. - Andamur","og_description":"&#8220;Avec la cl\u00f4ture de cette \u00e9dition, ce sont d\u00e9j\u00e0 24 entit\u00e9s qui ont re\u00e7u le soutien d&#8217;Andamur pour continuer \u00e0 travailler sur ces projets si n\u00e9cessaires.&#8221; La quatri\u00e8me \u00e9dition de la campagne de solidarit\u00e9 &#8220;Vous d\u00e9cidez&#8221; arrive \u00e0 sa fin, soutenant une fois de plus d&#8217;importants projets caritatifs. Nos clients ont d\u00e9cid\u00e9 \u00e0 quelles grandes [&hellip;]","og_url":"https:\/\/www.andamur.com\/fr\/nouvelles\/tu-decides-continue-de-fournir-force-et-elan-a-ceux-qui-en-ont-le-plus-besoin\/","og_site_name":"Andamur","article_publisher":"https:\/\/www.facebook.com\/AndamurEurope\/","article_published_time":"2023-12-20T15:57:43+00:00","article_modified_time":"2023-12-21T10:46:13+00:00","og_image":[{"width":1000,"height":1000,"url":"https:\/\/www.andamur.com\/wp-content\/uploads\/2023\/12\/ANFAS-Navarra-Andamur-Pamplona.jpg","type":"image\/jpeg"}],"author":"andamur","twitter_card":"summary_large_image","twitter_creator":"@andamur_es","twitter_site":"@andamur_es","twitter_misc":{"Written by":"andamur","Est. reading time":"5 minutes"},"schema":{"@context":"https:\/\/schema.org","@graph":[{"@type":"Article","@id":"https:\/\/www.andamur.com\/fr\/nouvelles\/tu-decides-continue-de-fournir-force-et-elan-a-ceux-qui-en-ont-le-plus-besoin\/#article","isPartOf":{"@id":"https:\/\/www.andamur.com\/fr\/nouvelles\/tu-decides-continue-de-fournir-force-et-elan-a-ceux-qui-en-ont-le-plus-besoin\/"},"author":{"name":"andamur","@id":"https:\/\/www.andamur.com\/#\/schema\/person\/131577731140377fe26cac4f07cccb72"},"headline":"&#8220;Vous d\u00e9cidez&#8221; continue \u00e0 donner de la force et de l&#8217;\u00e9lan \u00e0 ceux qui en ont le plus besoin.","datePublished":"2023-12-20T15:57:43+00:00","dateModified":"2023-12-21T10:46:13+00:00","mainEntityOfPage":{"@id":"https:\/\/www.andamur.com\/fr\/nouvelles\/tu-decides-continue-de-fournir-force-et-elan-a-ceux-qui-en-ont-le-plus-besoin\/"},"wordCount":400,"publisher":{"@id":"https:\/\/www.andamur.com\/#organization"},"image":{"@id":"https:\/\/www.andamur.com\/fr\/nouvelles\/tu-decides-continue-de-fournir-force-et-elan-a-ceux-qui-en-ont-le-plus-besoin\/#primaryimage"},"thumbnailUrl":"https:\/\/www.andamur.com\/wp-content\/uploads\/2023\/12\/ANFAS-Navarra-Andamur-Pamplona.jpg","articleSection":["Nouvelles"],"inLanguage":"fr-FR"},{"@type":"WebPage","@id":"https:\/\/www.andamur.com\/fr\/nouvelles\/tu-decides-continue-de-fournir-force-et-elan-a-ceux-qui-en-ont-le-plus-besoin\/","url":"https:\/\/www.andamur.com\/fr\/nouvelles\/tu-decides-continue-de-fournir-force-et-elan-a-ceux-qui-en-ont-le-plus-besoin\/","name":"\"Vous d\u00e9cidez\" continue \u00e0 donner de la force et de l'\u00e9lan \u00e0 ceux qui en ont le plus besoin. - Andamur","isPartOf":{"@id":"https:\/\/www.andamur.com\/#website"},"primaryImageOfPage":{"@id":"https:\/\/www.andamur.com\/fr\/nouvelles\/tu-decides-continue-de-fournir-force-et-elan-a-ceux-qui-en-ont-le-plus-besoin\/#primaryimage"},"image":{"@id":"https:\/\/www.andamur.com\/fr\/nouvelles\/tu-decides-continue-de-fournir-force-et-elan-a-ceux-qui-en-ont-le-plus-besoin\/#primaryimage"},"thumbnailUrl":"https:\/\/www.andamur.com\/wp-content\/uploads\/2023\/12\/ANFAS-Navarra-Andamur-Pamplona.jpg","datePublished":"2023-12-20T15:57:43+00:00","dateModified":"2023-12-21T10:46:13+00:00","breadcrumb":{"@id":"https:\/\/www.andamur.com\/fr\/nouvelles\/tu-decides-continue-de-fournir-force-et-elan-a-ceux-qui-en-ont-le-plus-besoin\/#breadcrumb"},"inLanguage":"fr-FR","potentialAction":[{"@type":"ReadAction","target":["https:\/\/www.andamur.com\/fr\/nouvelles\/tu-decides-continue-de-fournir-force-et-elan-a-ceux-qui-en-ont-le-plus-besoin\/"]}]},{"@type":"ImageObject","inLanguage":"fr-FR","@id":"https:\/\/www.andamur.com\/fr\/nouvelles\/tu-decides-continue-de-fournir-force-et-elan-a-ceux-qui-en-ont-le-plus-besoin\/#primaryimage","url":"https:\/\/www.andamur.com\/wp-content\/uploads\/2023\/12\/ANFAS-Navarra-Andamur-Pamplona.jpg","contentUrl":"https:\/\/www.andamur.com\/wp-content\/uploads\/2023\/12\/ANFAS-Navarra-Andamur-Pamplona.jpg","width":1000,"height":1000},{"@type":"BreadcrumbList","@id":"https:\/\/www.andamur.com\/fr\/nouvelles\/tu-decides-continue-de-fournir-force-et-elan-a-ceux-qui-en-ont-le-plus-besoin\/#breadcrumb","itemListElement":[{"@type":"ListItem","position":1,"name":"Portada","item":"https:\/\/www.andamur.com\/fr\/"},{"@type":"ListItem","position":2,"name":"Noticias","item":"https:\/\/www.andamur.com\/noticias\/"},{"@type":"ListItem","position":3,"name":"\u00abVous d\u00e9cidez\u00bb continue \u00e0 donner de la force et de l&#8217;\u00e9lan \u00e0 ceux qui en ont le plus besoin."}]},{"@type":"WebSite","@id":"https:\/\/www.andamur.com\/#website","url":"https:\/\/www.andamur.com\/","name":"Andamur","description":"Cada viaje importa","publisher":{"@id":"https:\/\/www.andamur.com\/#organization"},"inLanguage":"fr-FR"},{"@type":"Organization","@id":"https:\/\/www.andamur.com\/#organization","name":"Andamur","url":"https:\/\/www.andamur.com\/","logo":{"@type":"ImageObject","inLanguage":"fr-FR","@id":"https:\/\/www.andamur.com\/#\/schema\/logo\/image\/","url":"https:\/\/www.andamur.com\/wp-content\/uploads\/2024\/02\/andamurogpic.jpg","contentUrl":"https:\/\/www.andamur.com\/wp-content\/uploads\/2024\/02\/andamurogpic.jpg","width":1200,"height":630,"caption":"Andamur"},"image":{"@id":"https:\/\/www.andamur.com\/#\/schema\/logo\/image\/"},"sameAs":["https:\/\/www.facebook.com\/AndamurEurope\/","https:\/\/x.com\/andamur_es","https:\/\/www.instagram.com\/andamureurope\/","https:\/\/www.youtube.com\/channel\/UCWP1SBl8J8SjUCcWBo_Uu1w"]},{"@type":"Person","@id":"https:\/\/www.andamur.com\/#\/schema\/person\/131577731140377fe26cac4f07cccb72","name":"andamur","image":{"@type":"ImageObject","inLanguage":"fr-FR","@id":"https:\/\/www.andamur.com\/#\/schema\/person\/image\/","url":"https:\/\/secure.gravatar.com\/avatar\/133ec8c8c0f653b06a023777fdc35962d922f161df68890737f028e35189a08f?s=96&d=mm&r=g","contentUrl":"https:\/\/secure.gravatar.com\/avatar\/133ec8c8c0f653b06a023777fdc35962d922f161df68890737f028e35189a08f?s=96&d=mm&r=g","caption":"andamur"}}]}},"_links":{"self":[{"href":"https:\/\/www.andamur.com\/fr\/wp-json\/wp\/v2\/posts\/46170","targetHints":{"allow":["GET"]}}],"collection":[{"href":"https:\/\/www.andamur.com\/fr\/wp-json\/wp\/v2\/posts"}],"about":[{"href":"https:\/\/www.andamur.com\/fr\/wp-json\/wp\/v2\/types\/post"}],"author":[{"embeddable":true,"href":"https:\/\/www.andamur.com\/fr\/wp-json\/wp\/v2\/users\/1"}],"replies":[{"embeddable":true,"href":"https:\/\/www.andamur.com\/fr\/wp-json\/wp\/v2\/comments?post=46170"}],"version-history":[{"count":0,"href":"https:\/\/www.andamur.com\/fr\/wp-json\/wp\/v2\/posts\/46170\/revisions"}],"wp:featuredmedia":[{"embeddable":true,"href":"https:\/\/www.andamur.com\/fr\/wp-json\/wp\/v2\/media\/46203"}],"wp:attachment":[{"href":"https:\/\/www.andamur.com\/fr\/wp-json\/wp\/v2\/media?parent=46170"}],"wp:term":[{"taxonomy":"category","embeddable":true,"href":"https:\/\/www.andamur.com\/fr\/wp-json\/wp\/v2\/categories?post=46170"},{"taxonomy":"post_tag","embeddable":true,"href":"https:\/\/www.andamur.com\/fr\/wp-json\/wp\/v2\/tags?post=46170"}],"curies":[{"name":"wp","href":"https:\/\/api.w.org\/{rel}","templated":true}]}}