{"id":44996,"date":"2023-11-09T10:47:53","date_gmt":"2023-11-09T09:47:53","guid":{"rendered":"https:\/\/www.andamur.com\/?p=44996"},"modified":"2023-11-09T10:47:53","modified_gmt":"2023-11-09T09:47:53","slug":"andamur-organise-une-nouvelle-journee-de-volontariat-environnemental-en-collaboration-avec-naturactua-pour-nettoyer-les-plages-du-parc-regional-de-cope-calnegre","status":"publish","type":"post","link":"https:\/\/www.andamur.com\/fr\/nouvelles\/andamur-organise-une-nouvelle-journee-de-volontariat-environnemental-en-collaboration-avec-naturactua-pour-nettoyer-les-plages-du-parc-regional-de-cope-calnegre\/","title":{"rendered":"Andamur organise une nouvelle journ\u00e9e de volontariat environnemental en collaboration avec NaturActua pour nettoyer les plages du parc r\u00e9gional de Cope-Calnegre"},"content":{"rendered":"<p><img decoding=\"async\" loading=\"lazy\" src=\"https:\/\/www.andamur.com\/wp-content\/uploads\/2023\/11\/Andamur-limpieza-de-playas.jpg\" alt=\"\" width=\"1000\" height=\"751\" \/><\/p>\n<h2>\u00abPour la troisi\u00e8me ann\u00e9e cons\u00e9cutive, les membres de l\u2019\u00e9quipe d\u2019Andamur et leurs familles ont particip\u00e9 \u00e0 cette action de nettoyage des espaces naturels\u00bb<\/h2>\n<p>Descubre nuestras nuevas localizaciones en Europa.<\/p>\n<p>La journ\u00e9e s\u2019est d\u00e9roul\u00e9e \u00e0 la <b>plage de Rafal<\/b> et sur la promenade du m\u00eame nom. Ce site poss\u00e8de un bosquet de tamaris qu\u2019il est tr\u00e8s important d\u2019entretenir et de prot\u00e9ger. Il y a \u00e9galement d\u2019autres v\u00e9g\u00e9taux naturels dignes d\u00b4int\u00e9r\u00eat dans la r\u00e9gion, tels que la salicorne.<\/p>\n<p><b>Au cours de la journ\u00e9e, une zone d\u2019environ un hectare entre la plage et la zone de promenade a \u00e9t\u00e9 pass\u00e9e au peigne fin et un total de 115 kilos de d\u00e9chets ont \u00e9t\u00e9 collect\u00e9s<\/b>. Principalement des d\u00e9chets li\u00e9s \u00e0 l\u2019agriculture, parmi lesquels on peut souligner : les plastiques de serre, les plastiques de paillis, les tuyaux et les caoutchoucs d\u2019irrigation. Et puis une autre s\u00e9rie de d\u00e9chets li\u00e9s au tourisme c\u00f4tier, ainsi qu\u00b4une grande quantit\u00e9 de microplastiques.<\/p>\n<p>Il convient de noter que le fond marin de la zone est sablonneux et avec des formations rocheuses, ce qui provoque une plus grande accumulation de d\u00e9chets dans la zone car ils y restent ancr\u00e9s. <b>Cette ann\u00e9e, nous avons \u00e9galement eu l\u2019occasion d\u2019en savoir un peu plus sur ce dernier et sur le type de d\u00e9chets que l\u2019on peut y trouver, puisque l\u2019un des membres de Natur\u00c1ct\u00faa y a plong\u00e9 pour ensuite partager avec toute l\u2019\u00e9quipe de b\u00e9n\u00e9voles le r\u00e9sultat de son action de nettoyage sous-marin.<\/b><\/p>\n<p>Cette ann\u00e9e encore, nous tenons \u00e0 remercier tous les coll\u00e8gues de l\u2019\u00e9quipe d\u2019Andamur, ainsi que leurs familles et les b\u00e9n\u00e9voles de NaturActua qui ont rejoint l\u2019activit\u00e9. C\u2019est l\u2019une des actions de volontariat d\u2019entreprise que nous menons \u00e0 bien chez Andamur avec celles de la plantation de la for\u00eat Andamur, entre autres.<\/p>\n<p>Notre engagement envers l\u2019environnement est imparable. L\u2019un des principaux piliers de notre plan RSE \u00ab\u00a0We Care What Matters\u00a0\u00bb est l\u2019environnement et, avec cette action d\u2019am\u00e9lioration et de protection de l\u2019environnement, chez Andamur, nous avons l\u2019intention de sensibiliser la soci\u00e9t\u00e9 \u00e0 l\u2019importance d\u2019agir de mani\u00e8re responsable pour maintenir les ressources existantes sans les mettre en danger pour les g\u00e9n\u00e9rations futures. Dans le cadre de notre engagement en faveur des objectifs de d\u00e9veloppement durable, en particulier l\u2019ODD 13 Action pour le climat, l\u2019ODD 14 Vie sous-marine et l\u2019ODD 15 Vie des \u00e9cosyst\u00e8mes terrestres.<\/p>\n<section class=\"ecoded_shortcode_gallery\"><article data-src=\"https:\/\/www.andamur.com\/wp-content\/uploads\/2023\/11\/20231104_104728-1.jpg\" data-sub-html=\"\" data-lg-id=\"a8ffafcf-837a-447d-a660-efcc1dfc947a\"><figure><img decoding=\"async\" loading=\"lazy\" src=\"https:\/\/www.andamur.com\/wp-content\/uploads\/2023\/11\/20231104_104728-1-300x225.jpg\" alt=\"\"><\/figure><\/article><article data-src=\"https:\/\/www.andamur.com\/wp-content\/uploads\/2023\/11\/20231104_111049-1.jpg\" data-sub-html=\"\" data-lg-id=\"01a6bfe9-831d-4dee-8960-f50b0467510a\"><figure><img decoding=\"async\" loading=\"lazy\" src=\"https:\/\/www.andamur.com\/wp-content\/uploads\/2023\/11\/20231104_111049-1-225x300.jpg\" alt=\"\"><\/figure><\/article><article data-src=\"https:\/\/www.andamur.com\/wp-content\/uploads\/2023\/11\/20231104_112108-1.jpg\" data-sub-html=\"\" data-lg-id=\"9d91fd41-ad51-4b18-a684-a2b6c56a3005\"><figure><img decoding=\"async\" loading=\"lazy\" src=\"https:\/\/www.andamur.com\/wp-content\/uploads\/2023\/11\/20231104_112108-1-225x300.jpg\" alt=\"\"><\/figure><\/article><article data-src=\"https:\/\/www.andamur.com\/wp-content\/uploads\/2023\/11\/20231104_112229-1.jpg\" data-sub-html=\"\" data-lg-id=\"545710bf-96af-4fcd-ac0b-76eefed23de5\"><figure><img decoding=\"async\" loading=\"lazy\" src=\"https:\/\/www.andamur.com\/wp-content\/uploads\/2023\/11\/20231104_112229-1-225x300.jpg\" alt=\"\"><\/figure><\/article><article data-src=\"https:\/\/www.andamur.com\/wp-content\/uploads\/2023\/11\/20231104_113300-1.jpg\" data-sub-html=\"\" data-lg-id=\"f5302e46-b34f-450b-81db-9d3e94a60d50\"><figure><img decoding=\"async\" loading=\"lazy\" src=\"https:\/\/www.andamur.com\/wp-content\/uploads\/2023\/11\/20231104_113300-1-225x300.jpg\" alt=\"\"><\/figure><\/article><article data-src=\"https:\/\/www.andamur.com\/wp-content\/uploads\/2023\/11\/20231104_115851-1.jpg\" data-sub-html=\"\" data-lg-id=\"aa8ef05c-51a5-4957-bdae-09441458d21e\"><figure><img decoding=\"async\" loading=\"lazy\" src=\"https:\/\/www.andamur.com\/wp-content\/uploads\/2023\/11\/20231104_115851-1-225x300.jpg\" alt=\"\"><\/figure><\/article><article data-src=\"https:\/\/www.andamur.com\/wp-content\/uploads\/2023\/11\/20231104_120101-1.jpg\" data-sub-html=\"\" data-lg-id=\"635a5fab-bf19-41b6-888a-3f7b8f681898\"><figure><img decoding=\"async\" loading=\"lazy\" src=\"https:\/\/www.andamur.com\/wp-content\/uploads\/2023\/11\/20231104_120101-1-225x300.jpg\" alt=\"\"><\/figure><\/article><article data-src=\"https:\/\/www.andamur.com\/wp-content\/uploads\/2023\/11\/20231104_120144-1.jpg\" data-sub-html=\"\" data-lg-id=\"27700e1e-8df5-4f94-97b2-e669df1c5211\"><figure><img decoding=\"async\" loading=\"lazy\" src=\"https:\/\/www.andamur.com\/wp-content\/uploads\/2023\/11\/20231104_120144-1-225x300.jpg\" alt=\"\"><\/figure><\/article><article data-src=\"https:\/\/www.andamur.com\/wp-content\/uploads\/2023\/11\/20231104_120857-1.jpg\" data-sub-html=\"\" data-lg-id=\"0e45a424-4854-420b-b0d0-20b32c134c64\"><figure><img decoding=\"async\" loading=\"lazy\" src=\"https:\/\/www.andamur.com\/wp-content\/uploads\/2023\/11\/20231104_120857-1-225x300.jpg\" alt=\"\"><\/figure><\/article><article data-src=\"https:\/\/www.andamur.com\/wp-content\/uploads\/2023\/11\/20231104_121028-1.jpg\" data-sub-html=\"\" data-lg-id=\"ed02174c-e014-4715-b227-9223264dd904\"><figure><img decoding=\"async\" loading=\"lazy\" src=\"https:\/\/www.andamur.com\/wp-content\/uploads\/2023\/11\/20231104_121028-1-225x300.jpg\" alt=\"\"><\/figure><\/article><article data-src=\"https:\/\/www.andamur.com\/wp-content\/uploads\/2023\/11\/20231104_121916-1.jpg\" data-sub-html=\"\" data-lg-id=\"15bb8d36-0d64-4160-949b-54987b0380c4\"><figure><img decoding=\"async\" loading=\"lazy\" src=\"https:\/\/www.andamur.com\/wp-content\/uploads\/2023\/11\/20231104_121916-1-225x300.jpg\" alt=\"\"><\/figure><\/article><article data-src=\"https:\/\/www.andamur.com\/wp-content\/uploads\/2023\/11\/20231104_121924-1.jpg\" data-sub-html=\"\" data-lg-id=\"0cb70f92-a4e9-4e3f-a1b4-d5737c9e3dad\"><figure><img decoding=\"async\" loading=\"lazy\" src=\"https:\/\/www.andamur.com\/wp-content\/uploads\/2023\/11\/20231104_121924-1-225x300.jpg\" alt=\"\"><\/figure><\/article><article data-src=\"https:\/\/www.andamur.com\/wp-content\/uploads\/2023\/11\/PB040022-1.jpg\" data-sub-html=\"\" data-lg-id=\"978008a3-1bf1-4d79-9dc7-3e05445a7e80\"><figure><img decoding=\"async\" loading=\"lazy\" src=\"https:\/\/www.andamur.com\/wp-content\/uploads\/2023\/11\/PB040022-1-300x225.jpg\" alt=\"\"><\/figure><\/article><article data-src=\"https:\/\/www.andamur.com\/wp-content\/uploads\/2023\/11\/PB040023-1.jpg\" data-sub-html=\"\" data-lg-id=\"2dd386c2-ac2e-4942-a485-d20f15d56f2c\"><figure><img decoding=\"async\" loading=\"lazy\" src=\"https:\/\/www.andamur.com\/wp-content\/uploads\/2023\/11\/PB040023-1-300x225.jpg\" alt=\"\"><\/figure><\/article><article data-src=\"https:\/\/www.andamur.com\/wp-content\/uploads\/2023\/11\/PB040025-1.jpg\" data-sub-html=\"\" data-lg-id=\"84c54919-4097-4c63-8bd0-b8f45c34ae07\"><figure><img decoding=\"async\" loading=\"lazy\" src=\"https:\/\/www.andamur.com\/wp-content\/uploads\/2023\/11\/PB040025-1-300x225.jpg\" alt=\"\"><\/figure><\/article><article data-src=\"https:\/\/www.andamur.com\/wp-content\/uploads\/2023\/11\/PB040026-1.jpg\" data-sub-html=\"\" data-lg-id=\"613bff5a-2d06-4d28-bf85-3d8c5a2c3f28\"><figure><img decoding=\"async\" loading=\"lazy\" src=\"https:\/\/www.andamur.com\/wp-content\/uploads\/2023\/11\/PB040026-1-300x225.jpg\" alt=\"\"><\/figure><\/article><article data-src=\"https:\/\/www.andamur.com\/wp-content\/uploads\/2023\/11\/PB040034-1.jpg\" data-sub-html=\"\" data-lg-id=\"c60b523f-499c-4cde-82de-1bbca74fc0bf\"><figure><img decoding=\"async\" loading=\"lazy\" src=\"https:\/\/www.andamur.com\/wp-content\/uploads\/2023\/11\/PB040034-1-300x230.jpg\" alt=\"\"><\/figure><\/article><article data-src=\"https:\/\/www.andamur.com\/wp-content\/uploads\/2023\/11\/20231104_102806-1.jpg\" data-sub-html=\"\" data-lg-id=\"f2378f0f-f23f-4da0-a0c9-da335c18fcb5\"><figure><img decoding=\"async\" loading=\"lazy\" src=\"https:\/\/www.andamur.com\/wp-content\/uploads\/2023\/11\/20231104_102806-1-225x300.jpg\" alt=\"\"><\/figure><\/article><article data-src=\"https:\/\/www.andamur.com\/wp-content\/uploads\/2023\/11\/PB040035-1.jpg\" data-sub-html=\"\" data-lg-id=\"c9ec71d1-8551-4809-9fce-8a1e838c2178\"><figure><img decoding=\"async\" loading=\"lazy\" src=\"https:\/\/www.andamur.com\/wp-content\/uploads\/2023\/11\/PB040035-1-300x225.jpg\" alt=\"\"><\/figure><\/article><article data-src=\"https:\/\/www.andamur.com\/wp-content\/uploads\/2023\/11\/PXL_20231104_112815339-1.jpg\" data-sub-html=\"\" data-lg-id=\"e9b2e8b2-6e65-4ba7-b775-b62d26abb821\"><figure><img decoding=\"async\" loading=\"lazy\" src=\"https:\/\/www.andamur.com\/wp-content\/uploads\/2023\/11\/PXL_20231104_112815339-1-300x225.jpg\" alt=\"\"><\/figure><\/article><\/section><script type=\"text\/javascript\">\n\n        window.addEventListener( \"ecode_load\", function ( event ) {\n\n            if ( document.getElementsByClassName( \"ecoded_shortcode_gallery\" ).length != 0 ) {\n\n                ecode_initialize_shortcode_gallery();\n\n            }\n\n        }, false );\n\n        function ecode_initialize_shortcode_gallery() {\n\n            array_shortcode_gallery = document.getElementsByClassName( \"ecoded_shortcode_gallery\" );\n\n            for ( var i = 0; i < array_shortcode_gallery.length; i++ ) {\n\n                const shortcode_gallery = lightGallery( array_shortcode_gallery[i], {\n                    loop: true,\n                    download: false,\n                    closeOnTap: true,\n                    controls: false,\n                    licenseKey: \"1\",\n                });\n\n            }\n\n        }\n\n\t<\/script>\n<h2> VOUS POUVEZ AUSSI AIMER<\/h2>\n","protected":false},"excerpt":{"rendered":"<p>\u00abPour la troisi\u00e8me ann\u00e9e cons\u00e9cutive, les membres de l\u2019\u00e9quipe d\u2019Andamur et leurs familles ont particip\u00e9 \u00e0 cette action de nettoyage des espaces naturels\u00bb Descubre nuestras nuevas localizaciones en Europa. La journ\u00e9e s\u2019est d\u00e9roul\u00e9e \u00e0 la plage de Rafal et sur la promenade du m\u00eame nom. Ce site poss\u00e8de un bosquet de tamaris qu\u2019il est tr\u00e8s [&hellip;]<\/p>\n","protected":false},"author":1,"featured_media":45127,"comment_status":"closed","ping_status":"open","sticky":false,"template":"","format":"standard","meta":{"_acf_changed":false,"footnotes":""},"categories":[276],"tags":[],"class_list":["post-44996","post","type-post","status-publish","format-standard","has-post-thumbnail","hentry","category-nouvelles"],"acf":[],"yoast_head":"<!-- This site is optimized with the Yoast SEO plugin v25.4 - https:\/\/yoast.com\/wordpress\/plugins\/seo\/ -->\n<title>Andamur organise une nouvelle journ\u00e9e de volontariat environnemental en collaboration avec NaturActua pour nettoyer les plages du parc r\u00e9gional de Cope-Calnegre - Andamur<\/title>\n<meta name=\"robots\" content=\"index, follow, max-snippet:-1, max-image-preview:large, max-video-preview:-1\" \/>\n<link rel=\"canonical\" href=\"https:\/\/www.andamur.com\/fr\/nouvelles\/andamur-organise-une-nouvelle-journee-de-volontariat-environnemental-en-collaboration-avec-naturactua-pour-nettoyer-les-plages-du-parc-regional-de-cope-calnegre\/\" \/>\n<meta property=\"og:locale\" content=\"fr_FR\" \/>\n<meta property=\"og:type\" content=\"article\" \/>\n<meta property=\"og:title\" content=\"Andamur organise une nouvelle journ\u00e9e de volontariat environnemental en collaboration avec NaturActua pour nettoyer les plages du parc r\u00e9gional de Cope-Calnegre - Andamur\" \/>\n<meta property=\"og:description\" content=\"\u00abPour la troisi\u00e8me ann\u00e9e cons\u00e9cutive, les membres de l\u2019\u00e9quipe d\u2019Andamur et leurs familles ont particip\u00e9 \u00e0 cette action de nettoyage des espaces naturels\u00bb Descubre nuestras nuevas localizaciones en Europa. La journ\u00e9e s\u2019est d\u00e9roul\u00e9e \u00e0 la plage de Rafal et sur la promenade du m\u00eame nom. Ce site poss\u00e8de un bosquet de tamaris qu\u2019il est tr\u00e8s [&hellip;]\" \/>\n<meta property=\"og:url\" content=\"https:\/\/www.andamur.com\/fr\/nouvelles\/andamur-organise-une-nouvelle-journee-de-volontariat-environnemental-en-collaboration-avec-naturactua-pour-nettoyer-les-plages-du-parc-regional-de-cope-calnegre\/\" \/>\n<meta property=\"og:site_name\" content=\"Andamur\" \/>\n<meta property=\"article:publisher\" content=\"https:\/\/www.facebook.com\/AndamurEurope\/\" \/>\n<meta property=\"article:published_time\" content=\"2023-11-09T09:47:53+00:00\" \/>\n<meta property=\"og:image\" content=\"https:\/\/www.andamur.com\/wp-content\/uploads\/2023\/11\/Andamur-limpieza-de-playas-1.jpg\" \/>\n\t<meta property=\"og:image:width\" content=\"1000\" \/>\n\t<meta property=\"og:image:height\" content=\"751\" \/>\n\t<meta property=\"og:image:type\" content=\"image\/jpeg\" \/>\n<meta name=\"author\" content=\"andamur\" \/>\n<meta name=\"twitter:card\" content=\"summary_large_image\" \/>\n<meta name=\"twitter:creator\" content=\"@andamur_es\" \/>\n<meta name=\"twitter:site\" content=\"@andamur_es\" \/>\n<meta name=\"twitter:label1\" content=\"Written by\" \/>\n\t<meta name=\"twitter:data1\" content=\"andamur\" \/>\n\t<meta name=\"twitter:label2\" content=\"Est. reading time\" \/>\n\t<meta name=\"twitter:data2\" content=\"4 minutes\" \/>\n<script type=\"application\/ld+json\" class=\"yoast-schema-graph\">{\"@context\":\"https:\/\/schema.org\",\"@graph\":[{\"@type\":\"Article\",\"@id\":\"https:\/\/www.andamur.com\/fr\/nouvelles\/andamur-organise-une-nouvelle-journee-de-volontariat-environnemental-en-collaboration-avec-naturactua-pour-nettoyer-les-plages-du-parc-regional-de-cope-calnegre\/#article\",\"isPartOf\":{\"@id\":\"https:\/\/www.andamur.com\/fr\/nouvelles\/andamur-organise-une-nouvelle-journee-de-volontariat-environnemental-en-collaboration-avec-naturactua-pour-nettoyer-les-plages-du-parc-regional-de-cope-calnegre\/\"},\"author\":{\"name\":\"andamur\",\"@id\":\"https:\/\/www.andamur.com\/#\/schema\/person\/131577731140377fe26cac4f07cccb72\"},\"headline\":\"Andamur organise une nouvelle journ\u00e9e de volontariat environnemental en collaboration avec NaturActua pour nettoyer les plages du parc r\u00e9gional de Cope-Calnegre\",\"datePublished\":\"2023-11-09T09:47:53+00:00\",\"mainEntityOfPage\":{\"@id\":\"https:\/\/www.andamur.com\/fr\/nouvelles\/andamur-organise-une-nouvelle-journee-de-volontariat-environnemental-en-collaboration-avec-naturactua-pour-nettoyer-les-plages-du-parc-regional-de-cope-calnegre\/\"},\"wordCount\":481,\"publisher\":{\"@id\":\"https:\/\/www.andamur.com\/#organization\"},\"image\":{\"@id\":\"https:\/\/www.andamur.com\/fr\/nouvelles\/andamur-organise-une-nouvelle-journee-de-volontariat-environnemental-en-collaboration-avec-naturactua-pour-nettoyer-les-plages-du-parc-regional-de-cope-calnegre\/#primaryimage\"},\"thumbnailUrl\":\"https:\/\/www.andamur.com\/wp-content\/uploads\/2023\/11\/Andamur-limpieza-de-playas-1.jpg\",\"articleSection\":[\"Nouvelles\"],\"inLanguage\":\"fr-FR\"},{\"@type\":\"WebPage\",\"@id\":\"https:\/\/www.andamur.com\/fr\/nouvelles\/andamur-organise-une-nouvelle-journee-de-volontariat-environnemental-en-collaboration-avec-naturactua-pour-nettoyer-les-plages-du-parc-regional-de-cope-calnegre\/\",\"url\":\"https:\/\/www.andamur.com\/fr\/nouvelles\/andamur-organise-une-nouvelle-journee-de-volontariat-environnemental-en-collaboration-avec-naturactua-pour-nettoyer-les-plages-du-parc-regional-de-cope-calnegre\/\",\"name\":\"Andamur organise une nouvelle journ\u00e9e de volontariat environnemental en collaboration avec NaturActua pour nettoyer les plages du parc r\u00e9gional de Cope-Calnegre - Andamur\",\"isPartOf\":{\"@id\":\"https:\/\/www.andamur.com\/#website\"},\"primaryImageOfPage\":{\"@id\":\"https:\/\/www.andamur.com\/fr\/nouvelles\/andamur-organise-une-nouvelle-journee-de-volontariat-environnemental-en-collaboration-avec-naturactua-pour-nettoyer-les-plages-du-parc-regional-de-cope-calnegre\/#primaryimage\"},\"image\":{\"@id\":\"https:\/\/www.andamur.com\/fr\/nouvelles\/andamur-organise-une-nouvelle-journee-de-volontariat-environnemental-en-collaboration-avec-naturactua-pour-nettoyer-les-plages-du-parc-regional-de-cope-calnegre\/#primaryimage\"},\"thumbnailUrl\":\"https:\/\/www.andamur.com\/wp-content\/uploads\/2023\/11\/Andamur-limpieza-de-playas-1.jpg\",\"datePublished\":\"2023-11-09T09:47:53+00:00\",\"breadcrumb\":{\"@id\":\"https:\/\/www.andamur.com\/fr\/nouvelles\/andamur-organise-une-nouvelle-journee-de-volontariat-environnemental-en-collaboration-avec-naturactua-pour-nettoyer-les-plages-du-parc-regional-de-cope-calnegre\/#breadcrumb\"},\"inLanguage\":\"fr-FR\",\"potentialAction\":[{\"@type\":\"ReadAction\",\"target\":[\"https:\/\/www.andamur.com\/fr\/nouvelles\/andamur-organise-une-nouvelle-journee-de-volontariat-environnemental-en-collaboration-avec-naturactua-pour-nettoyer-les-plages-du-parc-regional-de-cope-calnegre\/\"]}]},{\"@type\":\"ImageObject\",\"inLanguage\":\"fr-FR\",\"@id\":\"https:\/\/www.andamur.com\/fr\/nouvelles\/andamur-organise-une-nouvelle-journee-de-volontariat-environnemental-en-collaboration-avec-naturactua-pour-nettoyer-les-plages-du-parc-regional-de-cope-calnegre\/#primaryimage\",\"url\":\"https:\/\/www.andamur.com\/wp-content\/uploads\/2023\/11\/Andamur-limpieza-de-playas-1.jpg\",\"contentUrl\":\"https:\/\/www.andamur.com\/wp-content\/uploads\/2023\/11\/Andamur-limpieza-de-playas-1.jpg\",\"width\":1000,\"height\":751},{\"@type\":\"BreadcrumbList\",\"@id\":\"https:\/\/www.andamur.com\/fr\/nouvelles\/andamur-organise-une-nouvelle-journee-de-volontariat-environnemental-en-collaboration-avec-naturactua-pour-nettoyer-les-plages-du-parc-regional-de-cope-calnegre\/#breadcrumb\",\"itemListElement\":[{\"@type\":\"ListItem\",\"position\":1,\"name\":\"Portada\",\"item\":\"https:\/\/www.andamur.com\/fr\/\"},{\"@type\":\"ListItem\",\"position\":2,\"name\":\"Noticias\",\"item\":\"https:\/\/www.andamur.com\/noticias\/\"},{\"@type\":\"ListItem\",\"position\":3,\"name\":\"Andamur organise une nouvelle journ\u00e9e de volontariat environnemental en collaboration avec NaturActua pour nettoyer les plages du parc r\u00e9gional de Cope-Calnegre\"}]},{\"@type\":\"WebSite\",\"@id\":\"https:\/\/www.andamur.com\/#website\",\"url\":\"https:\/\/www.andamur.com\/\",\"name\":\"Andamur\",\"description\":\"Cada viaje importa\",\"publisher\":{\"@id\":\"https:\/\/www.andamur.com\/#organization\"},\"inLanguage\":\"fr-FR\"},{\"@type\":\"Organization\",\"@id\":\"https:\/\/www.andamur.com\/#organization\",\"name\":\"Andamur\",\"url\":\"https:\/\/www.andamur.com\/\",\"logo\":{\"@type\":\"ImageObject\",\"inLanguage\":\"fr-FR\",\"@id\":\"https:\/\/www.andamur.com\/#\/schema\/logo\/image\/\",\"url\":\"https:\/\/www.andamur.com\/wp-content\/uploads\/2024\/02\/andamurogpic.jpg\",\"contentUrl\":\"https:\/\/www.andamur.com\/wp-content\/uploads\/2024\/02\/andamurogpic.jpg\",\"width\":1200,\"height\":630,\"caption\":\"Andamur\"},\"image\":{\"@id\":\"https:\/\/www.andamur.com\/#\/schema\/logo\/image\/\"},\"sameAs\":[\"https:\/\/www.facebook.com\/AndamurEurope\/\",\"https:\/\/x.com\/andamur_es\",\"https:\/\/www.instagram.com\/andamureurope\/\",\"https:\/\/www.youtube.com\/channel\/UCWP1SBl8J8SjUCcWBo_Uu1w\"]},{\"@type\":\"Person\",\"@id\":\"https:\/\/www.andamur.com\/#\/schema\/person\/131577731140377fe26cac4f07cccb72\",\"name\":\"andamur\",\"image\":{\"@type\":\"ImageObject\",\"inLanguage\":\"fr-FR\",\"@id\":\"https:\/\/www.andamur.com\/#\/schema\/person\/image\/\",\"url\":\"https:\/\/secure.gravatar.com\/avatar\/133ec8c8c0f653b06a023777fdc35962d922f161df68890737f028e35189a08f?s=96&d=mm&r=g\",\"contentUrl\":\"https:\/\/secure.gravatar.com\/avatar\/133ec8c8c0f653b06a023777fdc35962d922f161df68890737f028e35189a08f?s=96&d=mm&r=g\",\"caption\":\"andamur\"}}]}<\/script>\n<!-- \/ Yoast SEO plugin. -->","yoast_head_json":{"title":"Andamur organise une nouvelle journ\u00e9e de volontariat environnemental en collaboration avec NaturActua pour nettoyer les plages du parc r\u00e9gional de Cope-Calnegre - Andamur","robots":{"index":"index","follow":"follow","max-snippet":"max-snippet:-1","max-image-preview":"max-image-preview:large","max-video-preview":"max-video-preview:-1"},"canonical":"https:\/\/www.andamur.com\/fr\/nouvelles\/andamur-organise-une-nouvelle-journee-de-volontariat-environnemental-en-collaboration-avec-naturactua-pour-nettoyer-les-plages-du-parc-regional-de-cope-calnegre\/","og_locale":"fr_FR","og_type":"article","og_title":"Andamur organise une nouvelle journ\u00e9e de volontariat environnemental en collaboration avec NaturActua pour nettoyer les plages du parc r\u00e9gional de Cope-Calnegre - Andamur","og_description":"\u00abPour la troisi\u00e8me ann\u00e9e cons\u00e9cutive, les membres de l\u2019\u00e9quipe d\u2019Andamur et leurs familles ont particip\u00e9 \u00e0 cette action de nettoyage des espaces naturels\u00bb Descubre nuestras nuevas localizaciones en Europa. La journ\u00e9e s\u2019est d\u00e9roul\u00e9e \u00e0 la plage de Rafal et sur la promenade du m\u00eame nom. Ce site poss\u00e8de un bosquet de tamaris qu\u2019il est tr\u00e8s [&hellip;]","og_url":"https:\/\/www.andamur.com\/fr\/nouvelles\/andamur-organise-une-nouvelle-journee-de-volontariat-environnemental-en-collaboration-avec-naturactua-pour-nettoyer-les-plages-du-parc-regional-de-cope-calnegre\/","og_site_name":"Andamur","article_publisher":"https:\/\/www.facebook.com\/AndamurEurope\/","article_published_time":"2023-11-09T09:47:53+00:00","og_image":[{"width":1000,"height":751,"url":"https:\/\/www.andamur.com\/wp-content\/uploads\/2023\/11\/Andamur-limpieza-de-playas-1.jpg","type":"image\/jpeg"}],"author":"andamur","twitter_card":"summary_large_image","twitter_creator":"@andamur_es","twitter_site":"@andamur_es","twitter_misc":{"Written by":"andamur","Est. reading time":"4 minutes"},"schema":{"@context":"https:\/\/schema.org","@graph":[{"@type":"Article","@id":"https:\/\/www.andamur.com\/fr\/nouvelles\/andamur-organise-une-nouvelle-journee-de-volontariat-environnemental-en-collaboration-avec-naturactua-pour-nettoyer-les-plages-du-parc-regional-de-cope-calnegre\/#article","isPartOf":{"@id":"https:\/\/www.andamur.com\/fr\/nouvelles\/andamur-organise-une-nouvelle-journee-de-volontariat-environnemental-en-collaboration-avec-naturactua-pour-nettoyer-les-plages-du-parc-regional-de-cope-calnegre\/"},"author":{"name":"andamur","@id":"https:\/\/www.andamur.com\/#\/schema\/person\/131577731140377fe26cac4f07cccb72"},"headline":"Andamur organise une nouvelle journ\u00e9e de volontariat environnemental en collaboration avec NaturActua pour nettoyer les plages du parc r\u00e9gional de Cope-Calnegre","datePublished":"2023-11-09T09:47:53+00:00","mainEntityOfPage":{"@id":"https:\/\/www.andamur.com\/fr\/nouvelles\/andamur-organise-une-nouvelle-journee-de-volontariat-environnemental-en-collaboration-avec-naturactua-pour-nettoyer-les-plages-du-parc-regional-de-cope-calnegre\/"},"wordCount":481,"publisher":{"@id":"https:\/\/www.andamur.com\/#organization"},"image":{"@id":"https:\/\/www.andamur.com\/fr\/nouvelles\/andamur-organise-une-nouvelle-journee-de-volontariat-environnemental-en-collaboration-avec-naturactua-pour-nettoyer-les-plages-du-parc-regional-de-cope-calnegre\/#primaryimage"},"thumbnailUrl":"https:\/\/www.andamur.com\/wp-content\/uploads\/2023\/11\/Andamur-limpieza-de-playas-1.jpg","articleSection":["Nouvelles"],"inLanguage":"fr-FR"},{"@type":"WebPage","@id":"https:\/\/www.andamur.com\/fr\/nouvelles\/andamur-organise-une-nouvelle-journee-de-volontariat-environnemental-en-collaboration-avec-naturactua-pour-nettoyer-les-plages-du-parc-regional-de-cope-calnegre\/","url":"https:\/\/www.andamur.com\/fr\/nouvelles\/andamur-organise-une-nouvelle-journee-de-volontariat-environnemental-en-collaboration-avec-naturactua-pour-nettoyer-les-plages-du-parc-regional-de-cope-calnegre\/","name":"Andamur organise une nouvelle journ\u00e9e de volontariat environnemental en collaboration avec NaturActua pour nettoyer les plages du parc r\u00e9gional de Cope-Calnegre - Andamur","isPartOf":{"@id":"https:\/\/www.andamur.com\/#website"},"primaryImageOfPage":{"@id":"https:\/\/www.andamur.com\/fr\/nouvelles\/andamur-organise-une-nouvelle-journee-de-volontariat-environnemental-en-collaboration-avec-naturactua-pour-nettoyer-les-plages-du-parc-regional-de-cope-calnegre\/#primaryimage"},"image":{"@id":"https:\/\/www.andamur.com\/fr\/nouvelles\/andamur-organise-une-nouvelle-journee-de-volontariat-environnemental-en-collaboration-avec-naturactua-pour-nettoyer-les-plages-du-parc-regional-de-cope-calnegre\/#primaryimage"},"thumbnailUrl":"https:\/\/www.andamur.com\/wp-content\/uploads\/2023\/11\/Andamur-limpieza-de-playas-1.jpg","datePublished":"2023-11-09T09:47:53+00:00","breadcrumb":{"@id":"https:\/\/www.andamur.com\/fr\/nouvelles\/andamur-organise-une-nouvelle-journee-de-volontariat-environnemental-en-collaboration-avec-naturactua-pour-nettoyer-les-plages-du-parc-regional-de-cope-calnegre\/#breadcrumb"},"inLanguage":"fr-FR","potentialAction":[{"@type":"ReadAction","target":["https:\/\/www.andamur.com\/fr\/nouvelles\/andamur-organise-une-nouvelle-journee-de-volontariat-environnemental-en-collaboration-avec-naturactua-pour-nettoyer-les-plages-du-parc-regional-de-cope-calnegre\/"]}]},{"@type":"ImageObject","inLanguage":"fr-FR","@id":"https:\/\/www.andamur.com\/fr\/nouvelles\/andamur-organise-une-nouvelle-journee-de-volontariat-environnemental-en-collaboration-avec-naturactua-pour-nettoyer-les-plages-du-parc-regional-de-cope-calnegre\/#primaryimage","url":"https:\/\/www.andamur.com\/wp-content\/uploads\/2023\/11\/Andamur-limpieza-de-playas-1.jpg","contentUrl":"https:\/\/www.andamur.com\/wp-content\/uploads\/2023\/11\/Andamur-limpieza-de-playas-1.jpg","width":1000,"height":751},{"@type":"BreadcrumbList","@id":"https:\/\/www.andamur.com\/fr\/nouvelles\/andamur-organise-une-nouvelle-journee-de-volontariat-environnemental-en-collaboration-avec-naturactua-pour-nettoyer-les-plages-du-parc-regional-de-cope-calnegre\/#breadcrumb","itemListElement":[{"@type":"ListItem","position":1,"name":"Portada","item":"https:\/\/www.andamur.com\/fr\/"},{"@type":"ListItem","position":2,"name":"Noticias","item":"https:\/\/www.andamur.com\/noticias\/"},{"@type":"ListItem","position":3,"name":"Andamur organise une nouvelle journ\u00e9e de volontariat environnemental en collaboration avec NaturActua pour nettoyer les plages du parc r\u00e9gional de Cope-Calnegre"}]},{"@type":"WebSite","@id":"https:\/\/www.andamur.com\/#website","url":"https:\/\/www.andamur.com\/","name":"Andamur","description":"Cada viaje importa","publisher":{"@id":"https:\/\/www.andamur.com\/#organization"},"inLanguage":"fr-FR"},{"@type":"Organization","@id":"https:\/\/www.andamur.com\/#organization","name":"Andamur","url":"https:\/\/www.andamur.com\/","logo":{"@type":"ImageObject","inLanguage":"fr-FR","@id":"https:\/\/www.andamur.com\/#\/schema\/logo\/image\/","url":"https:\/\/www.andamur.com\/wp-content\/uploads\/2024\/02\/andamurogpic.jpg","contentUrl":"https:\/\/www.andamur.com\/wp-content\/uploads\/2024\/02\/andamurogpic.jpg","width":1200,"height":630,"caption":"Andamur"},"image":{"@id":"https:\/\/www.andamur.com\/#\/schema\/logo\/image\/"},"sameAs":["https:\/\/www.facebook.com\/AndamurEurope\/","https:\/\/x.com\/andamur_es","https:\/\/www.instagram.com\/andamureurope\/","https:\/\/www.youtube.com\/channel\/UCWP1SBl8J8SjUCcWBo_Uu1w"]},{"@type":"Person","@id":"https:\/\/www.andamur.com\/#\/schema\/person\/131577731140377fe26cac4f07cccb72","name":"andamur","image":{"@type":"ImageObject","inLanguage":"fr-FR","@id":"https:\/\/www.andamur.com\/#\/schema\/person\/image\/","url":"https:\/\/secure.gravatar.com\/avatar\/133ec8c8c0f653b06a023777fdc35962d922f161df68890737f028e35189a08f?s=96&d=mm&r=g","contentUrl":"https:\/\/secure.gravatar.com\/avatar\/133ec8c8c0f653b06a023777fdc35962d922f161df68890737f028e35189a08f?s=96&d=mm&r=g","caption":"andamur"}}]}},"_links":{"self":[{"href":"https:\/\/www.andamur.com\/fr\/wp-json\/wp\/v2\/posts\/44996","targetHints":{"allow":["GET"]}}],"collection":[{"href":"https:\/\/www.andamur.com\/fr\/wp-json\/wp\/v2\/posts"}],"about":[{"href":"https:\/\/www.andamur.com\/fr\/wp-json\/wp\/v2\/types\/post"}],"author":[{"embeddable":true,"href":"https:\/\/www.andamur.com\/fr\/wp-json\/wp\/v2\/users\/1"}],"replies":[{"embeddable":true,"href":"https:\/\/www.andamur.com\/fr\/wp-json\/wp\/v2\/comments?post=44996"}],"version-history":[{"count":0,"href":"https:\/\/www.andamur.com\/fr\/wp-json\/wp\/v2\/posts\/44996\/revisions"}],"wp:featuredmedia":[{"embeddable":true,"href":"https:\/\/www.andamur.com\/fr\/wp-json\/wp\/v2\/media\/45127"}],"wp:attachment":[{"href":"https:\/\/www.andamur.com\/fr\/wp-json\/wp\/v2\/media?parent=44996"}],"wp:term":[{"taxonomy":"category","embeddable":true,"href":"https:\/\/www.andamur.com\/fr\/wp-json\/wp\/v2\/categories?post=44996"},{"taxonomy":"post_tag","embeddable":true,"href":"https:\/\/www.andamur.com\/fr\/wp-json\/wp\/v2\/tags?post=44996"}],"curies":[{"name":"wp","href":"https:\/\/api.w.org\/{rel}","templated":true}]}}