{"id":1146201,"date":"2025-12-19T10:36:54","date_gmt":"2025-12-19T09:36:54","guid":{"rendered":"https:\/\/www.andamur.com\/?p=1146201"},"modified":"2026-02-09T14:19:51","modified_gmt":"2026-02-09T13:19:51","slug":"chez-andamur-nous-continuons-a-renforcer-la-durabilite-grace-a-linstallation-de-panneaux-solaires-a-andamur-pamplona","status":"publish","type":"post","link":"https:\/\/www.andamur.com\/fr\/nouvelles\/chez-andamur-nous-continuons-a-renforcer-la-durabilite-grace-a-linstallation-de-panneaux-solaires-a-andamur-pamplona\/","title":{"rendered":"Chez Andamur, nous continuons \u00e0 renforcer la durabilit\u00e9 gr\u00e2ce \u00e0 l\u2019installation de panneaux solaires \u00e0 Andamur Pamplona"},"content":{"rendered":"<p data-start=\"6560\" data-end=\"6794\">Conform\u00e9ment \u00e0 notre engagement en faveur de la durabilit\u00e9 et de l\u2019efficacit\u00e9 \u00e9nerg\u00e9tique,<br data-start=\"6650\" data-end=\"6653\" \/><strong data-start=\"6653\" data-end=\"6794\">chez Andamur, nous avons mis en \u0153uvre l\u2019installation de panneaux photovolta\u00efques dans notre Aire de Service Andamur Pamplona, en Navarre.<\/strong><\/p>\n<p data-start=\"6796\" data-end=\"7095\">Ce projet a \u00e9t\u00e9 rendu possible gr\u00e2ce au financement accord\u00e9 par les fonds europ\u00e9ens <strong data-start=\"6880\" data-end=\"6900\">NextGenerationEU<\/strong>, dans le cadre du <strong data-start=\"6919\" data-end=\"6974\">Plan de Relance, de Transformation et de R\u00e9silience<\/strong>, au sein du programme d\u2019incitations li\u00e9 \u00e0 l\u2019autoconsommation et au stockage d\u2019\u00e9nergie \u00e0 partir de sources renouvelables.<\/p>\n<p data-start=\"7097\" data-end=\"7395\">L\u2019int\u00e9gration de l\u2019\u00e9nergie solaire dans ces installations s\u2019inscrit dans notre strat\u00e9gie <strong data-start=\"7186\" data-end=\"7280\">visant \u00e0 conduire la transition vers un mod\u00e8le \u00e9nerg\u00e9tique plus propre et plus responsable<\/strong>, contribuant activement \u00e0 la r\u00e9duction des \u00e9missions de CO\u2082 et \u00e0 l\u2019utilisation efficace des ressources naturelles.<\/p>\n<p data-start=\"7397\" data-end=\"8085\"><strong data-start=\"7397\" data-end=\"7425\">G.P. L\u00cdMITE ANDAMUR S.L.<\/strong> a b\u00e9n\u00e9fici\u00e9 d\u2019une aide de l\u2019Union europ\u00e9enne au titre du <strong data-start=\"7483\" data-end=\"7509\">Fonds NextGenerationEU<\/strong>, dans le cadre du <strong data-start=\"7528\" data-end=\"7583\">Plan de Relance, de Transformation et de R\u00e9silience<\/strong>, pour la <strong data-start=\"7593\" data-end=\"7697\">MISE EN PLACE D\u2019UNE INSTALLATION PHOTOVOLTA\u00cfQUE D\u2019AUTOCONSOMMATION (ANDAMUR \u2013 IMARCOAIN) DE 25,2 kWp<\/strong>, int\u00e9gr\u00e9e au programme d\u2019incitations \u00e0 l\u2019autoconsommation et au stockage d\u2019\u00e9nergie \u00e0 partir de sources renouvelables, ainsi qu\u2019\u00e0 la mise en \u0153uvre de syst\u00e8mes thermiques renouvelables dans le secteur r\u00e9sidentiel, promu par le Minist\u00e8re de la Transition \u00c9cologique et du D\u00e9fi D\u00e9mographique et g\u00e9r\u00e9 par le Gouvernement de Navarre, D\u00e9partement du D\u00e9veloppement \u00c9conomique et des Entreprises.<\/p>\n<p data-start=\"5340\" data-end=\"5992\">\n<p><img decoding=\"async\" loading=\"lazy\" src=\"https:\/\/www.andamur.com\/wp-content\/uploads\/2025\/12\/andamur-pamplona-logos.png\" alt=\"Andamur pamplona logos\" width=\"2204\" height=\"390\" class=\"alignnone size-full wp-image-1593656\" srcset=\"https:\/\/www.andamur.com\/wp-content\/uploads\/2025\/12\/andamur-pamplona-logos.png 2204w, https:\/\/www.andamur.com\/wp-content\/uploads\/2025\/12\/andamur-pamplona-logos-350x62.png 350w, https:\/\/www.andamur.com\/wp-content\/uploads\/2025\/12\/andamur-pamplona-logos-1030x182.png 1030w, https:\/\/www.andamur.com\/wp-content\/uploads\/2025\/12\/andamur-pamplona-logos-768x136.png 768w, https:\/\/www.andamur.com\/wp-content\/uploads\/2025\/12\/andamur-pamplona-logos-1536x272.png 1536w, https:\/\/www.andamur.com\/wp-content\/uploads\/2025\/12\/andamur-pamplona-logos-2048x362.png 2048w\" sizes=\"auto, (max-width: 2204px) 100vw, 2204px\" \/><\/p>\n","protected":false},"excerpt":{"rendered":"<p>Conform\u00e9ment \u00e0 notre engagement en faveur de la durabilit\u00e9 et de l\u2019efficacit\u00e9 \u00e9nerg\u00e9tique,chez Andamur, nous avons mis en \u0153uvre l\u2019installation de panneaux photovolta\u00efques dans notre Aire de Service Andamur Pamplona, en Navarre. Ce projet a \u00e9t\u00e9 rendu possible gr\u00e2ce au financement accord\u00e9 par les fonds europ\u00e9ens NextGenerationEU, dans le cadre du Plan de Relance, de [&hellip;]<\/p>\n","protected":false},"author":1,"featured_media":1139035,"comment_status":"closed","ping_status":"open","sticky":false,"template":"","format":"standard","meta":{"_acf_changed":false,"footnotes":""},"categories":[276],"tags":[],"class_list":["post-1146201","post","type-post","status-publish","format-standard","has-post-thumbnail","hentry","category-nouvelles"],"acf":[],"yoast_head":"<!-- This site is optimized with the Yoast SEO plugin v25.4 - https:\/\/yoast.com\/wordpress\/plugins\/seo\/ -->\n<title>Chez Andamur, nous continuons \u00e0 renforcer la durabilit\u00e9 gr\u00e2ce \u00e0 l\u2019installation de panneaux solaires \u00e0 Andamur Pamplona - Andamur<\/title>\n<meta name=\"robots\" content=\"index, follow, max-snippet:-1, max-image-preview:large, max-video-preview:-1\" \/>\n<link rel=\"canonical\" href=\"https:\/\/www.andamur.com\/fr\/nouvelles\/chez-andamur-nous-continuons-a-renforcer-la-durabilite-grace-a-linstallation-de-panneaux-solaires-a-andamur-pamplona\/\" \/>\n<meta property=\"og:locale\" content=\"fr_FR\" \/>\n<meta property=\"og:type\" content=\"article\" \/>\n<meta property=\"og:title\" content=\"Chez Andamur, nous continuons \u00e0 renforcer la durabilit\u00e9 gr\u00e2ce \u00e0 l\u2019installation de panneaux solaires \u00e0 Andamur Pamplona - Andamur\" \/>\n<meta property=\"og:description\" content=\"Conform\u00e9ment \u00e0 notre engagement en faveur de la durabilit\u00e9 et de l\u2019efficacit\u00e9 \u00e9nerg\u00e9tique,chez Andamur, nous avons mis en \u0153uvre l\u2019installation de panneaux photovolta\u00efques dans notre Aire de Service Andamur Pamplona, en Navarre. Ce projet a \u00e9t\u00e9 rendu possible gr\u00e2ce au financement accord\u00e9 par les fonds europ\u00e9ens NextGenerationEU, dans le cadre du Plan de Relance, de [&hellip;]\" \/>\n<meta property=\"og:url\" content=\"https:\/\/www.andamur.com\/fr\/nouvelles\/chez-andamur-nous-continuons-a-renforcer-la-durabilite-grace-a-linstallation-de-panneaux-solaires-a-andamur-pamplona\/\" \/>\n<meta property=\"og:site_name\" content=\"Andamur\" \/>\n<meta property=\"article:publisher\" content=\"https:\/\/www.facebook.com\/AndamurEurope\/\" \/>\n<meta property=\"article:published_time\" content=\"2025-12-19T09:36:54+00:00\" \/>\n<meta property=\"article:modified_time\" content=\"2026-02-09T13:19:51+00:00\" \/>\n<meta property=\"og:image\" content=\"https:\/\/www.andamur.com\/wp-content\/uploads\/2025\/12\/Instalacion-Fotovoltaica-Andamur-Pamplona-1030x579.jpg\" \/>\n\t<meta property=\"og:image:width\" content=\"1030\" \/>\n\t<meta property=\"og:image:height\" content=\"579\" \/>\n\t<meta property=\"og:image:type\" content=\"image\/jpeg\" \/>\n<meta name=\"author\" content=\"andamur\" \/>\n<meta name=\"twitter:card\" content=\"summary_large_image\" \/>\n<meta name=\"twitter:creator\" content=\"@andamur_es\" \/>\n<meta name=\"twitter:site\" content=\"@andamur_es\" \/>\n<meta name=\"twitter:label1\" content=\"Written by\" \/>\n\t<meta name=\"twitter:data1\" content=\"andamur\" \/>\n\t<meta name=\"twitter:label2\" content=\"Est. reading time\" \/>\n\t<meta name=\"twitter:data2\" content=\"2 minutes\" \/>\n<script type=\"application\/ld+json\" class=\"yoast-schema-graph\">{\"@context\":\"https:\/\/schema.org\",\"@graph\":[{\"@type\":\"Article\",\"@id\":\"https:\/\/www.andamur.com\/fr\/nouvelles\/chez-andamur-nous-continuons-a-renforcer-la-durabilite-grace-a-linstallation-de-panneaux-solaires-a-andamur-pamplona\/#article\",\"isPartOf\":{\"@id\":\"https:\/\/www.andamur.com\/fr\/nouvelles\/chez-andamur-nous-continuons-a-renforcer-la-durabilite-grace-a-linstallation-de-panneaux-solaires-a-andamur-pamplona\/\"},\"author\":{\"name\":\"andamur\",\"@id\":\"https:\/\/www.andamur.com\/#\/schema\/person\/131577731140377fe26cac4f07cccb72\"},\"headline\":\"Chez Andamur, nous continuons \u00e0 renforcer la durabilit\u00e9 gr\u00e2ce \u00e0 l\u2019installation de panneaux solaires \u00e0 Andamur Pamplona\",\"datePublished\":\"2025-12-19T09:36:54+00:00\",\"dateModified\":\"2026-02-09T13:19:51+00:00\",\"mainEntityOfPage\":{\"@id\":\"https:\/\/www.andamur.com\/fr\/nouvelles\/chez-andamur-nous-continuons-a-renforcer-la-durabilite-grace-a-linstallation-de-panneaux-solaires-a-andamur-pamplona\/\"},\"wordCount\":267,\"publisher\":{\"@id\":\"https:\/\/www.andamur.com\/#organization\"},\"image\":{\"@id\":\"https:\/\/www.andamur.com\/fr\/nouvelles\/chez-andamur-nous-continuons-a-renforcer-la-durabilite-grace-a-linstallation-de-panneaux-solaires-a-andamur-pamplona\/#primaryimage\"},\"thumbnailUrl\":\"https:\/\/www.andamur.com\/wp-content\/uploads\/2025\/12\/Instalacion-Fotovoltaica-Andamur-Pamplona.jpg\",\"articleSection\":[\"Nouvelles\"],\"inLanguage\":\"fr-FR\"},{\"@type\":\"WebPage\",\"@id\":\"https:\/\/www.andamur.com\/fr\/nouvelles\/chez-andamur-nous-continuons-a-renforcer-la-durabilite-grace-a-linstallation-de-panneaux-solaires-a-andamur-pamplona\/\",\"url\":\"https:\/\/www.andamur.com\/fr\/nouvelles\/chez-andamur-nous-continuons-a-renforcer-la-durabilite-grace-a-linstallation-de-panneaux-solaires-a-andamur-pamplona\/\",\"name\":\"Chez Andamur, nous continuons \u00e0 renforcer la durabilit\u00e9 gr\u00e2ce \u00e0 l\u2019installation de panneaux solaires \u00e0 Andamur Pamplona - Andamur\",\"isPartOf\":{\"@id\":\"https:\/\/www.andamur.com\/#website\"},\"primaryImageOfPage\":{\"@id\":\"https:\/\/www.andamur.com\/fr\/nouvelles\/chez-andamur-nous-continuons-a-renforcer-la-durabilite-grace-a-linstallation-de-panneaux-solaires-a-andamur-pamplona\/#primaryimage\"},\"image\":{\"@id\":\"https:\/\/www.andamur.com\/fr\/nouvelles\/chez-andamur-nous-continuons-a-renforcer-la-durabilite-grace-a-linstallation-de-panneaux-solaires-a-andamur-pamplona\/#primaryimage\"},\"thumbnailUrl\":\"https:\/\/www.andamur.com\/wp-content\/uploads\/2025\/12\/Instalacion-Fotovoltaica-Andamur-Pamplona.jpg\",\"datePublished\":\"2025-12-19T09:36:54+00:00\",\"dateModified\":\"2026-02-09T13:19:51+00:00\",\"breadcrumb\":{\"@id\":\"https:\/\/www.andamur.com\/fr\/nouvelles\/chez-andamur-nous-continuons-a-renforcer-la-durabilite-grace-a-linstallation-de-panneaux-solaires-a-andamur-pamplona\/#breadcrumb\"},\"inLanguage\":\"fr-FR\",\"potentialAction\":[{\"@type\":\"ReadAction\",\"target\":[\"https:\/\/www.andamur.com\/fr\/nouvelles\/chez-andamur-nous-continuons-a-renforcer-la-durabilite-grace-a-linstallation-de-panneaux-solaires-a-andamur-pamplona\/\"]}]},{\"@type\":\"ImageObject\",\"inLanguage\":\"fr-FR\",\"@id\":\"https:\/\/www.andamur.com\/fr\/nouvelles\/chez-andamur-nous-continuons-a-renforcer-la-durabilite-grace-a-linstallation-de-panneaux-solaires-a-andamur-pamplona\/#primaryimage\",\"url\":\"https:\/\/www.andamur.com\/wp-content\/uploads\/2025\/12\/Instalacion-Fotovoltaica-Andamur-Pamplona.jpg\",\"contentUrl\":\"https:\/\/www.andamur.com\/wp-content\/uploads\/2025\/12\/Instalacion-Fotovoltaica-Andamur-Pamplona.jpg\",\"width\":4000,\"height\":2250},{\"@type\":\"BreadcrumbList\",\"@id\":\"https:\/\/www.andamur.com\/fr\/nouvelles\/chez-andamur-nous-continuons-a-renforcer-la-durabilite-grace-a-linstallation-de-panneaux-solaires-a-andamur-pamplona\/#breadcrumb\",\"itemListElement\":[{\"@type\":\"ListItem\",\"position\":1,\"name\":\"Portada\",\"item\":\"https:\/\/www.andamur.com\/fr\/\"},{\"@type\":\"ListItem\",\"position\":2,\"name\":\"Nouvelles\",\"item\":\"https:\/\/www.andamur.com\/fr\/nouvelles\/\"},{\"@type\":\"ListItem\",\"position\":3,\"name\":\"Chez Andamur, nous continuons \u00e0 renforcer la durabilit\u00e9 gr\u00e2ce \u00e0 l\u2019installation de panneaux solaires \u00e0 Andamur Pamplona\"}]},{\"@type\":\"WebSite\",\"@id\":\"https:\/\/www.andamur.com\/#website\",\"url\":\"https:\/\/www.andamur.com\/\",\"name\":\"Andamur\",\"description\":\"Cada viaje importa\",\"publisher\":{\"@id\":\"https:\/\/www.andamur.com\/#organization\"},\"inLanguage\":\"fr-FR\"},{\"@type\":\"Organization\",\"@id\":\"https:\/\/www.andamur.com\/#organization\",\"name\":\"Andamur\",\"url\":\"https:\/\/www.andamur.com\/\",\"logo\":{\"@type\":\"ImageObject\",\"inLanguage\":\"fr-FR\",\"@id\":\"https:\/\/www.andamur.com\/#\/schema\/logo\/image\/\",\"url\":\"https:\/\/www.andamur.com\/wp-content\/uploads\/2024\/02\/andamurogpic.jpg\",\"contentUrl\":\"https:\/\/www.andamur.com\/wp-content\/uploads\/2024\/02\/andamurogpic.jpg\",\"width\":1200,\"height\":630,\"caption\":\"Andamur\"},\"image\":{\"@id\":\"https:\/\/www.andamur.com\/#\/schema\/logo\/image\/\"},\"sameAs\":[\"https:\/\/www.facebook.com\/AndamurEurope\/\",\"https:\/\/x.com\/andamur_es\",\"https:\/\/www.instagram.com\/andamureurope\/\",\"https:\/\/www.youtube.com\/channel\/UCWP1SBl8J8SjUCcWBo_Uu1w\"]},{\"@type\":\"Person\",\"@id\":\"https:\/\/www.andamur.com\/#\/schema\/person\/131577731140377fe26cac4f07cccb72\",\"name\":\"andamur\",\"image\":{\"@type\":\"ImageObject\",\"inLanguage\":\"fr-FR\",\"@id\":\"https:\/\/www.andamur.com\/#\/schema\/person\/image\/\",\"url\":\"https:\/\/secure.gravatar.com\/avatar\/133ec8c8c0f653b06a023777fdc35962d922f161df68890737f028e35189a08f?s=96&d=mm&r=g\",\"contentUrl\":\"https:\/\/secure.gravatar.com\/avatar\/133ec8c8c0f653b06a023777fdc35962d922f161df68890737f028e35189a08f?s=96&d=mm&r=g\",\"caption\":\"andamur\"}}]}<\/script>\n<!-- \/ Yoast SEO plugin. -->","yoast_head_json":{"title":"Chez Andamur, nous continuons \u00e0 renforcer la durabilit\u00e9 gr\u00e2ce \u00e0 l\u2019installation de panneaux solaires \u00e0 Andamur Pamplona - Andamur","robots":{"index":"index","follow":"follow","max-snippet":"max-snippet:-1","max-image-preview":"max-image-preview:large","max-video-preview":"max-video-preview:-1"},"canonical":"https:\/\/www.andamur.com\/fr\/nouvelles\/chez-andamur-nous-continuons-a-renforcer-la-durabilite-grace-a-linstallation-de-panneaux-solaires-a-andamur-pamplona\/","og_locale":"fr_FR","og_type":"article","og_title":"Chez Andamur, nous continuons \u00e0 renforcer la durabilit\u00e9 gr\u00e2ce \u00e0 l\u2019installation de panneaux solaires \u00e0 Andamur Pamplona - Andamur","og_description":"Conform\u00e9ment \u00e0 notre engagement en faveur de la durabilit\u00e9 et de l\u2019efficacit\u00e9 \u00e9nerg\u00e9tique,chez Andamur, nous avons mis en \u0153uvre l\u2019installation de panneaux photovolta\u00efques dans notre Aire de Service Andamur Pamplona, en Navarre. Ce projet a \u00e9t\u00e9 rendu possible gr\u00e2ce au financement accord\u00e9 par les fonds europ\u00e9ens NextGenerationEU, dans le cadre du Plan de Relance, de [&hellip;]","og_url":"https:\/\/www.andamur.com\/fr\/nouvelles\/chez-andamur-nous-continuons-a-renforcer-la-durabilite-grace-a-linstallation-de-panneaux-solaires-a-andamur-pamplona\/","og_site_name":"Andamur","article_publisher":"https:\/\/www.facebook.com\/AndamurEurope\/","article_published_time":"2025-12-19T09:36:54+00:00","article_modified_time":"2026-02-09T13:19:51+00:00","og_image":[{"width":1030,"height":579,"url":"https:\/\/www.andamur.com\/wp-content\/uploads\/2025\/12\/Instalacion-Fotovoltaica-Andamur-Pamplona-1030x579.jpg","type":"image\/jpeg"}],"author":"andamur","twitter_card":"summary_large_image","twitter_creator":"@andamur_es","twitter_site":"@andamur_es","twitter_misc":{"Written by":"andamur","Est. reading time":"2 minutes"},"schema":{"@context":"https:\/\/schema.org","@graph":[{"@type":"Article","@id":"https:\/\/www.andamur.com\/fr\/nouvelles\/chez-andamur-nous-continuons-a-renforcer-la-durabilite-grace-a-linstallation-de-panneaux-solaires-a-andamur-pamplona\/#article","isPartOf":{"@id":"https:\/\/www.andamur.com\/fr\/nouvelles\/chez-andamur-nous-continuons-a-renforcer-la-durabilite-grace-a-linstallation-de-panneaux-solaires-a-andamur-pamplona\/"},"author":{"name":"andamur","@id":"https:\/\/www.andamur.com\/#\/schema\/person\/131577731140377fe26cac4f07cccb72"},"headline":"Chez Andamur, nous continuons \u00e0 renforcer la durabilit\u00e9 gr\u00e2ce \u00e0 l\u2019installation de panneaux solaires \u00e0 Andamur Pamplona","datePublished":"2025-12-19T09:36:54+00:00","dateModified":"2026-02-09T13:19:51+00:00","mainEntityOfPage":{"@id":"https:\/\/www.andamur.com\/fr\/nouvelles\/chez-andamur-nous-continuons-a-renforcer-la-durabilite-grace-a-linstallation-de-panneaux-solaires-a-andamur-pamplona\/"},"wordCount":267,"publisher":{"@id":"https:\/\/www.andamur.com\/#organization"},"image":{"@id":"https:\/\/www.andamur.com\/fr\/nouvelles\/chez-andamur-nous-continuons-a-renforcer-la-durabilite-grace-a-linstallation-de-panneaux-solaires-a-andamur-pamplona\/#primaryimage"},"thumbnailUrl":"https:\/\/www.andamur.com\/wp-content\/uploads\/2025\/12\/Instalacion-Fotovoltaica-Andamur-Pamplona.jpg","articleSection":["Nouvelles"],"inLanguage":"fr-FR"},{"@type":"WebPage","@id":"https:\/\/www.andamur.com\/fr\/nouvelles\/chez-andamur-nous-continuons-a-renforcer-la-durabilite-grace-a-linstallation-de-panneaux-solaires-a-andamur-pamplona\/","url":"https:\/\/www.andamur.com\/fr\/nouvelles\/chez-andamur-nous-continuons-a-renforcer-la-durabilite-grace-a-linstallation-de-panneaux-solaires-a-andamur-pamplona\/","name":"Chez Andamur, nous continuons \u00e0 renforcer la durabilit\u00e9 gr\u00e2ce \u00e0 l\u2019installation de panneaux solaires \u00e0 Andamur Pamplona - Andamur","isPartOf":{"@id":"https:\/\/www.andamur.com\/#website"},"primaryImageOfPage":{"@id":"https:\/\/www.andamur.com\/fr\/nouvelles\/chez-andamur-nous-continuons-a-renforcer-la-durabilite-grace-a-linstallation-de-panneaux-solaires-a-andamur-pamplona\/#primaryimage"},"image":{"@id":"https:\/\/www.andamur.com\/fr\/nouvelles\/chez-andamur-nous-continuons-a-renforcer-la-durabilite-grace-a-linstallation-de-panneaux-solaires-a-andamur-pamplona\/#primaryimage"},"thumbnailUrl":"https:\/\/www.andamur.com\/wp-content\/uploads\/2025\/12\/Instalacion-Fotovoltaica-Andamur-Pamplona.jpg","datePublished":"2025-12-19T09:36:54+00:00","dateModified":"2026-02-09T13:19:51+00:00","breadcrumb":{"@id":"https:\/\/www.andamur.com\/fr\/nouvelles\/chez-andamur-nous-continuons-a-renforcer-la-durabilite-grace-a-linstallation-de-panneaux-solaires-a-andamur-pamplona\/#breadcrumb"},"inLanguage":"fr-FR","potentialAction":[{"@type":"ReadAction","target":["https:\/\/www.andamur.com\/fr\/nouvelles\/chez-andamur-nous-continuons-a-renforcer-la-durabilite-grace-a-linstallation-de-panneaux-solaires-a-andamur-pamplona\/"]}]},{"@type":"ImageObject","inLanguage":"fr-FR","@id":"https:\/\/www.andamur.com\/fr\/nouvelles\/chez-andamur-nous-continuons-a-renforcer-la-durabilite-grace-a-linstallation-de-panneaux-solaires-a-andamur-pamplona\/#primaryimage","url":"https:\/\/www.andamur.com\/wp-content\/uploads\/2025\/12\/Instalacion-Fotovoltaica-Andamur-Pamplona.jpg","contentUrl":"https:\/\/www.andamur.com\/wp-content\/uploads\/2025\/12\/Instalacion-Fotovoltaica-Andamur-Pamplona.jpg","width":4000,"height":2250},{"@type":"BreadcrumbList","@id":"https:\/\/www.andamur.com\/fr\/nouvelles\/chez-andamur-nous-continuons-a-renforcer-la-durabilite-grace-a-linstallation-de-panneaux-solaires-a-andamur-pamplona\/#breadcrumb","itemListElement":[{"@type":"ListItem","position":1,"name":"Portada","item":"https:\/\/www.andamur.com\/fr\/"},{"@type":"ListItem","position":2,"name":"Nouvelles","item":"https:\/\/www.andamur.com\/fr\/nouvelles\/"},{"@type":"ListItem","position":3,"name":"Chez Andamur, nous continuons \u00e0 renforcer la durabilit\u00e9 gr\u00e2ce \u00e0 l\u2019installation de panneaux solaires \u00e0 Andamur Pamplona"}]},{"@type":"WebSite","@id":"https:\/\/www.andamur.com\/#website","url":"https:\/\/www.andamur.com\/","name":"Andamur","description":"Cada viaje importa","publisher":{"@id":"https:\/\/www.andamur.com\/#organization"},"inLanguage":"fr-FR"},{"@type":"Organization","@id":"https:\/\/www.andamur.com\/#organization","name":"Andamur","url":"https:\/\/www.andamur.com\/","logo":{"@type":"ImageObject","inLanguage":"fr-FR","@id":"https:\/\/www.andamur.com\/#\/schema\/logo\/image\/","url":"https:\/\/www.andamur.com\/wp-content\/uploads\/2024\/02\/andamurogpic.jpg","contentUrl":"https:\/\/www.andamur.com\/wp-content\/uploads\/2024\/02\/andamurogpic.jpg","width":1200,"height":630,"caption":"Andamur"},"image":{"@id":"https:\/\/www.andamur.com\/#\/schema\/logo\/image\/"},"sameAs":["https:\/\/www.facebook.com\/AndamurEurope\/","https:\/\/x.com\/andamur_es","https:\/\/www.instagram.com\/andamureurope\/","https:\/\/www.youtube.com\/channel\/UCWP1SBl8J8SjUCcWBo_Uu1w"]},{"@type":"Person","@id":"https:\/\/www.andamur.com\/#\/schema\/person\/131577731140377fe26cac4f07cccb72","name":"andamur","image":{"@type":"ImageObject","inLanguage":"fr-FR","@id":"https:\/\/www.andamur.com\/#\/schema\/person\/image\/","url":"https:\/\/secure.gravatar.com\/avatar\/133ec8c8c0f653b06a023777fdc35962d922f161df68890737f028e35189a08f?s=96&d=mm&r=g","contentUrl":"https:\/\/secure.gravatar.com\/avatar\/133ec8c8c0f653b06a023777fdc35962d922f161df68890737f028e35189a08f?s=96&d=mm&r=g","caption":"andamur"}}]}},"_links":{"self":[{"href":"https:\/\/www.andamur.com\/fr\/wp-json\/wp\/v2\/posts\/1146201","targetHints":{"allow":["GET"]}}],"collection":[{"href":"https:\/\/www.andamur.com\/fr\/wp-json\/wp\/v2\/posts"}],"about":[{"href":"https:\/\/www.andamur.com\/fr\/wp-json\/wp\/v2\/types\/post"}],"author":[{"embeddable":true,"href":"https:\/\/www.andamur.com\/fr\/wp-json\/wp\/v2\/users\/1"}],"replies":[{"embeddable":true,"href":"https:\/\/www.andamur.com\/fr\/wp-json\/wp\/v2\/comments?post=1146201"}],"version-history":[{"count":0,"href":"https:\/\/www.andamur.com\/fr\/wp-json\/wp\/v2\/posts\/1146201\/revisions"}],"wp:featuredmedia":[{"embeddable":true,"href":"https:\/\/www.andamur.com\/fr\/wp-json\/wp\/v2\/media\/1139035"}],"wp:attachment":[{"href":"https:\/\/www.andamur.com\/fr\/wp-json\/wp\/v2\/media?parent=1146201"}],"wp:term":[{"taxonomy":"category","embeddable":true,"href":"https:\/\/www.andamur.com\/fr\/wp-json\/wp\/v2\/categories?post=1146201"},{"taxonomy":"post_tag","embeddable":true,"href":"https:\/\/www.andamur.com\/fr\/wp-json\/wp\/v2\/tags?post=1146201"}],"curies":[{"name":"wp","href":"https:\/\/api.w.org\/{rel}","templated":true}]}}