{"id":69190,"date":"2025-09-22T07:36:13","date_gmt":"2025-09-22T06:36:13","guid":{"rendered":"https:\/\/www.andamur.com\/?p=69190"},"modified":"2025-09-22T08:46:27","modified_gmt":"2025-09-22T07:46:27","slug":"andamur-participates-in-the-48th-general-assembly-and-8th-biennial-refrigerated-transport-congress-of-atfrie","status":"publish","type":"post","link":"https:\/\/www.andamur.com\/en\/news\/andamur-participates-in-the-48th-general-assembly-and-8th-biennial-refrigerated-transport-congress-of-atfrie\/","title":{"rendered":"Andamur participates in the 48th General Assembly and 8th Biennial Refrigerated Transport Congress of ATFRIE"},"content":{"rendered":"<p>Andamur had the honour of participating in the <strong>48th General Assembly and 8th Biennial Congress on Refrigerated Transport organised by ATFRIE<\/strong>, held on 17 and 18 September at Huerto de Santa Mar\u00eda (El Puig, Valencia). This is one of the most important events in the road freight transport sector, especially in the field of cold chain and temperature-controlled transport.<\/p>\n<p>Representing Andamur were our <strong>CEO<\/strong>, Miguel \u00c1ngel L\u00f3pez S\u00e1nchez, and our <strong>Commercial Director,<\/strong> Juan Diego Guill\u00e9n Saura, who accompanied the association and the other participating companies in a space for debate, analysis and sharing of the main challenges and innovations in the sector.<\/p>\n<p>During the congress, key issues were addressed, such as:<\/p>\n<ul>\n<li>Security in the logistics chain, which is essential for protecting both drivers and cargo.<\/li>\n<li>The need to advance in digitalisation and sustainability, strategic pillars for the future of refrigerated transport.<\/li>\n<li>The search for joint solutions that bring efficiency, trust and competitiveness to companies in the sector.<\/li>\n<\/ul>\n<h2>Our commitment to safety<\/h2>\n<p>At Andamur, security has become one of our strategic priorities. Over the last year, we have strengthened our network of secure car parks, achieving security certification for all of them, as well as optimising our Andamur Connect customer portal, improving its usability and increasing its security features. This is a firm commitment that responds to the demands of the sector and reflects our commitment to our customers&#8217; peace of mind.<\/p>\n<h2>Meeting place: Andamur sponsorship<\/h2>\n<p>This year we also had the pleasure of sponsoring the conference&#8217;s Coffee Break, a time for meeting and networking where we were able to share a special gift with attendees and, above all, continue to hear first-hand about their concerns and needs.<\/p>\n<p>Through our participation, we once again reaffirmed our commitment to temperature-controlled transport, supporting associations such as ATFRIE and working alongside companies in the sector to build a safer, more digital and more efficient future.<\/p>\n<p><strong>See you at the next edition!<\/strong><\/p>\n<section class=\"ecoded_shortcode_gallery\"><article data-src=\"https:\/\/www.andamur.com\/wp-content\/uploads\/2024\/12\/Congreso_Asamblea_ATFRIE.webp\" data-sub-html=\"\" data-lg-id=\"db9c3ad9-03f3-4863-a69c-cb8dbc8f7299\"><figure><img decoding=\"async\" loading=\"lazy\" src=\"https:\/\/www.andamur.com\/wp-content\/uploads\/2024\/12\/Congreso_Asamblea_ATFRIE-350x263.webp\" alt=\"Congreso asamblea atfrie\"><\/figure><\/article><article data-src=\"https:\/\/www.andamur.com\/wp-content\/uploads\/2024\/12\/Congreso_Asamblea_ATFRIE_2.webp\" data-sub-html=\"\" data-lg-id=\"4bf4d378-d76f-4bfe-8d2f-654cbab54ade\"><figure><img decoding=\"async\" loading=\"lazy\" src=\"https:\/\/www.andamur.com\/wp-content\/uploads\/2024\/12\/Congreso_Asamblea_ATFRIE_2-350x263.webp\" alt=\"Congreso asamblea atfrie 2\"><\/figure><\/article><article data-src=\"https:\/\/www.andamur.com\/wp-content\/uploads\/2024\/12\/Congreso_Asamblea_ATFRIE_3.webp\" data-sub-html=\"\" data-lg-id=\"3119d1df-c13f-4f47-8078-4c38bc51be60\"><figure><img decoding=\"async\" loading=\"lazy\" src=\"https:\/\/www.andamur.com\/wp-content\/uploads\/2024\/12\/Congreso_Asamblea_ATFRIE_3-263x350.webp\" alt=\"Congreso asamblea atfrie 3\"><\/figure><\/article><article data-src=\"https:\/\/www.andamur.com\/wp-content\/uploads\/2024\/12\/Congreso_Asamblea_ATFRIE_4.webp\" data-sub-html=\"\" data-lg-id=\"887acca6-2483-427b-923c-085f32c01d44\"><figure><img decoding=\"async\" loading=\"lazy\" src=\"https:\/\/www.andamur.com\/wp-content\/uploads\/2024\/12\/Congreso_Asamblea_ATFRIE_4-350x239.webp\" alt=\"Congreso asamblea atfrie 4\"><\/figure><\/article><article data-src=\"https:\/\/www.andamur.com\/wp-content\/uploads\/2024\/12\/Congreso_Asamblea_ATFRIE_5.webp\" data-sub-html=\"\" data-lg-id=\"a5454ac7-0ee8-489c-a784-d8219d75dc23\"><figure><img decoding=\"async\" loading=\"lazy\" src=\"https:\/\/www.andamur.com\/wp-content\/uploads\/2024\/12\/Congreso_Asamblea_ATFRIE_5-242x350.webp\" alt=\"Congreso asamblea atfrie 5\"><\/figure><\/article><article data-src=\"https:\/\/www.andamur.com\/wp-content\/uploads\/2024\/12\/Congreso_Asamblea_ATFRIE_6.webp\" data-sub-html=\"\" data-lg-id=\"447d35f0-5e51-41d3-9116-7f8711cff411\"><figure><img decoding=\"async\" loading=\"lazy\" src=\"https:\/\/www.andamur.com\/wp-content\/uploads\/2024\/12\/Congreso_Asamblea_ATFRIE_6-350x263.webp\" alt=\"Congreso asamblea atfrie 6\"><\/figure><\/article><\/section><script type=\"text\/javascript\">\n\n        window.addEventListener( \"ecode_load\", function ( event ) {\n\n            if ( document.getElementsByClassName( \"ecoded_shortcode_gallery\" ).length != 0 ) {\n\n                ecode_initialize_shortcode_gallery();\n\n            }\n\n        }, false );\n\n        function ecode_initialize_shortcode_gallery() {\n\n            array_shortcode_gallery = document.getElementsByClassName( \"ecoded_shortcode_gallery\" );\n\n            for ( var i = 0; i < array_shortcode_gallery.length; i++ ) {\n\n                const shortcode_gallery = lightGallery( array_shortcode_gallery[i], {\n                    loop: true,\n                    download: false,\n                    closeOnTap: true,\n                    controls: false,\n                    licenseKey: \"1\",\n                });\n\n            }\n\n        }\n\n\t<\/script>\n","protected":false},"excerpt":{"rendered":"<p>Andamur had the honour of participating in the 48th General Assembly and 8th Biennial Congress on Refrigerated Transport organised by ATFRIE, held on 17 and 18 September at Huerto de Santa Mar\u00eda (El Puig, Valencia). This is one of the most important events in the road freight transport sector, especially in the field of cold [&hellip;]<\/p>\n","protected":false},"author":1,"featured_media":69273,"comment_status":"closed","ping_status":"open","sticky":false,"template":"","format":"standard","meta":{"_acf_changed":false,"footnotes":""},"categories":[47],"tags":[],"class_list":["post-69190","post","type-post","status-publish","format-standard","has-post-thumbnail","hentry","category-news"],"acf":[],"yoast_head":"<!-- This site is optimized with the Yoast SEO plugin v25.4 - https:\/\/yoast.com\/wordpress\/plugins\/seo\/ -->\n<title>Andamur participates in the 48th General Assembly and 8th Biennial Refrigerated Transport Congress of ATFRIE - Andamur<\/title>\n<meta name=\"robots\" content=\"index, follow, max-snippet:-1, max-image-preview:large, max-video-preview:-1\" \/>\n<link rel=\"canonical\" href=\"https:\/\/www.andamur.com\/noticias\/andamur-participa-en-la-48a-asamblea-general-y-8o-congreso-bienal-del-transporte-frigorifico-de-atfrie\/\" \/>\n<meta property=\"og:locale\" content=\"en_US\" \/>\n<meta property=\"og:type\" content=\"article\" \/>\n<meta property=\"og:title\" content=\"Andamur participates in the 48th General Assembly and 8th Biennial Refrigerated Transport Congress of ATFRIE - Andamur\" \/>\n<meta property=\"og:description\" content=\"Andamur had the honour of participating in the 48th General Assembly and 8th Biennial Congress on Refrigerated Transport organised by ATFRIE, held on 17 and 18 September at Huerto de Santa Mar\u00eda (El Puig, Valencia). This is one of the most important events in the road freight transport sector, especially in the field of cold [&hellip;]\" \/>\n<meta property=\"og:url\" content=\"https:\/\/www.andamur.com\/noticias\/andamur-participa-en-la-48a-asamblea-general-y-8o-congreso-bienal-del-transporte-frigorifico-de-atfrie\/\" \/>\n<meta property=\"og:site_name\" content=\"Andamur\" \/>\n<meta property=\"article:publisher\" content=\"https:\/\/www.facebook.com\/AndamurEurope\/\" \/>\n<meta property=\"article:published_time\" content=\"2025-09-22T06:36:13+00:00\" \/>\n<meta property=\"article:modified_time\" content=\"2025-09-22T07:46:27+00:00\" \/>\n<meta property=\"og:image\" content=\"https:\/\/www.andamur.com\/wp-content\/uploads\/2025\/09\/cabecera_noticia_andamur_atfrie.webp\" \/>\n\t<meta property=\"og:image:width\" content=\"900\" \/>\n\t<meta property=\"og:image:height\" content=\"550\" \/>\n\t<meta property=\"og:image:type\" content=\"image\/webp\" \/>\n<meta name=\"author\" content=\"andamur\" \/>\n<meta name=\"twitter:card\" content=\"summary_large_image\" \/>\n<meta name=\"twitter:creator\" content=\"@andamur_es\" \/>\n<meta name=\"twitter:site\" content=\"@andamur_es\" \/>\n<meta name=\"twitter:label1\" content=\"Written by\" \/>\n\t<meta name=\"twitter:data1\" content=\"andamur\" \/>\n\t<meta name=\"twitter:label2\" content=\"Est. reading time\" \/>\n\t<meta name=\"twitter:data2\" content=\"2 minutes\" \/>\n<script type=\"application\/ld+json\" class=\"yoast-schema-graph\">{\"@context\":\"https:\/\/schema.org\",\"@graph\":[{\"@type\":\"Article\",\"@id\":\"https:\/\/www.andamur.com\/noticias\/andamur-participa-en-la-48a-asamblea-general-y-8o-congreso-bienal-del-transporte-frigorifico-de-atfrie\/#article\",\"isPartOf\":{\"@id\":\"https:\/\/www.andamur.com\/noticias\/andamur-participa-en-la-48a-asamblea-general-y-8o-congreso-bienal-del-transporte-frigorifico-de-atfrie\/\"},\"author\":{\"name\":\"andamur\",\"@id\":\"https:\/\/www.andamur.com\/#\/schema\/person\/131577731140377fe26cac4f07cccb72\"},\"headline\":\"Andamur participates in the 48th General Assembly and 8th Biennial Refrigerated Transport Congress of ATFRIE\",\"datePublished\":\"2025-09-22T06:36:13+00:00\",\"dateModified\":\"2025-09-22T07:46:27+00:00\",\"mainEntityOfPage\":{\"@id\":\"https:\/\/www.andamur.com\/noticias\/andamur-participa-en-la-48a-asamblea-general-y-8o-congreso-bienal-del-transporte-frigorifico-de-atfrie\/\"},\"wordCount\":337,\"publisher\":{\"@id\":\"https:\/\/www.andamur.com\/#organization\"},\"image\":{\"@id\":\"https:\/\/www.andamur.com\/noticias\/andamur-participa-en-la-48a-asamblea-general-y-8o-congreso-bienal-del-transporte-frigorifico-de-atfrie\/#primaryimage\"},\"thumbnailUrl\":\"https:\/\/www.andamur.com\/wp-content\/uploads\/2025\/09\/cabecera_noticia_andamur_atfrie.webp\",\"articleSection\":[\"News\"],\"inLanguage\":\"en-US\"},{\"@type\":\"WebPage\",\"@id\":\"https:\/\/www.andamur.com\/noticias\/andamur-participa-en-la-48a-asamblea-general-y-8o-congreso-bienal-del-transporte-frigorifico-de-atfrie\/\",\"url\":\"https:\/\/www.andamur.com\/noticias\/andamur-participa-en-la-48a-asamblea-general-y-8o-congreso-bienal-del-transporte-frigorifico-de-atfrie\/\",\"name\":\"Andamur participates in the 48th General Assembly and 8th Biennial Refrigerated Transport Congress of ATFRIE - Andamur\",\"isPartOf\":{\"@id\":\"https:\/\/www.andamur.com\/#website\"},\"primaryImageOfPage\":{\"@id\":\"https:\/\/www.andamur.com\/noticias\/andamur-participa-en-la-48a-asamblea-general-y-8o-congreso-bienal-del-transporte-frigorifico-de-atfrie\/#primaryimage\"},\"image\":{\"@id\":\"https:\/\/www.andamur.com\/noticias\/andamur-participa-en-la-48a-asamblea-general-y-8o-congreso-bienal-del-transporte-frigorifico-de-atfrie\/#primaryimage\"},\"thumbnailUrl\":\"https:\/\/www.andamur.com\/wp-content\/uploads\/2025\/09\/cabecera_noticia_andamur_atfrie.webp\",\"datePublished\":\"2025-09-22T06:36:13+00:00\",\"dateModified\":\"2025-09-22T07:46:27+00:00\",\"breadcrumb\":{\"@id\":\"https:\/\/www.andamur.com\/noticias\/andamur-participa-en-la-48a-asamblea-general-y-8o-congreso-bienal-del-transporte-frigorifico-de-atfrie\/#breadcrumb\"},\"inLanguage\":\"en-US\",\"potentialAction\":[{\"@type\":\"ReadAction\",\"target\":[\"https:\/\/www.andamur.com\/noticias\/andamur-participa-en-la-48a-asamblea-general-y-8o-congreso-bienal-del-transporte-frigorifico-de-atfrie\/\"]}]},{\"@type\":\"ImageObject\",\"inLanguage\":\"en-US\",\"@id\":\"https:\/\/www.andamur.com\/noticias\/andamur-participa-en-la-48a-asamblea-general-y-8o-congreso-bienal-del-transporte-frigorifico-de-atfrie\/#primaryimage\",\"url\":\"https:\/\/www.andamur.com\/wp-content\/uploads\/2025\/09\/cabecera_noticia_andamur_atfrie.webp\",\"contentUrl\":\"https:\/\/www.andamur.com\/wp-content\/uploads\/2025\/09\/cabecera_noticia_andamur_atfrie.webp\",\"width\":900,\"height\":550},{\"@type\":\"BreadcrumbList\",\"@id\":\"https:\/\/www.andamur.com\/noticias\/andamur-participa-en-la-48a-asamblea-general-y-8o-congreso-bienal-del-transporte-frigorifico-de-atfrie\/#breadcrumb\",\"itemListElement\":[{\"@type\":\"ListItem\",\"position\":1,\"name\":\"Portada\",\"item\":\"https:\/\/www.andamur.com\/en\/\"},{\"@type\":\"ListItem\",\"position\":2,\"name\":\"Noticias\",\"item\":\"https:\/\/www.andamur.com\/noticias\/\"},{\"@type\":\"ListItem\",\"position\":3,\"name\":\"Andamur participates in the 48th General Assembly and 8th Biennial Refrigerated Transport Congress of ATFRIE\"}]},{\"@type\":\"WebSite\",\"@id\":\"https:\/\/www.andamur.com\/#website\",\"url\":\"https:\/\/www.andamur.com\/\",\"name\":\"Andamur\",\"description\":\"Cada viaje importa\",\"publisher\":{\"@id\":\"https:\/\/www.andamur.com\/#organization\"},\"inLanguage\":\"en-US\"},{\"@type\":\"Organization\",\"@id\":\"https:\/\/www.andamur.com\/#organization\",\"name\":\"Andamur\",\"url\":\"https:\/\/www.andamur.com\/\",\"logo\":{\"@type\":\"ImageObject\",\"inLanguage\":\"en-US\",\"@id\":\"https:\/\/www.andamur.com\/#\/schema\/logo\/image\/\",\"url\":\"https:\/\/www.andamur.com\/wp-content\/uploads\/2024\/02\/andamurogpic.jpg\",\"contentUrl\":\"https:\/\/www.andamur.com\/wp-content\/uploads\/2024\/02\/andamurogpic.jpg\",\"width\":1200,\"height\":630,\"caption\":\"Andamur\"},\"image\":{\"@id\":\"https:\/\/www.andamur.com\/#\/schema\/logo\/image\/\"},\"sameAs\":[\"https:\/\/www.facebook.com\/AndamurEurope\/\",\"https:\/\/x.com\/andamur_es\",\"https:\/\/www.instagram.com\/andamureurope\/\",\"https:\/\/www.youtube.com\/channel\/UCWP1SBl8J8SjUCcWBo_Uu1w\"]},{\"@type\":\"Person\",\"@id\":\"https:\/\/www.andamur.com\/#\/schema\/person\/131577731140377fe26cac4f07cccb72\",\"name\":\"andamur\",\"image\":{\"@type\":\"ImageObject\",\"inLanguage\":\"en-US\",\"@id\":\"https:\/\/www.andamur.com\/#\/schema\/person\/image\/\",\"url\":\"https:\/\/secure.gravatar.com\/avatar\/133ec8c8c0f653b06a023777fdc35962d922f161df68890737f028e35189a08f?s=96&d=mm&r=g\",\"contentUrl\":\"https:\/\/secure.gravatar.com\/avatar\/133ec8c8c0f653b06a023777fdc35962d922f161df68890737f028e35189a08f?s=96&d=mm&r=g\",\"caption\":\"andamur\"}}]}<\/script>\n<!-- \/ Yoast SEO plugin. -->","yoast_head_json":{"title":"Andamur participates in the 48th General Assembly and 8th Biennial Refrigerated Transport Congress of ATFRIE - Andamur","robots":{"index":"index","follow":"follow","max-snippet":"max-snippet:-1","max-image-preview":"max-image-preview:large","max-video-preview":"max-video-preview:-1"},"canonical":"https:\/\/www.andamur.com\/noticias\/andamur-participa-en-la-48a-asamblea-general-y-8o-congreso-bienal-del-transporte-frigorifico-de-atfrie\/","og_locale":"en_US","og_type":"article","og_title":"Andamur participates in the 48th General Assembly and 8th Biennial Refrigerated Transport Congress of ATFRIE - Andamur","og_description":"Andamur had the honour of participating in the 48th General Assembly and 8th Biennial Congress on Refrigerated Transport organised by ATFRIE, held on 17 and 18 September at Huerto de Santa Mar\u00eda (El Puig, Valencia). This is one of the most important events in the road freight transport sector, especially in the field of cold [&hellip;]","og_url":"https:\/\/www.andamur.com\/noticias\/andamur-participa-en-la-48a-asamblea-general-y-8o-congreso-bienal-del-transporte-frigorifico-de-atfrie\/","og_site_name":"Andamur","article_publisher":"https:\/\/www.facebook.com\/AndamurEurope\/","article_published_time":"2025-09-22T06:36:13+00:00","article_modified_time":"2025-09-22T07:46:27+00:00","og_image":[{"width":900,"height":550,"url":"https:\/\/www.andamur.com\/wp-content\/uploads\/2025\/09\/cabecera_noticia_andamur_atfrie.webp","type":"image\/webp"}],"author":"andamur","twitter_card":"summary_large_image","twitter_creator":"@andamur_es","twitter_site":"@andamur_es","twitter_misc":{"Written by":"andamur","Est. reading time":"2 minutes"},"schema":{"@context":"https:\/\/schema.org","@graph":[{"@type":"Article","@id":"https:\/\/www.andamur.com\/noticias\/andamur-participa-en-la-48a-asamblea-general-y-8o-congreso-bienal-del-transporte-frigorifico-de-atfrie\/#article","isPartOf":{"@id":"https:\/\/www.andamur.com\/noticias\/andamur-participa-en-la-48a-asamblea-general-y-8o-congreso-bienal-del-transporte-frigorifico-de-atfrie\/"},"author":{"name":"andamur","@id":"https:\/\/www.andamur.com\/#\/schema\/person\/131577731140377fe26cac4f07cccb72"},"headline":"Andamur participates in the 48th General Assembly and 8th Biennial Refrigerated Transport Congress of ATFRIE","datePublished":"2025-09-22T06:36:13+00:00","dateModified":"2025-09-22T07:46:27+00:00","mainEntityOfPage":{"@id":"https:\/\/www.andamur.com\/noticias\/andamur-participa-en-la-48a-asamblea-general-y-8o-congreso-bienal-del-transporte-frigorifico-de-atfrie\/"},"wordCount":337,"publisher":{"@id":"https:\/\/www.andamur.com\/#organization"},"image":{"@id":"https:\/\/www.andamur.com\/noticias\/andamur-participa-en-la-48a-asamblea-general-y-8o-congreso-bienal-del-transporte-frigorifico-de-atfrie\/#primaryimage"},"thumbnailUrl":"https:\/\/www.andamur.com\/wp-content\/uploads\/2025\/09\/cabecera_noticia_andamur_atfrie.webp","articleSection":["News"],"inLanguage":"en-US"},{"@type":"WebPage","@id":"https:\/\/www.andamur.com\/noticias\/andamur-participa-en-la-48a-asamblea-general-y-8o-congreso-bienal-del-transporte-frigorifico-de-atfrie\/","url":"https:\/\/www.andamur.com\/noticias\/andamur-participa-en-la-48a-asamblea-general-y-8o-congreso-bienal-del-transporte-frigorifico-de-atfrie\/","name":"Andamur participates in the 48th General Assembly and 8th Biennial Refrigerated Transport Congress of ATFRIE - Andamur","isPartOf":{"@id":"https:\/\/www.andamur.com\/#website"},"primaryImageOfPage":{"@id":"https:\/\/www.andamur.com\/noticias\/andamur-participa-en-la-48a-asamblea-general-y-8o-congreso-bienal-del-transporte-frigorifico-de-atfrie\/#primaryimage"},"image":{"@id":"https:\/\/www.andamur.com\/noticias\/andamur-participa-en-la-48a-asamblea-general-y-8o-congreso-bienal-del-transporte-frigorifico-de-atfrie\/#primaryimage"},"thumbnailUrl":"https:\/\/www.andamur.com\/wp-content\/uploads\/2025\/09\/cabecera_noticia_andamur_atfrie.webp","datePublished":"2025-09-22T06:36:13+00:00","dateModified":"2025-09-22T07:46:27+00:00","breadcrumb":{"@id":"https:\/\/www.andamur.com\/noticias\/andamur-participa-en-la-48a-asamblea-general-y-8o-congreso-bienal-del-transporte-frigorifico-de-atfrie\/#breadcrumb"},"inLanguage":"en-US","potentialAction":[{"@type":"ReadAction","target":["https:\/\/www.andamur.com\/noticias\/andamur-participa-en-la-48a-asamblea-general-y-8o-congreso-bienal-del-transporte-frigorifico-de-atfrie\/"]}]},{"@type":"ImageObject","inLanguage":"en-US","@id":"https:\/\/www.andamur.com\/noticias\/andamur-participa-en-la-48a-asamblea-general-y-8o-congreso-bienal-del-transporte-frigorifico-de-atfrie\/#primaryimage","url":"https:\/\/www.andamur.com\/wp-content\/uploads\/2025\/09\/cabecera_noticia_andamur_atfrie.webp","contentUrl":"https:\/\/www.andamur.com\/wp-content\/uploads\/2025\/09\/cabecera_noticia_andamur_atfrie.webp","width":900,"height":550},{"@type":"BreadcrumbList","@id":"https:\/\/www.andamur.com\/noticias\/andamur-participa-en-la-48a-asamblea-general-y-8o-congreso-bienal-del-transporte-frigorifico-de-atfrie\/#breadcrumb","itemListElement":[{"@type":"ListItem","position":1,"name":"Portada","item":"https:\/\/www.andamur.com\/en\/"},{"@type":"ListItem","position":2,"name":"Noticias","item":"https:\/\/www.andamur.com\/noticias\/"},{"@type":"ListItem","position":3,"name":"Andamur participates in the 48th General Assembly and 8th Biennial Refrigerated Transport Congress of ATFRIE"}]},{"@type":"WebSite","@id":"https:\/\/www.andamur.com\/#website","url":"https:\/\/www.andamur.com\/","name":"Andamur","description":"Cada viaje importa","publisher":{"@id":"https:\/\/www.andamur.com\/#organization"},"inLanguage":"en-US"},{"@type":"Organization","@id":"https:\/\/www.andamur.com\/#organization","name":"Andamur","url":"https:\/\/www.andamur.com\/","logo":{"@type":"ImageObject","inLanguage":"en-US","@id":"https:\/\/www.andamur.com\/#\/schema\/logo\/image\/","url":"https:\/\/www.andamur.com\/wp-content\/uploads\/2024\/02\/andamurogpic.jpg","contentUrl":"https:\/\/www.andamur.com\/wp-content\/uploads\/2024\/02\/andamurogpic.jpg","width":1200,"height":630,"caption":"Andamur"},"image":{"@id":"https:\/\/www.andamur.com\/#\/schema\/logo\/image\/"},"sameAs":["https:\/\/www.facebook.com\/AndamurEurope\/","https:\/\/x.com\/andamur_es","https:\/\/www.instagram.com\/andamureurope\/","https:\/\/www.youtube.com\/channel\/UCWP1SBl8J8SjUCcWBo_Uu1w"]},{"@type":"Person","@id":"https:\/\/www.andamur.com\/#\/schema\/person\/131577731140377fe26cac4f07cccb72","name":"andamur","image":{"@type":"ImageObject","inLanguage":"en-US","@id":"https:\/\/www.andamur.com\/#\/schema\/person\/image\/","url":"https:\/\/secure.gravatar.com\/avatar\/133ec8c8c0f653b06a023777fdc35962d922f161df68890737f028e35189a08f?s=96&d=mm&r=g","contentUrl":"https:\/\/secure.gravatar.com\/avatar\/133ec8c8c0f653b06a023777fdc35962d922f161df68890737f028e35189a08f?s=96&d=mm&r=g","caption":"andamur"}}]}},"_links":{"self":[{"href":"https:\/\/www.andamur.com\/en\/wp-json\/wp\/v2\/posts\/69190","targetHints":{"allow":["GET"]}}],"collection":[{"href":"https:\/\/www.andamur.com\/en\/wp-json\/wp\/v2\/posts"}],"about":[{"href":"https:\/\/www.andamur.com\/en\/wp-json\/wp\/v2\/types\/post"}],"author":[{"embeddable":true,"href":"https:\/\/www.andamur.com\/en\/wp-json\/wp\/v2\/users\/1"}],"replies":[{"embeddable":true,"href":"https:\/\/www.andamur.com\/en\/wp-json\/wp\/v2\/comments?post=69190"}],"version-history":[{"count":0,"href":"https:\/\/www.andamur.com\/en\/wp-json\/wp\/v2\/posts\/69190\/revisions"}],"wp:featuredmedia":[{"embeddable":true,"href":"https:\/\/www.andamur.com\/en\/wp-json\/wp\/v2\/media\/69273"}],"wp:attachment":[{"href":"https:\/\/www.andamur.com\/en\/wp-json\/wp\/v2\/media?parent=69190"}],"wp:term":[{"taxonomy":"category","embeddable":true,"href":"https:\/\/www.andamur.com\/en\/wp-json\/wp\/v2\/categories?post=69190"},{"taxonomy":"post_tag","embeddable":true,"href":"https:\/\/www.andamur.com\/en\/wp-json\/wp\/v2\/tags?post=69190"}],"curies":[{"name":"wp","href":"https:\/\/api.w.org\/{rel}","templated":true}]}}