{"id":67057,"date":"2025-04-07T10:02:18","date_gmt":"2025-04-07T09:02:18","guid":{"rendered":"https:\/\/www.andamur.com\/?p=67057"},"modified":"2025-08-12T12:42:00","modified_gmt":"2025-08-12T11:42:00","slug":"andamur-joins-the-adventure-of-the-vw-golf-challenge","status":"publish","type":"post","link":"https:\/\/www.andamur.com\/en\/news\/andamur-joins-the-adventure-of-the-vw-golf-challenge\/","title":{"rendered":"Andamur joins the adventure of the VW Golf Challenge"},"content":{"rendered":"<p><b>&lt;&lt;Several members of the Andamur team will take part in the tenth edition of this unique solidarity adventure in Morocco&gt;&gt;. <\/b><\/p>\n<p>The VW Golf Challenge is a unique experience that takes in some of the most spectacular landscapes in Morocco. This event, which brings together Volkswagen Golfs from the first five generations, not only tests the participants&#8217; skills on demanding terrain, but also encourages companionship and solidarity along the route.<\/p>\n<p>This year, Andamur is actively participating in the competition with its own team, which will have two vehicles in this popular event, scheduled from 5 to 12 April. The route will take participants through high mountains, dirt and sand roads, as well as through the impressive dunes of the Sahara Desert, offering both a technical and physical challenge for the drivers.<\/p>\n<p>Andamur&#8217;s representatives in this adventure will be Miguel \u00c1ngel L\u00f3pez, Managing Director and CEO; Miguel \u00c1ngel Qui\u00f1onero, Operations and Retail Director; Mario C\u00e1rceles, IT Systems Technician; and Jos\u00e9 Javier Fern\u00e1ndez, friend of Andamur, who will take on this challenge with enthusiasm and competitive spirit.<\/p>\n<p>Beyond the sporting and adventure aspect, the VW Golf Challenge also has an important charitable component. During the course, participants will deliver school supplies, clothes, shoes and toys to children in local communities, thus contributing to improving their quality of life and leaving a positive footprint in the region.<\/p>\n<p>With this initiative, Andamur reaffirms its commitment to sport, adventure and social responsibility, demonstrating that competition and solidarity can go hand in hand in an unforgettable experience.<\/p>\n<p><img decoding=\"async\" loading=\"lazy\" src=\"https:\/\/www.andamur.com\/wp-content\/uploads\/2025\/04\/golf-challenge-andamur-2-824x1030.jpg\" alt=\"Golf challenge andamur 2\" width=\"824\" height=\"1030\" class=\"aligncenter size-large wp-image-67058\" srcset=\"https:\/\/www.andamur.com\/wp-content\/uploads\/2025\/04\/golf-challenge-andamur-2-824x1030.jpg 824w, https:\/\/www.andamur.com\/wp-content\/uploads\/2025\/04\/golf-challenge-andamur-2-280x350.jpg 280w, https:\/\/www.andamur.com\/wp-content\/uploads\/2025\/04\/golf-challenge-andamur-2-768x960.jpg 768w, https:\/\/www.andamur.com\/wp-content\/uploads\/2025\/04\/golf-challenge-andamur-2.jpg 960w\" sizes=\"auto, (max-width: 824px) 100vw, 824px\" \/><\/p>\n","protected":false},"excerpt":{"rendered":"<p>&lt;&lt;Several members of the Andamur team will take part in the tenth edition of this unique solidarity adventure in Morocco&gt;&gt;. The VW Golf Challenge is a unique experience that takes in some of the most spectacular landscapes in Morocco. This event, which brings together Volkswagen Golfs from the first five generations, not only tests the [&hellip;]<\/p>\n","protected":false},"author":1,"featured_media":67051,"comment_status":"closed","ping_status":"open","sticky":false,"template":"","format":"standard","meta":{"_acf_changed":false,"footnotes":""},"categories":[47],"tags":[],"class_list":["post-67057","post","type-post","status-publish","format-standard","has-post-thumbnail","hentry","category-news"],"acf":[],"yoast_head":"<!-- This site is optimized with the Yoast SEO plugin v25.4 - https:\/\/yoast.com\/wordpress\/plugins\/seo\/ -->\n<title>Andamur joins the adventure of the VW Golf Challenge - Andamur<\/title>\n<meta name=\"robots\" content=\"index, follow, max-snippet:-1, max-image-preview:large, max-video-preview:-1\" \/>\n<link rel=\"canonical\" href=\"https:\/\/www.andamur.com\/en\/news\/andamur-joins-the-adventure-of-the-vw-golf-challenge\/\" \/>\n<meta property=\"og:locale\" content=\"en_US\" \/>\n<meta property=\"og:type\" content=\"article\" \/>\n<meta property=\"og:title\" content=\"Andamur joins the adventure of the VW Golf Challenge - Andamur\" \/>\n<meta property=\"og:description\" content=\"&lt;&lt;Several members of the Andamur team will take part in the tenth edition of this unique solidarity adventure in Morocco&gt;&gt;. The VW Golf Challenge is a unique experience that takes in some of the most spectacular landscapes in Morocco. This event, which brings together Volkswagen Golfs from the first five generations, not only tests the [&hellip;]\" \/>\n<meta property=\"og:url\" content=\"https:\/\/www.andamur.com\/en\/news\/andamur-joins-the-adventure-of-the-vw-golf-challenge\/\" \/>\n<meta property=\"og:site_name\" content=\"Andamur\" \/>\n<meta property=\"article:publisher\" content=\"https:\/\/www.facebook.com\/AndamurEurope\/\" \/>\n<meta property=\"article:published_time\" content=\"2025-04-07T09:02:18+00:00\" \/>\n<meta property=\"article:modified_time\" content=\"2025-08-12T11:42:00+00:00\" \/>\n<meta property=\"og:image\" content=\"https:\/\/www.andamur.com\/wp-content\/uploads\/2025\/04\/golf-challenge-andamur.jpg\" \/>\n\t<meta property=\"og:image:width\" content=\"960\" \/>\n\t<meta property=\"og:image:height\" content=\"1200\" \/>\n\t<meta property=\"og:image:type\" content=\"image\/jpeg\" \/>\n<meta name=\"author\" content=\"andamur\" \/>\n<meta name=\"twitter:card\" content=\"summary_large_image\" \/>\n<meta name=\"twitter:creator\" content=\"@andamur_es\" \/>\n<meta name=\"twitter:site\" content=\"@andamur_es\" \/>\n<meta name=\"twitter:label1\" content=\"Written by\" \/>\n\t<meta name=\"twitter:data1\" content=\"andamur\" \/>\n\t<meta name=\"twitter:label2\" content=\"Est. reading time\" \/>\n\t<meta name=\"twitter:data2\" content=\"2 minutes\" \/>\n<script type=\"application\/ld+json\" class=\"yoast-schema-graph\">{\"@context\":\"https:\/\/schema.org\",\"@graph\":[{\"@type\":\"Article\",\"@id\":\"https:\/\/www.andamur.com\/en\/news\/andamur-joins-the-adventure-of-the-vw-golf-challenge\/#article\",\"isPartOf\":{\"@id\":\"https:\/\/www.andamur.com\/en\/news\/andamur-joins-the-adventure-of-the-vw-golf-challenge\/\"},\"author\":{\"name\":\"andamur\",\"@id\":\"https:\/\/www.andamur.com\/#\/schema\/person\/131577731140377fe26cac4f07cccb72\"},\"headline\":\"Andamur joins the adventure of the VW Golf Challenge\",\"datePublished\":\"2025-04-07T09:02:18+00:00\",\"dateModified\":\"2025-08-12T11:42:00+00:00\",\"mainEntityOfPage\":{\"@id\":\"https:\/\/www.andamur.com\/en\/news\/andamur-joins-the-adventure-of-the-vw-golf-challenge\/\"},\"wordCount\":266,\"publisher\":{\"@id\":\"https:\/\/www.andamur.com\/#organization\"},\"image\":{\"@id\":\"https:\/\/www.andamur.com\/en\/news\/andamur-joins-the-adventure-of-the-vw-golf-challenge\/#primaryimage\"},\"thumbnailUrl\":\"https:\/\/www.andamur.com\/wp-content\/uploads\/2025\/04\/golf-challenge-andamur.jpg\",\"articleSection\":[\"News\"],\"inLanguage\":\"en-US\"},{\"@type\":\"WebPage\",\"@id\":\"https:\/\/www.andamur.com\/en\/news\/andamur-joins-the-adventure-of-the-vw-golf-challenge\/\",\"url\":\"https:\/\/www.andamur.com\/en\/news\/andamur-joins-the-adventure-of-the-vw-golf-challenge\/\",\"name\":\"Andamur joins the adventure of the VW Golf Challenge - Andamur\",\"isPartOf\":{\"@id\":\"https:\/\/www.andamur.com\/#website\"},\"primaryImageOfPage\":{\"@id\":\"https:\/\/www.andamur.com\/en\/news\/andamur-joins-the-adventure-of-the-vw-golf-challenge\/#primaryimage\"},\"image\":{\"@id\":\"https:\/\/www.andamur.com\/en\/news\/andamur-joins-the-adventure-of-the-vw-golf-challenge\/#primaryimage\"},\"thumbnailUrl\":\"https:\/\/www.andamur.com\/wp-content\/uploads\/2025\/04\/golf-challenge-andamur.jpg\",\"datePublished\":\"2025-04-07T09:02:18+00:00\",\"dateModified\":\"2025-08-12T11:42:00+00:00\",\"breadcrumb\":{\"@id\":\"https:\/\/www.andamur.com\/en\/news\/andamur-joins-the-adventure-of-the-vw-golf-challenge\/#breadcrumb\"},\"inLanguage\":\"en-US\",\"potentialAction\":[{\"@type\":\"ReadAction\",\"target\":[\"https:\/\/www.andamur.com\/en\/news\/andamur-joins-the-adventure-of-the-vw-golf-challenge\/\"]}]},{\"@type\":\"ImageObject\",\"inLanguage\":\"en-US\",\"@id\":\"https:\/\/www.andamur.com\/en\/news\/andamur-joins-the-adventure-of-the-vw-golf-challenge\/#primaryimage\",\"url\":\"https:\/\/www.andamur.com\/wp-content\/uploads\/2025\/04\/golf-challenge-andamur.jpg\",\"contentUrl\":\"https:\/\/www.andamur.com\/wp-content\/uploads\/2025\/04\/golf-challenge-andamur.jpg\",\"width\":960,\"height\":1200},{\"@type\":\"BreadcrumbList\",\"@id\":\"https:\/\/www.andamur.com\/en\/news\/andamur-joins-the-adventure-of-the-vw-golf-challenge\/#breadcrumb\",\"itemListElement\":[{\"@type\":\"ListItem\",\"position\":1,\"name\":\"Portada\",\"item\":\"https:\/\/www.andamur.com\/en\/\"},{\"@type\":\"ListItem\",\"position\":2,\"name\":\"News\",\"item\":\"https:\/\/www.andamur.com\/en\/news\/\"},{\"@type\":\"ListItem\",\"position\":3,\"name\":\"Andamur joins the adventure of the VW Golf Challenge\"}]},{\"@type\":\"WebSite\",\"@id\":\"https:\/\/www.andamur.com\/#website\",\"url\":\"https:\/\/www.andamur.com\/\",\"name\":\"Andamur\",\"description\":\"Cada viaje importa\",\"publisher\":{\"@id\":\"https:\/\/www.andamur.com\/#organization\"},\"inLanguage\":\"en-US\"},{\"@type\":\"Organization\",\"@id\":\"https:\/\/www.andamur.com\/#organization\",\"name\":\"Andamur\",\"url\":\"https:\/\/www.andamur.com\/\",\"logo\":{\"@type\":\"ImageObject\",\"inLanguage\":\"en-US\",\"@id\":\"https:\/\/www.andamur.com\/#\/schema\/logo\/image\/\",\"url\":\"https:\/\/www.andamur.com\/wp-content\/uploads\/2024\/02\/andamurogpic.jpg\",\"contentUrl\":\"https:\/\/www.andamur.com\/wp-content\/uploads\/2024\/02\/andamurogpic.jpg\",\"width\":1200,\"height\":630,\"caption\":\"Andamur\"},\"image\":{\"@id\":\"https:\/\/www.andamur.com\/#\/schema\/logo\/image\/\"},\"sameAs\":[\"https:\/\/www.facebook.com\/AndamurEurope\/\",\"https:\/\/x.com\/andamur_es\",\"https:\/\/www.instagram.com\/andamureurope\/\",\"https:\/\/www.youtube.com\/channel\/UCWP1SBl8J8SjUCcWBo_Uu1w\"]},{\"@type\":\"Person\",\"@id\":\"https:\/\/www.andamur.com\/#\/schema\/person\/131577731140377fe26cac4f07cccb72\",\"name\":\"andamur\",\"image\":{\"@type\":\"ImageObject\",\"inLanguage\":\"en-US\",\"@id\":\"https:\/\/www.andamur.com\/#\/schema\/person\/image\/\",\"url\":\"https:\/\/secure.gravatar.com\/avatar\/133ec8c8c0f653b06a023777fdc35962d922f161df68890737f028e35189a08f?s=96&d=mm&r=g\",\"contentUrl\":\"https:\/\/secure.gravatar.com\/avatar\/133ec8c8c0f653b06a023777fdc35962d922f161df68890737f028e35189a08f?s=96&d=mm&r=g\",\"caption\":\"andamur\"}}]}<\/script>\n<!-- \/ Yoast SEO plugin. -->","yoast_head_json":{"title":"Andamur joins the adventure of the VW Golf Challenge - Andamur","robots":{"index":"index","follow":"follow","max-snippet":"max-snippet:-1","max-image-preview":"max-image-preview:large","max-video-preview":"max-video-preview:-1"},"canonical":"https:\/\/www.andamur.com\/en\/news\/andamur-joins-the-adventure-of-the-vw-golf-challenge\/","og_locale":"en_US","og_type":"article","og_title":"Andamur joins the adventure of the VW Golf Challenge - Andamur","og_description":"&lt;&lt;Several members of the Andamur team will take part in the tenth edition of this unique solidarity adventure in Morocco&gt;&gt;. The VW Golf Challenge is a unique experience that takes in some of the most spectacular landscapes in Morocco. This event, which brings together Volkswagen Golfs from the first five generations, not only tests the [&hellip;]","og_url":"https:\/\/www.andamur.com\/en\/news\/andamur-joins-the-adventure-of-the-vw-golf-challenge\/","og_site_name":"Andamur","article_publisher":"https:\/\/www.facebook.com\/AndamurEurope\/","article_published_time":"2025-04-07T09:02:18+00:00","article_modified_time":"2025-08-12T11:42:00+00:00","og_image":[{"width":960,"height":1200,"url":"https:\/\/www.andamur.com\/wp-content\/uploads\/2025\/04\/golf-challenge-andamur.jpg","type":"image\/jpeg"}],"author":"andamur","twitter_card":"summary_large_image","twitter_creator":"@andamur_es","twitter_site":"@andamur_es","twitter_misc":{"Written by":"andamur","Est. reading time":"2 minutes"},"schema":{"@context":"https:\/\/schema.org","@graph":[{"@type":"Article","@id":"https:\/\/www.andamur.com\/en\/news\/andamur-joins-the-adventure-of-the-vw-golf-challenge\/#article","isPartOf":{"@id":"https:\/\/www.andamur.com\/en\/news\/andamur-joins-the-adventure-of-the-vw-golf-challenge\/"},"author":{"name":"andamur","@id":"https:\/\/www.andamur.com\/#\/schema\/person\/131577731140377fe26cac4f07cccb72"},"headline":"Andamur joins the adventure of the VW Golf Challenge","datePublished":"2025-04-07T09:02:18+00:00","dateModified":"2025-08-12T11:42:00+00:00","mainEntityOfPage":{"@id":"https:\/\/www.andamur.com\/en\/news\/andamur-joins-the-adventure-of-the-vw-golf-challenge\/"},"wordCount":266,"publisher":{"@id":"https:\/\/www.andamur.com\/#organization"},"image":{"@id":"https:\/\/www.andamur.com\/en\/news\/andamur-joins-the-adventure-of-the-vw-golf-challenge\/#primaryimage"},"thumbnailUrl":"https:\/\/www.andamur.com\/wp-content\/uploads\/2025\/04\/golf-challenge-andamur.jpg","articleSection":["News"],"inLanguage":"en-US"},{"@type":"WebPage","@id":"https:\/\/www.andamur.com\/en\/news\/andamur-joins-the-adventure-of-the-vw-golf-challenge\/","url":"https:\/\/www.andamur.com\/en\/news\/andamur-joins-the-adventure-of-the-vw-golf-challenge\/","name":"Andamur joins the adventure of the VW Golf Challenge - Andamur","isPartOf":{"@id":"https:\/\/www.andamur.com\/#website"},"primaryImageOfPage":{"@id":"https:\/\/www.andamur.com\/en\/news\/andamur-joins-the-adventure-of-the-vw-golf-challenge\/#primaryimage"},"image":{"@id":"https:\/\/www.andamur.com\/en\/news\/andamur-joins-the-adventure-of-the-vw-golf-challenge\/#primaryimage"},"thumbnailUrl":"https:\/\/www.andamur.com\/wp-content\/uploads\/2025\/04\/golf-challenge-andamur.jpg","datePublished":"2025-04-07T09:02:18+00:00","dateModified":"2025-08-12T11:42:00+00:00","breadcrumb":{"@id":"https:\/\/www.andamur.com\/en\/news\/andamur-joins-the-adventure-of-the-vw-golf-challenge\/#breadcrumb"},"inLanguage":"en-US","potentialAction":[{"@type":"ReadAction","target":["https:\/\/www.andamur.com\/en\/news\/andamur-joins-the-adventure-of-the-vw-golf-challenge\/"]}]},{"@type":"ImageObject","inLanguage":"en-US","@id":"https:\/\/www.andamur.com\/en\/news\/andamur-joins-the-adventure-of-the-vw-golf-challenge\/#primaryimage","url":"https:\/\/www.andamur.com\/wp-content\/uploads\/2025\/04\/golf-challenge-andamur.jpg","contentUrl":"https:\/\/www.andamur.com\/wp-content\/uploads\/2025\/04\/golf-challenge-andamur.jpg","width":960,"height":1200},{"@type":"BreadcrumbList","@id":"https:\/\/www.andamur.com\/en\/news\/andamur-joins-the-adventure-of-the-vw-golf-challenge\/#breadcrumb","itemListElement":[{"@type":"ListItem","position":1,"name":"Portada","item":"https:\/\/www.andamur.com\/en\/"},{"@type":"ListItem","position":2,"name":"News","item":"https:\/\/www.andamur.com\/en\/news\/"},{"@type":"ListItem","position":3,"name":"Andamur joins the adventure of the VW Golf Challenge"}]},{"@type":"WebSite","@id":"https:\/\/www.andamur.com\/#website","url":"https:\/\/www.andamur.com\/","name":"Andamur","description":"Cada viaje importa","publisher":{"@id":"https:\/\/www.andamur.com\/#organization"},"inLanguage":"en-US"},{"@type":"Organization","@id":"https:\/\/www.andamur.com\/#organization","name":"Andamur","url":"https:\/\/www.andamur.com\/","logo":{"@type":"ImageObject","inLanguage":"en-US","@id":"https:\/\/www.andamur.com\/#\/schema\/logo\/image\/","url":"https:\/\/www.andamur.com\/wp-content\/uploads\/2024\/02\/andamurogpic.jpg","contentUrl":"https:\/\/www.andamur.com\/wp-content\/uploads\/2024\/02\/andamurogpic.jpg","width":1200,"height":630,"caption":"Andamur"},"image":{"@id":"https:\/\/www.andamur.com\/#\/schema\/logo\/image\/"},"sameAs":["https:\/\/www.facebook.com\/AndamurEurope\/","https:\/\/x.com\/andamur_es","https:\/\/www.instagram.com\/andamureurope\/","https:\/\/www.youtube.com\/channel\/UCWP1SBl8J8SjUCcWBo_Uu1w"]},{"@type":"Person","@id":"https:\/\/www.andamur.com\/#\/schema\/person\/131577731140377fe26cac4f07cccb72","name":"andamur","image":{"@type":"ImageObject","inLanguage":"en-US","@id":"https:\/\/www.andamur.com\/#\/schema\/person\/image\/","url":"https:\/\/secure.gravatar.com\/avatar\/133ec8c8c0f653b06a023777fdc35962d922f161df68890737f028e35189a08f?s=96&d=mm&r=g","contentUrl":"https:\/\/secure.gravatar.com\/avatar\/133ec8c8c0f653b06a023777fdc35962d922f161df68890737f028e35189a08f?s=96&d=mm&r=g","caption":"andamur"}}]}},"_links":{"self":[{"href":"https:\/\/www.andamur.com\/en\/wp-json\/wp\/v2\/posts\/67057","targetHints":{"allow":["GET"]}}],"collection":[{"href":"https:\/\/www.andamur.com\/en\/wp-json\/wp\/v2\/posts"}],"about":[{"href":"https:\/\/www.andamur.com\/en\/wp-json\/wp\/v2\/types\/post"}],"author":[{"embeddable":true,"href":"https:\/\/www.andamur.com\/en\/wp-json\/wp\/v2\/users\/1"}],"replies":[{"embeddable":true,"href":"https:\/\/www.andamur.com\/en\/wp-json\/wp\/v2\/comments?post=67057"}],"version-history":[{"count":0,"href":"https:\/\/www.andamur.com\/en\/wp-json\/wp\/v2\/posts\/67057\/revisions"}],"wp:featuredmedia":[{"embeddable":true,"href":"https:\/\/www.andamur.com\/en\/wp-json\/wp\/v2\/media\/67051"}],"wp:attachment":[{"href":"https:\/\/www.andamur.com\/en\/wp-json\/wp\/v2\/media?parent=67057"}],"wp:term":[{"taxonomy":"category","embeddable":true,"href":"https:\/\/www.andamur.com\/en\/wp-json\/wp\/v2\/categories?post=67057"},{"taxonomy":"post_tag","embeddable":true,"href":"https:\/\/www.andamur.com\/en\/wp-json\/wp\/v2\/tags?post=67057"}],"curies":[{"name":"wp","href":"https:\/\/api.w.org\/{rel}","templated":true}]}}