{"id":64378,"date":"2025-02-25T10:46:20","date_gmt":"2025-02-25T09:46:20","guid":{"rendered":"https:\/\/www.andamur.com\/noticias\/gran-acogida-del-iii-foro-internacional-mujer-y-sector-transporte-en-malaga\/"},"modified":"2025-02-25T10:49:17","modified_gmt":"2025-02-25T09:49:17","slug":"great-reception-of-the-iii-international-forum-on-women-and-the-transport-sector-in-malaga","status":"publish","type":"post","link":"https:\/\/www.andamur.com\/en\/news\/great-reception-of-the-iii-international-forum-on-women-and-the-transport-sector-in-malaga\/","title":{"rendered":"Great reception of the III International Forum on Women and the Transport Sector in Malaga"},"content":{"rendered":"<p>The <strong>3rd International Forum on Women and the Transport Sector <\/strong>has once again exceeded all expectations, consolidating itself as a benchmark event in the sector. The event, held yesterday <strong>20th February at the Malaga Automobile Museum<\/strong>, brought together leading figures from the road transport sector, <strong>raising the profile of the role of women in this industry and generating a space for enriching debate <\/strong>on the <strong>challenges and opportunities <\/strong>of the future.<\/p>\n<p>From the beginning of the session, the need to make further progress on gender equality and to recognise the contribution of women in the transport sector was highlighted.<\/p>\n<p><strong>An event with top-level protagonists<\/strong><\/p>\n<p>The day began at 10:00 with a welcome speech by our CEO, <a href=\"https:\/\/www.linkedin.com\/in\/miguel-%C3%A1ngel-l%C3%B3pez-s%C3%A1nchez-a7759789\/\" target=\"_blank\" rel=\"noopener\"><strong>Miguel \u00c1ngel L\u00f3pez<\/strong><\/a>, who highlighted the importance of events like this to continue promoting diversity and inclusion in the sector. We also had the intervention of <a href=\"https:\/\/www.linkedin.com\/in\/roser-obrer-marco-ab98802a\/\" target=\"_blank\" rel=\"noopener\"><strong>Roser Obrer<\/strong><\/a><strong>, General Director of Road and Rail Transport of the Ministry of Transport and Sustainable Mobility<\/strong>, who underlined the fundamental role of women in the evolution of transport.<\/p>\n<div class=\"ecode_shortcode_video\" data-id-video=\"1aYvnAnkydM\" data-type-video=\"youtube\"><i><svg width=\"100px\" height=\"71px\" viewBox=\"0 0 100 71\" version=\"1.1\" xmlns=\"http:\/\/www.w3.org\/2000\/svg\" xmlns:xlink=\"http:\/\/www.w3.org\/1999\/xlink\"><g stroke=\"none\" stroke-width=\"1\" fill=\"none\" fill-rule=\"evenodd\"><g transform=\"translate(-366.000000, -261.000000)\" fill=\"#C4302B\" fill-rule=\"nonzero\"><g transform=\"translate(366.000000, 261.000000)\"><path d=\"M79.2312815,0 L20.7687185,0 C9.29846139,0 0,9.29846139 0,20.7687185 L0,49.9938178 C0,61.4640749 9.29846139,70.7625363 20.7687185,70.7625363 L79.2312815,70.7625363 C90.7015386,70.7625363 100,61.4640749 100,49.9938178 L100,20.7687185 C100,9.29846139 90.7015386,0 79.2312815,0 Z M65.1855419,36.803174 L37.8406988,49.8450112 C37.112067,50.1925159 36.2704202,49.6612806 36.2704202,48.854124 L36.2704202,21.9552669 C36.2704202,21.1366136 37.1341928,20.6060291 37.864343,20.9760933 L65.2091861,34.8331132 C66.0221995,35.2450429 66.0080998,36.4109839 65.1855419,36.803174 Z\"><\/path><\/g><\/g><\/g><\/svg><\/i><picture><source media=\"(min-width:1024px)\" srcset=\"https:\/\/img.youtube.com\/vi\/1aYvnAnkydM\/maxresdefault.jpg\"><img decoding=\"async\" loading=\"lazy\" src=\"https:\/\/img.youtube.com\/vi\/1aYvnAnkydM\/hqdefault.jpg\" alt=\"Video - Great reception of the III International Forum on Women and the Transport Sector in Malaga\"><\/picture><\/div>\n<p><strong>Inspiring reflections <\/strong><\/p>\n<p>The first presentation of the day was given by <a href=\"https:\/\/www.linkedin.com\/in\/isabelsanchezserrano\/\" target=\"_blank\" rel=\"noopener\"><strong>Isabel S\u00e1nchez Serrano<\/strong><\/a><strong>, CEO of <\/strong><a href=\"https:\/\/www.disfrimur.com\/\" target=\"_blank\" rel=\"noopener\"><strong>Grupo Disfrimur<\/strong><\/a><strong>, <\/strong>who shared her experience and reflected on the challenges and opportunities that women face in the sector. In her speech, she <strong>took a journey through time, recalling the evolution of the role of women <\/strong>in the workplace and in society. She recounted the beginnings of Disfrimur as a grocery shop and how, with tenacity and effort, they have grown to become what they are today.<\/p>\n<p><img decoding=\"async\" loading=\"lazy\" src=\"https:\/\/www.andamur.com\/wp-content\/uploads\/2025\/02\/Ponencia-Isabel-Disfrimur.jpg\" alt=\"Ponencia isabel disfrimur\" width=\"951\" height=\"634\" class=\"aligncenter wp-image-64342 size-full\" srcset=\"https:\/\/www.andamur.com\/wp-content\/uploads\/2025\/02\/Ponencia-Isabel-Disfrimur.jpg 951w, https:\/\/www.andamur.com\/wp-content\/uploads\/2025\/02\/Ponencia-Isabel-Disfrimur-350x233.jpg 350w, https:\/\/www.andamur.com\/wp-content\/uploads\/2025\/02\/Ponencia-Isabel-Disfrimur-768x512.jpg 768w\" sizes=\"auto, (max-width: 951px) 100vw, 951px\" \/><\/p>\n<p>Finally, Isabel paid tribute to women truck drivers with three moving videos in which three professionals from her company were given their names and surnames, sharing their experiences and a clear message of enthusiasm and love for their profession.<\/p>\n<p>This was followed by the <strong>first round table<\/strong>, which focused on the role of women entrepreneurs in transport. Moderated by <a href=\"https:\/\/www.linkedin.com\/in\/amanda-aquino\/\" target=\"_blank\" rel=\"noopener\"><strong>Amanda Aquino<\/strong><\/a>, it was attended by prominent leaders such as <strong>Ema Leit\u00e3o <\/strong>(Strategy and Contract Management &#8211; Transportes Nogueira &#8211; Portugal), <strong>Joanna Wachowiak-Jurasz <\/strong>(Manager &#8211; Guess Polska &#8211; Poland), <a href=\"https:\/\/www.linkedin.com\/in\/marta-s%C3%A1nchez-l%C3%B3pez-lago-3364a319\/\" target=\"_blank\" rel=\"noopener\"><strong>Marta S\u00e1nchez L\u00f3pez-Lago <\/strong><\/a>(Owner &#8211; Transportes Narval &#8211; Spain) and <a href=\"https:\/\/www.linkedin.com\/in\/maria-luz-cobos-rodr%C3%ADguez\/\" target=\"_blank\" rel=\"noopener\"><strong>Mari Luz Cobos <\/strong><\/a>(General Manager &#8211; <a href=\"https:\/\/www.linkedin.com\/company\/transahersmartlogistics\/\" target=\"_blank\" rel=\"noopener\">Grupo Transaher <\/a>&#8211; Spain). In this debate, leadership strategies and the importance of promoting the presence of women in senior positions in the sector were analysed.<\/p>\n<p>Participants shared keys on how to cope with a <strong>changing market<\/strong>, highlighting the importance of <strong>negotiation<\/strong>, <strong>daily work<\/strong>, <strong>effort <\/strong>and <strong>capacity<\/strong>. They emphasised that the sector needs <strong>talent and passion<\/strong>, and that activating an active listening system is fundamental to understand the needs of the market and adapt the business.<\/p>\n<p>One of the recurring themes was <strong>security<\/strong>, both in car parks and in service areas, highlighting the problem of the <strong>insufficient network of security car parks<\/strong>. <strong>Work-life balance <\/strong>was also a major challenge, not only for women, but for all professionals in the sector. In addition, the relevance of <strong>technology <\/strong>and <strong>artificial intelligence <\/strong>in the optimisation of processes and the modernisation of transport was pointed out.<\/p>\n<p><strong>Marta Sanchez <\/strong>said: &#8220;<em>Not enough visibility is given to the technology contributions of the sector<\/em>. <strong>Joanna <\/strong>added: <em>&#8220;In relation to technology, we try to anticipate and focus on the near future to be as prepared as possible. <\/em><strong>Mari Luz <\/strong>pointed out that <em>&#8220;technology is important to improve sustainability and in turn be economically sustainable&#8221;<\/em>.<\/p>\n<p><img decoding=\"async\" loading=\"lazy\" src=\"https:\/\/www.andamur.com\/wp-content\/uploads\/2025\/02\/Empresarias.jpg\" alt=\"Empresarias\" width=\"974\" height=\"649\" class=\"aligncenter wp-image-64347 size-full\" srcset=\"https:\/\/www.andamur.com\/wp-content\/uploads\/2025\/02\/Empresarias.jpg 974w, https:\/\/www.andamur.com\/wp-content\/uploads\/2025\/02\/Empresarias-350x233.jpg 350w, https:\/\/www.andamur.com\/wp-content\/uploads\/2025\/02\/Empresarias-768x512.jpg 768w\" sizes=\"auto, (max-width: 974px) 100vw, 974px\" \/><\/p>\n<p>On how to manage stress, <strong>Marta <\/strong>defined it as a <em>&#8220;modern, fun, dynamic <\/em>sector<em>, which makes it possible to evolve and be part of changes, this is very motivating to cope with the stress it generates&#8221;<\/em>, to which <strong>Joanna <\/strong>added that indeed <em>&#8220;stress is motivating, you have to make quick decisions to have maximum control over what happens<\/em>&#8220;. <strong>Mari Luz <\/strong>added: <em>&#8220;It is important not to procrastinate and to surround yourself with a competent team that you can delegate to and trust.<\/em><\/p>\n<p>In terms of leadership, <strong>Marta <\/strong>stressed that &#8220;<em>the most important thing is to make your environment grow, that your experience helps others to grow&#8221;<\/em>. <strong>Ema <\/strong>added: <em>&#8220;It is very important to influence the new generations, to promote and make the sector visible&#8221;.<\/em><\/p>\n<p>After the round table, attendees were able to enjoy a coffee break, creating a space for networking and connection between them.<\/p>\n<p>This was followed by a special intervention by <a href=\"https:\/\/www.linkedin.com\/in\/elisa-capote-puerto-a5a91a119\/\" target=\"_blank\" rel=\"noopener\"><strong>Elisa Capote<\/strong><\/a><strong>, CEO of DAC Docencia<\/strong>, in which she stated that <em>&#8220;with training we can open new paths, where the collaboration of the administration is important for the incorporation of students into the world of work, providing facilities and eliminating the obstacles they currently face. It is important to motivate, make visible, train and inform&#8221;.<\/em><\/p>\n<p><img decoding=\"async\" loading=\"lazy\" src=\"https:\/\/www.andamur.com\/wp-content\/uploads\/2025\/02\/Elisa-Capote.jpg\" alt=\"Elisa capote\" width=\"981\" height=\"654\" class=\"aligncenter wp-image-64352 size-full\" srcset=\"https:\/\/www.andamur.com\/wp-content\/uploads\/2025\/02\/Elisa-Capote.jpg 981w, https:\/\/www.andamur.com\/wp-content\/uploads\/2025\/02\/Elisa-Capote-350x233.jpg 350w, https:\/\/www.andamur.com\/wp-content\/uploads\/2025\/02\/Elisa-Capote-768x512.jpg 768w\" sizes=\"auto, (max-width: 981px) 100vw, 981px\" \/><\/p>\n<p><strong>Truckers: first-person experiences<\/strong><\/p>\n<p>The coffee break was followed by a round table dedicated to women truck drivers. This round table, moderated by <a href=\"https:\/\/www.linkedin.com\/in\/azucenamar%C3%ADn\/\" target=\"_blank\" rel=\"noopener\"><strong>Azucena Mar\u00edn<\/strong><\/a>, featured the testimonies of <a href=\"https:\/\/www.instagram.com\/oh_nataliii\/\" target=\"_blank\" rel=\"noopener\"><strong>Natalia S\u00f3wka <\/strong><\/a>(Poland), <strong>Amal Rannane <\/strong>(Morocco), <strong>Normania Pereira <\/strong>(Portugal) and <strong>Mar Gonz\u00e1lez <\/strong>(Spain), who shared their experiences on the road, the challenges they face and the solutions to improve conditions in the sector.<\/p>\n<p>Safety was one of the main concerns. The speakers pointed out the need for adapted infrastructures, greater safety in rest areas and a better work-life balance<\/p>\n<p>The participants shared some of the tips they have learned from their driving experience. <strong>Normania<\/strong> said: <em>&#8220;It is essential to establish self-protection mechanisms&#8221;<\/em>. Natalia explained that to avoid unpleasant situations she has a generator and a shower in her truck. <strong>Mar<\/strong> emphasised that: <em>&#8220;It is necessary to make stops that allow you to feel at home, that provide you with services to be calm and to be able to cover hygiene and rest in an adequate manner<\/em>&#8220;. All of them agreed that they consider Andamur&#8217;s network of service areas and security car parks to be a pleasant, safe and reliable space for their breaks.<\/p>\n<p><img decoding=\"async\" loading=\"lazy\" src=\"https:\/\/www.andamur.com\/wp-content\/uploads\/2025\/02\/Camioneras.jpg\" alt=\"Camioneras\" width=\"970\" height=\"647\" class=\"aligncenter wp-image-64357 size-full\" srcset=\"https:\/\/www.andamur.com\/wp-content\/uploads\/2025\/02\/Camioneras.jpg 970w, https:\/\/www.andamur.com\/wp-content\/uploads\/2025\/02\/Camioneras-350x233.jpg 350w, https:\/\/www.andamur.com\/wp-content\/uploads\/2025\/02\/Camioneras-768x512.jpg 768w\" sizes=\"auto, (max-width: 970px) 100vw, 970px\" \/><\/p>\n<p>The truck, for many of them, is a way of life. &#8220;It is a way of life that allows you to develop and think about many things, it gives you the possibility to see the horizon and decide where you want to go&#8221;, commented <strong>Normania. Amal<\/strong> added the &#8220;ability to be independent, to be able to decide&#8221;. <strong>Natalia<\/strong> pointed out that &#8220;the truck offers you nice moments, after your work you can enjoy a stop at different points on the map, admire landscapes and get to know different places&#8221;. A common point among all of them was that, despite the difficulties, their passion for their profession is the driving force that keeps them going.<\/p>\n<p><strong>WOW Awards: recognition of talent and commitment<\/strong><\/p>\n<p>One of the most awaited moments of the day was the presentation of the <strong>WOW Awards<\/strong>, created by Andamur to recognise the effort, dedication and trajectory of women and entities that are contributing to change in the transport sector. The presentation was led by <strong>\u00c1ngeles Ruiz<\/strong>, Director of Marketing &amp; Costumer Service, who highlighted the importance of these awards to give visibility to female talent in the sector and reward the effort to be a driving force for change.<\/p>\n<p>In this edition, a jury composed of industry experts, both internal Andamur staff and external, have assessed with rigor and objectivity the multitude of nominations submitted. In the end, three professionals were selected to receive this recognition, which seeks to highlight their talent and contribution to the industry.<\/p>\n<p><img decoding=\"async\" loading=\"lazy\" src=\"https:\/\/www.andamur.com\/wp-content\/uploads\/2025\/02\/Premios-WOW-Andamur-108.jpg\" alt=\"Premios wow andamur 108\" width=\"925\" height=\"616\" class=\"aligncenter wp-image-64362 size-full\" srcset=\"https:\/\/www.andamur.com\/wp-content\/uploads\/2025\/02\/Premios-WOW-Andamur-108.jpg 925w, https:\/\/www.andamur.com\/wp-content\/uploads\/2025\/02\/Premios-WOW-Andamur-108-350x233.jpg 350w, https:\/\/www.andamur.com\/wp-content\/uploads\/2025\/02\/Premios-WOW-Andamur-108-768x511.jpg 768w\" sizes=\"auto, (max-width: 925px) 100vw, 925px\" \/><\/p>\n<p>These awards are divided into several categories:<\/p>\n<ul>\n<li><strong>Life on Wheels Award<\/strong>, given to <strong>Mar\u00eda Dolores Rodr\u00edguez<\/strong>, in recognition of her courage and determination to become an independent truck driver after years of effort and dedication. The award was presented by <a href=\"https:\/\/www.linkedin.com\/in\/michela-avataneo-5b441a32\/\" target=\"_blank\" rel=\"noopener\"><strong>Michela Avataneo<\/strong><\/a>, Head of Business Development at Andamur, and <a href=\"https:\/\/www.linkedin.com\/in\/natalia-blanco-diaz-b93681138\/\" target=\"_blank\" rel=\"noopener\"><strong>Natalia Blanco<\/strong><\/a>, Manager of Apetamcor.<\/li>\n<li><strong>Innovative Management Award<\/strong>, granted to <strong>Yolanda \u00c1guila<\/strong>, for her contribution to the digitalisation, training and modernisation of the sector, as well as her role in the creation of the first <strong>Road Freight Transport Association in Almer\u00eda<\/strong>. The award was presented by <a href=\"https:\/\/www.linkedin.com\/in\/almudenagarciaescudero\/\" target=\"_blank\" rel=\"noopener\"><strong>Almudena Garc\u00eda Escudero<\/strong><\/a>, Head of Innovation at Andamur, and <a href=\"https:\/\/www.linkedin.com\/in\/mercedescliment\/\" target=\"_blank\" rel=\"noopener\"><strong>Mercedes Climent<\/strong><\/a>, Purchasing Manager at CCT Safor.<\/li>\n<li><strong>Business Career Award<\/strong>, given to <strong>Marta S\u00e1nchez<\/strong>, for her leadership in the management and growth of her family business, consolidating it as a benchmark in the sector with an extensive distribution network in Spain and Portugal. The award was presented by <a href=\"https:\/\/www.linkedin.com\/in\/adela-romera-69275a150\/\" target=\"_blank\" rel=\"noopener\"><strong>Adela Romera<\/strong><\/a>, Sales Coordinator at Andamur, and <a href=\"https:\/\/www.linkedin.com\/in\/lorenaballester\/\" target=\"_blank\" rel=\"noopener\"><strong>Lorena Ballester<\/strong><\/a>, CEO at Grupo Chema Ballester.<\/li>\n<li><strong>Honorary Award<\/strong>, presented by Miguel \u00c1ngel L\u00f3pez, CEO of Andamur, in recognition of an exceptional contribution to the sector. This award was received by <strong>Mar\u00eda Dolores S\u00e1nchez<\/strong>, Founder of Andamur, in an emotional closing ceremony.<\/li>\n<\/ul>\n<p>With this initiative, Andamur reaffirms its commitment to equal opportunities and continues to promote the recognition of women in transport, making their essential contribution visible and promoting a more equitable future for all.<\/p>\n<p><img decoding=\"async\" loading=\"lazy\" src=\"https:\/\/www.andamur.com\/wp-content\/uploads\/2025\/02\/Publico.jpg\" alt=\"Publico\" width=\"873\" height=\"582\" class=\"aligncenter wp-image-64367 size-full\" srcset=\"https:\/\/www.andamur.com\/wp-content\/uploads\/2025\/02\/Publico.jpg 873w, https:\/\/www.andamur.com\/wp-content\/uploads\/2025\/02\/Publico-350x233.jpg 350w, https:\/\/www.andamur.com\/wp-content\/uploads\/2025\/02\/Publico-768x512.jpg 768w\" sizes=\"auto, (max-width: 873px) 100vw, 873px\" \/><\/p>\n<p><strong>A step towards a more inclusive future<\/strong><\/p>\n<p>The III International Forum Women and Transport Sector has been an <strong>inspiring meeting <\/strong>that encourages us to continue working for a more egalitarian and diverse sector. From Andamur<strong>, we reaffirm our commitment to gender equality<\/strong>, convinced that collaboration and diversity are key to the growth of the transport sector.<\/p>\n<p>If you want to see the whole event, you can watch the video<a href=\"https:\/\/www.youtube.com\/live\/xWHnJXYmrCk\" target=\"_blank\" rel=\"noopener\"> here.<\/a><\/p>\n","protected":false},"excerpt":{"rendered":"<p>The 3rd International Forum on Women and the Transport Sector has once again exceeded all expectations, consolidating itself as a benchmark event in the sector. The event, held yesterday 20th February at the Malaga Automobile Museum, brought together leading figures from the road transport sector, raising the profile of the role of women in this [&hellip;]<\/p>\n","protected":false},"author":1,"featured_media":64373,"comment_status":"closed","ping_status":"open","sticky":false,"template":"","format":"standard","meta":{"_acf_changed":false,"footnotes":""},"categories":[47],"tags":[],"class_list":["post-64378","post","type-post","status-publish","format-standard","has-post-thumbnail","hentry","category-news"],"acf":[],"yoast_head":"<!-- This site is optimized with the Yoast SEO plugin v25.4 - https:\/\/yoast.com\/wordpress\/plugins\/seo\/ -->\n<title>Great reception of the III International Forum on Women and the Transport Sector in Malaga - Andamur<\/title>\n<meta name=\"robots\" content=\"index, follow, max-snippet:-1, max-image-preview:large, max-video-preview:-1\" \/>\n<link rel=\"canonical\" href=\"https:\/\/www.andamur.com\/en\/news\/great-reception-of-the-iii-international-forum-on-women-and-the-transport-sector-in-malaga\/\" \/>\n<meta property=\"og:locale\" content=\"en_US\" \/>\n<meta property=\"og:type\" content=\"article\" \/>\n<meta property=\"og:title\" content=\"Great reception of the III International Forum on Women and the Transport Sector in Malaga - Andamur\" \/>\n<meta property=\"og:description\" content=\"The 3rd International Forum on Women and the Transport Sector has once again exceeded all expectations, consolidating itself as a benchmark event in the sector. The event, held yesterday 20th February at the Malaga Automobile Museum, brought together leading figures from the road transport sector, raising the profile of the role of women in this [&hellip;]\" \/>\n<meta property=\"og:url\" content=\"https:\/\/www.andamur.com\/en\/news\/great-reception-of-the-iii-international-forum-on-women-and-the-transport-sector-in-malaga\/\" \/>\n<meta property=\"og:site_name\" content=\"Andamur\" \/>\n<meta property=\"article:publisher\" content=\"https:\/\/www.facebook.com\/AndamurEurope\/\" \/>\n<meta property=\"article:published_time\" content=\"2025-02-25T09:46:20+00:00\" \/>\n<meta property=\"article:modified_time\" content=\"2025-02-25T09:49:17+00:00\" \/>\n<meta property=\"og:image\" content=\"https:\/\/www.andamur.com\/wp-content\/uploads\/2025\/02\/Principal-Portada.jpg\" \/>\n\t<meta property=\"og:image:width\" content=\"981\" \/>\n\t<meta property=\"og:image:height\" content=\"654\" \/>\n\t<meta property=\"og:image:type\" content=\"image\/jpeg\" \/>\n<meta name=\"author\" content=\"andamur\" \/>\n<meta name=\"twitter:card\" content=\"summary_large_image\" \/>\n<meta name=\"twitter:creator\" content=\"@andamur_es\" \/>\n<meta name=\"twitter:site\" content=\"@andamur_es\" \/>\n<meta name=\"twitter:label1\" content=\"Written by\" \/>\n\t<meta name=\"twitter:data1\" content=\"andamur\" \/>\n\t<meta name=\"twitter:label2\" content=\"Est. reading time\" \/>\n\t<meta name=\"twitter:data2\" content=\"9 minutes\" \/>\n<script type=\"application\/ld+json\" class=\"yoast-schema-graph\">{\"@context\":\"https:\/\/schema.org\",\"@graph\":[{\"@type\":\"Article\",\"@id\":\"https:\/\/www.andamur.com\/en\/news\/great-reception-of-the-iii-international-forum-on-women-and-the-transport-sector-in-malaga\/#article\",\"isPartOf\":{\"@id\":\"https:\/\/www.andamur.com\/en\/news\/great-reception-of-the-iii-international-forum-on-women-and-the-transport-sector-in-malaga\/\"},\"author\":{\"name\":\"andamur\",\"@id\":\"https:\/\/www.andamur.com\/#\/schema\/person\/131577731140377fe26cac4f07cccb72\"},\"headline\":\"Great reception of the III International Forum on Women and the Transport Sector in Malaga\",\"datePublished\":\"2025-02-25T09:46:20+00:00\",\"dateModified\":\"2025-02-25T09:49:17+00:00\",\"mainEntityOfPage\":{\"@id\":\"https:\/\/www.andamur.com\/en\/news\/great-reception-of-the-iii-international-forum-on-women-and-the-transport-sector-in-malaga\/\"},\"wordCount\":1540,\"publisher\":{\"@id\":\"https:\/\/www.andamur.com\/#organization\"},\"image\":{\"@id\":\"https:\/\/www.andamur.com\/en\/news\/great-reception-of-the-iii-international-forum-on-women-and-the-transport-sector-in-malaga\/#primaryimage\"},\"thumbnailUrl\":\"https:\/\/www.andamur.com\/wp-content\/uploads\/2025\/02\/Principal-Portada.jpg\",\"articleSection\":[\"News\"],\"inLanguage\":\"en-US\"},{\"@type\":\"WebPage\",\"@id\":\"https:\/\/www.andamur.com\/en\/news\/great-reception-of-the-iii-international-forum-on-women-and-the-transport-sector-in-malaga\/\",\"url\":\"https:\/\/www.andamur.com\/en\/news\/great-reception-of-the-iii-international-forum-on-women-and-the-transport-sector-in-malaga\/\",\"name\":\"Great reception of the III International Forum on Women and the Transport Sector in Malaga - Andamur\",\"isPartOf\":{\"@id\":\"https:\/\/www.andamur.com\/#website\"},\"primaryImageOfPage\":{\"@id\":\"https:\/\/www.andamur.com\/en\/news\/great-reception-of-the-iii-international-forum-on-women-and-the-transport-sector-in-malaga\/#primaryimage\"},\"image\":{\"@id\":\"https:\/\/www.andamur.com\/en\/news\/great-reception-of-the-iii-international-forum-on-women-and-the-transport-sector-in-malaga\/#primaryimage\"},\"thumbnailUrl\":\"https:\/\/www.andamur.com\/wp-content\/uploads\/2025\/02\/Principal-Portada.jpg\",\"datePublished\":\"2025-02-25T09:46:20+00:00\",\"dateModified\":\"2025-02-25T09:49:17+00:00\",\"breadcrumb\":{\"@id\":\"https:\/\/www.andamur.com\/en\/news\/great-reception-of-the-iii-international-forum-on-women-and-the-transport-sector-in-malaga\/#breadcrumb\"},\"inLanguage\":\"en-US\",\"potentialAction\":[{\"@type\":\"ReadAction\",\"target\":[\"https:\/\/www.andamur.com\/en\/news\/great-reception-of-the-iii-international-forum-on-women-and-the-transport-sector-in-malaga\/\"]}]},{\"@type\":\"ImageObject\",\"inLanguage\":\"en-US\",\"@id\":\"https:\/\/www.andamur.com\/en\/news\/great-reception-of-the-iii-international-forum-on-women-and-the-transport-sector-in-malaga\/#primaryimage\",\"url\":\"https:\/\/www.andamur.com\/wp-content\/uploads\/2025\/02\/Principal-Portada.jpg\",\"contentUrl\":\"https:\/\/www.andamur.com\/wp-content\/uploads\/2025\/02\/Principal-Portada.jpg\",\"width\":981,\"height\":654},{\"@type\":\"BreadcrumbList\",\"@id\":\"https:\/\/www.andamur.com\/en\/news\/great-reception-of-the-iii-international-forum-on-women-and-the-transport-sector-in-malaga\/#breadcrumb\",\"itemListElement\":[{\"@type\":\"ListItem\",\"position\":1,\"name\":\"Portada\",\"item\":\"https:\/\/www.andamur.com\/en\/\"},{\"@type\":\"ListItem\",\"position\":2,\"name\":\"Noticias\",\"item\":\"https:\/\/www.andamur.com\/noticias\/\"},{\"@type\":\"ListItem\",\"position\":3,\"name\":\"Great reception of the III International Forum on Women and the Transport Sector in Malaga\"}]},{\"@type\":\"WebSite\",\"@id\":\"https:\/\/www.andamur.com\/#website\",\"url\":\"https:\/\/www.andamur.com\/\",\"name\":\"Andamur\",\"description\":\"Cada viaje importa\",\"publisher\":{\"@id\":\"https:\/\/www.andamur.com\/#organization\"},\"inLanguage\":\"en-US\"},{\"@type\":\"Organization\",\"@id\":\"https:\/\/www.andamur.com\/#organization\",\"name\":\"Andamur\",\"url\":\"https:\/\/www.andamur.com\/\",\"logo\":{\"@type\":\"ImageObject\",\"inLanguage\":\"en-US\",\"@id\":\"https:\/\/www.andamur.com\/#\/schema\/logo\/image\/\",\"url\":\"https:\/\/www.andamur.com\/wp-content\/uploads\/2024\/02\/andamurogpic.jpg\",\"contentUrl\":\"https:\/\/www.andamur.com\/wp-content\/uploads\/2024\/02\/andamurogpic.jpg\",\"width\":1200,\"height\":630,\"caption\":\"Andamur\"},\"image\":{\"@id\":\"https:\/\/www.andamur.com\/#\/schema\/logo\/image\/\"},\"sameAs\":[\"https:\/\/www.facebook.com\/AndamurEurope\/\",\"https:\/\/x.com\/andamur_es\",\"https:\/\/www.instagram.com\/andamureurope\/\",\"https:\/\/www.youtube.com\/channel\/UCWP1SBl8J8SjUCcWBo_Uu1w\"]},{\"@type\":\"Person\",\"@id\":\"https:\/\/www.andamur.com\/#\/schema\/person\/131577731140377fe26cac4f07cccb72\",\"name\":\"andamur\",\"image\":{\"@type\":\"ImageObject\",\"inLanguage\":\"en-US\",\"@id\":\"https:\/\/www.andamur.com\/#\/schema\/person\/image\/\",\"url\":\"https:\/\/secure.gravatar.com\/avatar\/133ec8c8c0f653b06a023777fdc35962d922f161df68890737f028e35189a08f?s=96&d=mm&r=g\",\"contentUrl\":\"https:\/\/secure.gravatar.com\/avatar\/133ec8c8c0f653b06a023777fdc35962d922f161df68890737f028e35189a08f?s=96&d=mm&r=g\",\"caption\":\"andamur\"}}]}<\/script>\n<!-- \/ Yoast SEO plugin. -->","yoast_head_json":{"title":"Great reception of the III International Forum on Women and the Transport Sector in Malaga - Andamur","robots":{"index":"index","follow":"follow","max-snippet":"max-snippet:-1","max-image-preview":"max-image-preview:large","max-video-preview":"max-video-preview:-1"},"canonical":"https:\/\/www.andamur.com\/en\/news\/great-reception-of-the-iii-international-forum-on-women-and-the-transport-sector-in-malaga\/","og_locale":"en_US","og_type":"article","og_title":"Great reception of the III International Forum on Women and the Transport Sector in Malaga - Andamur","og_description":"The 3rd International Forum on Women and the Transport Sector has once again exceeded all expectations, consolidating itself as a benchmark event in the sector. The event, held yesterday 20th February at the Malaga Automobile Museum, brought together leading figures from the road transport sector, raising the profile of the role of women in this [&hellip;]","og_url":"https:\/\/www.andamur.com\/en\/news\/great-reception-of-the-iii-international-forum-on-women-and-the-transport-sector-in-malaga\/","og_site_name":"Andamur","article_publisher":"https:\/\/www.facebook.com\/AndamurEurope\/","article_published_time":"2025-02-25T09:46:20+00:00","article_modified_time":"2025-02-25T09:49:17+00:00","og_image":[{"width":981,"height":654,"url":"https:\/\/www.andamur.com\/wp-content\/uploads\/2025\/02\/Principal-Portada.jpg","type":"image\/jpeg"}],"author":"andamur","twitter_card":"summary_large_image","twitter_creator":"@andamur_es","twitter_site":"@andamur_es","twitter_misc":{"Written by":"andamur","Est. reading time":"9 minutes"},"schema":{"@context":"https:\/\/schema.org","@graph":[{"@type":"Article","@id":"https:\/\/www.andamur.com\/en\/news\/great-reception-of-the-iii-international-forum-on-women-and-the-transport-sector-in-malaga\/#article","isPartOf":{"@id":"https:\/\/www.andamur.com\/en\/news\/great-reception-of-the-iii-international-forum-on-women-and-the-transport-sector-in-malaga\/"},"author":{"name":"andamur","@id":"https:\/\/www.andamur.com\/#\/schema\/person\/131577731140377fe26cac4f07cccb72"},"headline":"Great reception of the III International Forum on Women and the Transport Sector in Malaga","datePublished":"2025-02-25T09:46:20+00:00","dateModified":"2025-02-25T09:49:17+00:00","mainEntityOfPage":{"@id":"https:\/\/www.andamur.com\/en\/news\/great-reception-of-the-iii-international-forum-on-women-and-the-transport-sector-in-malaga\/"},"wordCount":1540,"publisher":{"@id":"https:\/\/www.andamur.com\/#organization"},"image":{"@id":"https:\/\/www.andamur.com\/en\/news\/great-reception-of-the-iii-international-forum-on-women-and-the-transport-sector-in-malaga\/#primaryimage"},"thumbnailUrl":"https:\/\/www.andamur.com\/wp-content\/uploads\/2025\/02\/Principal-Portada.jpg","articleSection":["News"],"inLanguage":"en-US"},{"@type":"WebPage","@id":"https:\/\/www.andamur.com\/en\/news\/great-reception-of-the-iii-international-forum-on-women-and-the-transport-sector-in-malaga\/","url":"https:\/\/www.andamur.com\/en\/news\/great-reception-of-the-iii-international-forum-on-women-and-the-transport-sector-in-malaga\/","name":"Great reception of the III International Forum on Women and the Transport Sector in Malaga - Andamur","isPartOf":{"@id":"https:\/\/www.andamur.com\/#website"},"primaryImageOfPage":{"@id":"https:\/\/www.andamur.com\/en\/news\/great-reception-of-the-iii-international-forum-on-women-and-the-transport-sector-in-malaga\/#primaryimage"},"image":{"@id":"https:\/\/www.andamur.com\/en\/news\/great-reception-of-the-iii-international-forum-on-women-and-the-transport-sector-in-malaga\/#primaryimage"},"thumbnailUrl":"https:\/\/www.andamur.com\/wp-content\/uploads\/2025\/02\/Principal-Portada.jpg","datePublished":"2025-02-25T09:46:20+00:00","dateModified":"2025-02-25T09:49:17+00:00","breadcrumb":{"@id":"https:\/\/www.andamur.com\/en\/news\/great-reception-of-the-iii-international-forum-on-women-and-the-transport-sector-in-malaga\/#breadcrumb"},"inLanguage":"en-US","potentialAction":[{"@type":"ReadAction","target":["https:\/\/www.andamur.com\/en\/news\/great-reception-of-the-iii-international-forum-on-women-and-the-transport-sector-in-malaga\/"]}]},{"@type":"ImageObject","inLanguage":"en-US","@id":"https:\/\/www.andamur.com\/en\/news\/great-reception-of-the-iii-international-forum-on-women-and-the-transport-sector-in-malaga\/#primaryimage","url":"https:\/\/www.andamur.com\/wp-content\/uploads\/2025\/02\/Principal-Portada.jpg","contentUrl":"https:\/\/www.andamur.com\/wp-content\/uploads\/2025\/02\/Principal-Portada.jpg","width":981,"height":654},{"@type":"BreadcrumbList","@id":"https:\/\/www.andamur.com\/en\/news\/great-reception-of-the-iii-international-forum-on-women-and-the-transport-sector-in-malaga\/#breadcrumb","itemListElement":[{"@type":"ListItem","position":1,"name":"Portada","item":"https:\/\/www.andamur.com\/en\/"},{"@type":"ListItem","position":2,"name":"Noticias","item":"https:\/\/www.andamur.com\/noticias\/"},{"@type":"ListItem","position":3,"name":"Great reception of the III International Forum on Women and the Transport Sector in Malaga"}]},{"@type":"WebSite","@id":"https:\/\/www.andamur.com\/#website","url":"https:\/\/www.andamur.com\/","name":"Andamur","description":"Cada viaje importa","publisher":{"@id":"https:\/\/www.andamur.com\/#organization"},"inLanguage":"en-US"},{"@type":"Organization","@id":"https:\/\/www.andamur.com\/#organization","name":"Andamur","url":"https:\/\/www.andamur.com\/","logo":{"@type":"ImageObject","inLanguage":"en-US","@id":"https:\/\/www.andamur.com\/#\/schema\/logo\/image\/","url":"https:\/\/www.andamur.com\/wp-content\/uploads\/2024\/02\/andamurogpic.jpg","contentUrl":"https:\/\/www.andamur.com\/wp-content\/uploads\/2024\/02\/andamurogpic.jpg","width":1200,"height":630,"caption":"Andamur"},"image":{"@id":"https:\/\/www.andamur.com\/#\/schema\/logo\/image\/"},"sameAs":["https:\/\/www.facebook.com\/AndamurEurope\/","https:\/\/x.com\/andamur_es","https:\/\/www.instagram.com\/andamureurope\/","https:\/\/www.youtube.com\/channel\/UCWP1SBl8J8SjUCcWBo_Uu1w"]},{"@type":"Person","@id":"https:\/\/www.andamur.com\/#\/schema\/person\/131577731140377fe26cac4f07cccb72","name":"andamur","image":{"@type":"ImageObject","inLanguage":"en-US","@id":"https:\/\/www.andamur.com\/#\/schema\/person\/image\/","url":"https:\/\/secure.gravatar.com\/avatar\/133ec8c8c0f653b06a023777fdc35962d922f161df68890737f028e35189a08f?s=96&d=mm&r=g","contentUrl":"https:\/\/secure.gravatar.com\/avatar\/133ec8c8c0f653b06a023777fdc35962d922f161df68890737f028e35189a08f?s=96&d=mm&r=g","caption":"andamur"}}]}},"_links":{"self":[{"href":"https:\/\/www.andamur.com\/en\/wp-json\/wp\/v2\/posts\/64378","targetHints":{"allow":["GET"]}}],"collection":[{"href":"https:\/\/www.andamur.com\/en\/wp-json\/wp\/v2\/posts"}],"about":[{"href":"https:\/\/www.andamur.com\/en\/wp-json\/wp\/v2\/types\/post"}],"author":[{"embeddable":true,"href":"https:\/\/www.andamur.com\/en\/wp-json\/wp\/v2\/users\/1"}],"replies":[{"embeddable":true,"href":"https:\/\/www.andamur.com\/en\/wp-json\/wp\/v2\/comments?post=64378"}],"version-history":[{"count":0,"href":"https:\/\/www.andamur.com\/en\/wp-json\/wp\/v2\/posts\/64378\/revisions"}],"wp:featuredmedia":[{"embeddable":true,"href":"https:\/\/www.andamur.com\/en\/wp-json\/wp\/v2\/media\/64373"}],"wp:attachment":[{"href":"https:\/\/www.andamur.com\/en\/wp-json\/wp\/v2\/media?parent=64378"}],"wp:term":[{"taxonomy":"category","embeddable":true,"href":"https:\/\/www.andamur.com\/en\/wp-json\/wp\/v2\/categories?post=64378"},{"taxonomy":"post_tag","embeddable":true,"href":"https:\/\/www.andamur.com\/en\/wp-json\/wp\/v2\/tags?post=64378"}],"curies":[{"name":"wp","href":"https:\/\/api.w.org\/{rel}","templated":true}]}}